{"id":114174,"date":"2018-07-16T18:33:24","date_gmt":"2018-07-16T21:33:24","guid":{"rendered":"https:\/\/senoticias.com.br\/se\/?p=114174"},"modified":"2018-07-16T18:33:59","modified_gmt":"2018-07-16T21:33:59","slug":"detran-se-se-mobiliza-para-a-implantacao-das-placas-mercosul-no-estado","status":"publish","type":"post","link":"https:\/\/senoticias.com.br\/se\/detran-se-se-mobiliza-para-a-implantacao-das-placas-mercosul-no-estado\/","title":{"rendered":"DETRAN-SE se mobiliza para a implanta\u00e7\u00e3o das placas Mercosul no estado"},"content":{"rendered":"<p style=\"text-align: justify;\">Os departamentos de tr\u00e2nsito de todo o Brasil est\u00e3o se mobilizando para a implanta\u00e7\u00e3o das placas Mercosul. O DETRAN-SE est\u00e1 acompanhando de forma presencial as reuni\u00f5es e discuss\u00f5es com t\u00e9cnicos da \u00e1rea de planejamento e de tecnologia da informa\u00e7\u00e3o. A Resolu\u00e7\u00e3o prev\u00ea at\u00e9 o final de dezembro deste ano, que todos os estados j\u00e1 estejam com a nova placa, e o estado do Sergipe pretende atender o estabelecido pelos \u00f3rg\u00e3os federais.<\/p>\n<div id=\"attachment_114175\" style=\"width: 609px\" class=\"wp-caption alignnone\"><a href=\"https:\/\/senoticias.com.br\/se\/wp-content\/uploads\/2018\/07\/nova-placa-de-moto-mercosul-2018-e1531776626961.jpg\"><img loading=\"lazy\" decoding=\"async\" aria-describedby=\"caption-attachment-114175\" class=\"size-full wp-image-114175\" src=\"https:\/\/senoticias.com.br\/se\/wp-content\/uploads\/2018\/07\/nova-placa-de-moto-mercosul-2018-e1531776626961.jpg\" alt=\"\" width=\"599\" height=\"281\" \/><\/a><p id=\"caption-attachment-114175\" class=\"wp-caption-text\">O prazo para in\u00edcio da implanta\u00e7\u00e3o nos estados \u00e9 at\u00e9 dezembro deste ano. (Foto: Ag\u00eancia Brasil)<\/p><\/div>\n<p style=\"text-align: justify;\">O DETRAN-SE vem apoiando e fomentando a utiliza\u00e7\u00e3o de tecnologia na preven\u00e7\u00e3o e combate \u00e0s adultera\u00e7\u00f5es de ve\u00edculos, estabelecendo esse controle hoje n\u00e3o atrav\u00e9s das placas, mas com a vistoria eletr\u00f4nica e com o controle de documenta\u00e7\u00e3o. Com a implanta\u00e7\u00e3o das placas do Mercosul, outras formas de controle ser\u00e3o poss\u00edveis. As adequa\u00e7\u00f5es nas rotinas de produ\u00e7\u00e3o pretende ser o maior aliado no combate a a\u00e7\u00e3o de atravessadores e fraudadores e devem auxiliar, diretamente, no trabalho de fiscaliza\u00e7\u00e3o dos \u00f3rg\u00e3os competentes, a partir dos elementos de seguran\u00e7a que ser\u00e3o inseridos nas novas placas, em especial o c\u00f3digo QR, que permite a rastreabilidade de todos os processos produtivos da placa.<\/p>\n<p style=\"text-align: justify;\">Os departamentos de tr\u00e2nsito de todos os estados da federa\u00e7\u00e3o precisam trabalhar e focar na completa extin\u00e7\u00e3o da clonagem de placas veiculares fornecidas por empresas que abastecem as m\u00e1fias de adultera\u00e7\u00e3o de ve\u00edculos. Com as novas placas Mercosul e todas as exig\u00eancias de seguran\u00e7a dos processos, conforme estabelecido pela Resolu\u00e7\u00e3o 733, haver\u00e1 redu\u00e7\u00e3o destes crimes no estado, devido \u00e0 quantidade de novos itens de seguran\u00e7a existentes no novo modelo de placa.<\/p>\n<p style=\"text-align: justify;\">As adequa\u00e7\u00f5es sist\u00eamicas j\u00e1 est\u00e3o sendo realizadas para atender \u00e0s determina\u00e7\u00f5es do CONTRAN, e o departamento est\u00e1 estudando qual deve ser o caminho mais adequado em Sergipe para delegar este servi\u00e7o para terceiros: se por licita\u00e7\u00e3o, misto de licita\u00e7\u00e3o e credenciamento ou credenciamento completo. Esta decis\u00e3o ser\u00e1 tomada pelo Conselho Deliberativo da autarquia.<\/p>\n<p>&nbsp;<\/p>\n<p><a href=\"https:\/\/senoticias.com.br\/se\/wp-content\/uploads\/2018\/07\/Logomarca-fone-SE-4-2-1-1.jpg\"><img loading=\"lazy\" decoding=\"async\" class=\"alignnone size-full wp-image-114026\" src=\"https:\/\/senoticias.com.br\/se\/wp-content\/uploads\/2018\/07\/Logomarca-fone-SE-4-2-1-1.jpg\" alt=\"\" width=\"599\" height=\"78\" srcset=\"https:\/\/senoticias.com.br\/se\/wp-content\/uploads\/2018\/07\/Logomarca-fone-SE-4-2-1-1.jpg 599w, https:\/\/senoticias.com.br\/se\/wp-content\/uploads\/2018\/07\/Logomarca-fone-SE-4-2-1-1-300x39.jpg 300w\" sizes=\"(max-width: 599px) 100vw, 599px\" \/><\/a><\/p>\n<p>&nbsp;<\/p>\n<p><em><strong>Acompanhe tamb\u00e9m o SE Not\u00edcias no<\/strong><span class=\"apple-converted-space\"><b>\u00a0<\/b><\/span><a href=\"https:\/\/twitter.com\/Senoticias\" target=\"_blank\" rel=\"noopener\"><b>Twitter<\/b><\/a><strong>,<\/strong><span class=\"apple-converted-space\"><b>\u00a0<\/b><\/span><a href=\"https:\/\/www.facebook.com\/senoticias1\" target=\"_blank\" rel=\"noopener\"><b>Facebook<\/b><span class=\"apple-converted-space\"><b>\u00a0<\/b><\/span><\/a><strong>e no<\/strong><span class=\"apple-converted-space\"><b>\u00a0<\/b><\/span><a href=\"https:\/\/www.instagram.com\/senoticias\/\" target=\"_blank\" rel=\"noopener\"><b>Instagram<\/b><\/a><\/em><\/p>\n<p><em>Da Assessoria de Imprensa<\/em><\/p>\n","protected":false},"excerpt":{"rendered":"<p>Os departamentos de tr\u00e2nsito de todo o Brasil est\u00e3o se mobilizando para a implanta\u00e7\u00e3o das placas Mercosul. O DETRAN-SE est\u00e1 acompanhando de forma presencial as reuni\u00f5es e discuss\u00f5es com t\u00e9cnicos da \u00e1rea de planejamento e de tecnologia da informa\u00e7\u00e3o. A Resolu\u00e7\u00e3o prev\u00ea at\u00e9 o final de dezembro deste ano, que todos os estados j\u00e1 estejam [&hellip;]<\/p>\n","protected":false},"author":6552,"featured_media":114175,"comment_status":"closed","ping_status":"closed","sticky":false,"template":"","format":"standard","meta":{"footnotes":""},"categories":[15,7],"tags":[1709,10363],"class_list":{"0":"post-114174","1":"post","2":"type-post","3":"status-publish","4":"format-standard","5":"has-post-thumbnail","7":"category-destaques","8":"category-policia","9":"tag-detran-se","10":"tag-placas-do-mercosul"},"_links":{"self":[{"href":"https:\/\/senoticias.com.br\/se\/wp-json\/wp\/v2\/posts\/114174"}],"collection":[{"href":"https:\/\/senoticias.com.br\/se\/wp-json\/wp\/v2\/posts"}],"about":[{"href":"https:\/\/senoticias.com.br\/se\/wp-json\/wp\/v2\/types\/post"}],"author":[{"embeddable":true,"href":"https:\/\/senoticias.com.br\/se\/wp-json\/wp\/v2\/users\/6552"}],"replies":[{"embeddable":true,"href":"https:\/\/senoticias.com.br\/se\/wp-json\/wp\/v2\/comments?post=114174"}],"version-history":[{"count":0,"href":"https:\/\/senoticias.com.br\/se\/wp-json\/wp\/v2\/posts\/114174\/revisions"}],"wp:featuredmedia":[{"embeddable":true,"href":"https:\/\/senoticias.com.br\/se\/wp-json\/wp\/v2\/media\/114175"}],"wp:attachment":[{"href":"https:\/\/senoticias.com.br\/se\/wp-json\/wp\/v2\/media?parent=114174"}],"wp:term":[{"taxonomy":"category","embeddable":true,"href":"https:\/\/senoticias.com.br\/se\/wp-json\/wp\/v2\/categories?post=114174"},{"taxonomy":"post_tag","embeddable":true,"href":"https:\/\/senoticias.com.br\/se\/wp-json\/wp\/v2\/tags?post=114174"}],"curies":[{"name":"wp","href":"https:\/\/api.w.org\/{rel}","templated":true}]}}