{"id":114163,"date":"2018-07-16T14:36:46","date_gmt":"2018-07-16T17:36:46","guid":{"rendered":"https:\/\/senoticias.com.br\/se\/?p=114163"},"modified":"2018-07-16T14:39:22","modified_gmt":"2018-07-16T17:39:22","slug":"inscricoes-para-fies-estao-abertas-a-partir-desta-segunda-16","status":"publish","type":"post","link":"https:\/\/senoticias.com.br\/se\/inscricoes-para-fies-estao-abertas-a-partir-desta-segunda-16\/","title":{"rendered":"Mais de 3,3 milh\u00f5es de contribuintes recebem nesta segunda a restitui\u00e7\u00e3o do Imposto de renda"},"content":{"rendered":"<p style=\"text-align: justify\"><span style=\"color: #000000\">O cr\u00e9dito banc\u00e1rio para mais de 3,3 milh\u00f5es de contribuintes contemplados no segundo lote de restitui\u00e7\u00f5es do Imposto de Renda ser\u00e1 feito nesta segunda-feira (16). A consulta ao segundo lote foi aberta no \u00faltimo dia 9. O lote tamb\u00e9m contempla restitui\u00e7\u00f5es residuais dos exerc\u00edcios de 2008 a 2017.<\/span><\/p>\n<p style=\"text-align: justify\"><span style=\"color: #000000\">O valor total liberado \u00e9 R$ 5 bilh\u00f5es. Desse total, R$ 1,625 bilh\u00e3o \u00e9 destinado a contribuintes com prioridade: 3.358 idosos acima de 80 anos, 49.796 entre 60 anos e 79 anos, 7.159 com alguma defici\u00eancia f\u00edsica ou mental ou mol\u00e9stia grave e 1.120.771 contribuintes cuja maior fonte de renda seja o magist\u00e9rio.<\/span><\/p>\n<div id=\"attachment_99218\" style=\"width: 590px\" class=\"wp-caption aligncenter\"><a href=\"https:\/\/senoticias.com.br\/se\/wp-content\/uploads\/2017\/01\/Imposto-de-Renda-2017-SE-Noticias.jpg\"><img loading=\"lazy\" decoding=\"async\" aria-describedby=\"caption-attachment-99218\" class=\"wp-image-99218 size-full\" src=\"https:\/\/senoticias.com.br\/se\/wp-content\/uploads\/2017\/01\/Imposto-de-Renda-2017-SE-Noticias.jpg\" alt=\"\" width=\"580\" height=\"388\" srcset=\"https:\/\/senoticias.com.br\/se\/wp-content\/uploads\/2017\/01\/Imposto-de-Renda-2017-SE-Noticias.jpg 580w, https:\/\/senoticias.com.br\/se\/wp-content\/uploads\/2017\/01\/Imposto-de-Renda-2017-SE-Noticias-300x201.jpg 300w, https:\/\/senoticias.com.br\/se\/wp-content\/uploads\/2017\/01\/Imposto-de-Renda-2017-SE-Noticias-90x60.jpg 90w, https:\/\/senoticias.com.br\/se\/wp-content\/uploads\/2017\/01\/Imposto-de-Renda-2017-SE-Noticias-180x120.jpg 180w, https:\/\/senoticias.com.br\/se\/wp-content\/uploads\/2017\/01\/Imposto-de-Renda-2017-SE-Noticias-95x64.jpg 95w\" sizes=\"(max-width: 580px) 100vw, 580px\" \/><\/a><p id=\"caption-attachment-99218\" class=\"wp-caption-text\">(Foto: Marcelo Camargo\/Ag\u00eancia Brasil)<\/p><\/div>\n<p style=\"text-align: justify\"><span style=\"color: #000000\">Para saber se teve a declara\u00e7\u00e3o liberada, o contribuinte deve acessar a p\u00e1gina da Receita na internet, ou ligar para o Receitafone, n\u00famero 146. Na consulta \u00e0 p\u00e1gina da Receita, servi\u00e7o e-CAC, \u00e9 poss\u00edvel verificar o extrato da declara\u00e7\u00e3o e ver se h\u00e1 inconsist\u00eancias de dados identificados pelo processamento. Nessa hip\u00f3tese, o contribuinte pode fazer a autorregulariza\u00e7\u00e3o, mediante entrega de declara\u00e7\u00e3o retificadora.<\/span><\/p>\n<p style=\"text-align: justify\"><span style=\"color: #000000\">A Receita disponibiliza ainda aplicativos para tablets e smartphones para consulta \u00e0 declara\u00e7\u00e3o e \u00e0 situa\u00e7\u00e3o cadastral no CPF. Com ele, \u00e9 poss\u00edvel verificar diretamente nas bases da Receita Federal informa\u00e7\u00f5es sobre a libera\u00e7\u00e3o das restitui\u00e7\u00f5es e a situa\u00e7\u00e3o cadastral de uma inscri\u00e7\u00e3o no CPF.<\/span><\/p>\n<p style=\"text-align: justify\"><span style=\"color: #000000\">Caso o valor n\u00e3o seja creditado, o contribuinte poder\u00e1 contactar pessoalmente qualquer ag\u00eancia do Banco do Brasil ou ligar para a Central de Atendimento, por meio do telefone 4004-0001 (capitais), 0800-729-0001 (demais localidades) e 0800-729-0088 (telefone especial exclusivo para deficientes auditivos) para agendar o cr\u00e9dito em conta corrente ou poupan\u00e7a, em seu nome, em qualquer banco.<\/span><\/p>\n<p style=\"text-align: justify\"><span style=\"color: #000000\">A restitui\u00e7\u00e3o ficar\u00e1 dispon\u00edvel no banco durante um ano. Se o contribuinte n\u00e3o fizer o resgate nesse prazo, dever\u00e1 fazer requerimento por meio da internet, mediante o Formul\u00e1rio Eletr\u00f4nico &#8211; Pedido de Pagamento de Restitui\u00e7\u00e3o, ou diretamente no e-CAC, no servi\u00e7o Extrato do Processamento da DIRPF.<\/span><\/p>\n<p>&nbsp;<\/p>\n<p><a href=\"https:\/\/senoticias.com.br\/se\/wp-content\/uploads\/2018\/07\/Logomarca-fone-SE-4-2-1-1.jpg\"><img loading=\"lazy\" decoding=\"async\" class=\"aligncenter wp-image-114026 size-full\" src=\"https:\/\/senoticias.com.br\/se\/wp-content\/uploads\/2018\/07\/Logomarca-fone-SE-4-2-1-1.jpg\" alt=\"\" width=\"599\" height=\"78\" srcset=\"https:\/\/senoticias.com.br\/se\/wp-content\/uploads\/2018\/07\/Logomarca-fone-SE-4-2-1-1.jpg 599w, https:\/\/senoticias.com.br\/se\/wp-content\/uploads\/2018\/07\/Logomarca-fone-SE-4-2-1-1-300x39.jpg 300w\" sizes=\"(max-width: 599px) 100vw, 599px\" \/><\/a><\/p>\n<p>Por Ag\u00eancia Brasil<\/p>\n","protected":false},"excerpt":{"rendered":"<p>O cr\u00e9dito banc\u00e1rio para mais de 3,3 milh\u00f5es de contribuintes contemplados no segundo lote de restitui\u00e7\u00f5es do Imposto de Renda ser\u00e1 feito nesta segunda-feira (16). A consulta ao segundo lote foi aberta no \u00faltimo dia 9. O lote tamb\u00e9m contempla restitui\u00e7\u00f5es residuais dos exerc\u00edcios de 2008 a 2017. O valor total liberado \u00e9 R$ 5 [&hellip;]<\/p>\n","protected":false},"author":6553,"featured_media":0,"comment_status":"closed","ping_status":"closed","sticky":false,"template":"","format":"standard","meta":{"footnotes":""},"categories":[15,2961],"tags":[339,370,714,4191,5882],"class_list":{"0":"post-114163","1":"post","2":"type-post","3":"status-publish","4":"format-standard","6":"category-destaques","7":"category-nacional","8":"tag-aracaju","9":"tag-brasil","10":"tag-contribuintes","11":"tag-imposto","12":"tag-renda"},"_links":{"self":[{"href":"https:\/\/senoticias.com.br\/se\/wp-json\/wp\/v2\/posts\/114163"}],"collection":[{"href":"https:\/\/senoticias.com.br\/se\/wp-json\/wp\/v2\/posts"}],"about":[{"href":"https:\/\/senoticias.com.br\/se\/wp-json\/wp\/v2\/types\/post"}],"author":[{"embeddable":true,"href":"https:\/\/senoticias.com.br\/se\/wp-json\/wp\/v2\/users\/6553"}],"replies":[{"embeddable":true,"href":"https:\/\/senoticias.com.br\/se\/wp-json\/wp\/v2\/comments?post=114163"}],"version-history":[{"count":0,"href":"https:\/\/senoticias.com.br\/se\/wp-json\/wp\/v2\/posts\/114163\/revisions"}],"wp:attachment":[{"href":"https:\/\/senoticias.com.br\/se\/wp-json\/wp\/v2\/media?parent=114163"}],"wp:term":[{"taxonomy":"category","embeddable":true,"href":"https:\/\/senoticias.com.br\/se\/wp-json\/wp\/v2\/categories?post=114163"},{"taxonomy":"post_tag","embeddable":true,"href":"https:\/\/senoticias.com.br\/se\/wp-json\/wp\/v2\/tags?post=114163"}],"curies":[{"name":"wp","href":"https:\/\/api.w.org\/{rel}","templated":true}]}}