{"id":114153,"date":"2018-07-14T16:43:13","date_gmt":"2018-07-14T19:43:13","guid":{"rendered":"https:\/\/senoticias.com.br\/se\/?p=114153"},"modified":"2018-07-14T16:43:13","modified_gmt":"2018-07-14T19:43:13","slug":"prefeito-de-sao-cristovao-entrega-mercado-de-carnes-no-grande-rosa-elze","status":"publish","type":"post","link":"https:\/\/senoticias.com.br\/se\/prefeito-de-sao-cristovao-entrega-mercado-de-carnes-no-grande-rosa-elze\/","title":{"rendered":"Prefeito de S\u00e3o Crist\u00f3v\u00e3o entrega Mercado de Carnes no Grande Rosa Elze"},"content":{"rendered":"<p>&nbsp;<\/p>\n<p style=\"text-align: justify;\">No in\u00edcio da manh\u00e3 deste s\u00e1bado (14), o prefeito Marcos Santana entregou \u00e0 popula\u00e7\u00e3o o Mercado de Carnes do conjunto Eduardo Gomes ap\u00f3s ter sido totalmente reformado.<\/p>\n<p style=\"text-align: justify;\">A reforma, or\u00e7ada em R$ 300 mil, foi realizada com recursos pr\u00f3prios da prefeitura de S\u00e3o Crist\u00f3v\u00e3o. A estrutura, que foi totalmente reformada, conta com maior organiza\u00e7\u00e3o e higiene para o trabalho dos feirantes, com boxes para comercializa\u00e7\u00e3o de carnes.<\/p>\n<div id=\"attachment_114154\" style=\"width: 609px\" class=\"wp-caption alignnone\"><a href=\"https:\/\/senoticias.com.br\/se\/wp-content\/uploads\/2018\/07\/Mercado-de-Carnes-SENOTICIAS-e1531597280998.png\"><img loading=\"lazy\" decoding=\"async\" aria-describedby=\"caption-attachment-114154\" class=\"size-full wp-image-114154\" src=\"https:\/\/senoticias.com.br\/se\/wp-content\/uploads\/2018\/07\/Mercado-de-Carnes-SENOTICIAS-e1531597280998.png\" alt=\"\" width=\"599\" height=\"449\" \/><\/a><p id=\"caption-attachment-114154\" class=\"wp-caption-text\">O Mercado de Carnes n\u00e3o recebia reforma h\u00e1 mais de 20 anos (foto: ascom\/PMSC)<\/p><\/div>\n<p style=\"text-align: justify;\">Esta primeira fase da obra aconteceu na parte destinada \u00e0s carnes e incluiu revis\u00e3o hidr\u00e1ulica, el\u00e9trica, sanit\u00e1ria e do telhado, aplica\u00e7\u00e3o de novo piso, corre\u00e7\u00e3o de drenagem e recupera\u00e7\u00e3o das bancas, nas quais houve a instala\u00e7\u00e3o de pias e pontos de \u00e1gua. Houve, ainda, a estrutura\u00e7\u00e3o de um espa\u00e7o para a coloca\u00e7\u00e3o de uma c\u00e2mara frigor\u00edfera.<\/p>\n<p style=\"text-align: justify;\">Ap\u00f3s a primeira etapa, inicia-se a readequa\u00e7\u00e3o da outra parte do mercado, onde s\u00e3o comercializados verduras, legumes, frutas e cereais.<\/p>\n<p><a href=\"https:\/\/senoticias.com.br\/se\/wp-content\/uploads\/2018\/07\/Logomarca-fone-SE-4-2-1-1.jpg\"><img loading=\"lazy\" decoding=\"async\" class=\"alignnone size-full wp-image-114026\" src=\"https:\/\/senoticias.com.br\/se\/wp-content\/uploads\/2018\/07\/Logomarca-fone-SE-4-2-1-1.jpg\" alt=\"\" width=\"599\" height=\"78\" srcset=\"https:\/\/senoticias.com.br\/se\/wp-content\/uploads\/2018\/07\/Logomarca-fone-SE-4-2-1-1.jpg 599w, https:\/\/senoticias.com.br\/se\/wp-content\/uploads\/2018\/07\/Logomarca-fone-SE-4-2-1-1-300x39.jpg 300w\" sizes=\"(max-width: 599px) 100vw, 599px\" \/><\/a><\/p>\n<p>&nbsp;<\/p>\n<p><em><strong>Acompanhe tamb\u00e9m o SE Not\u00edcias no<\/strong><span class=\"apple-converted-space\"><b>\u00a0<\/b><\/span><a href=\"https:\/\/twitter.com\/Senoticias\" target=\"_blank\" rel=\"noopener\"><b>Twitter<\/b><\/a><strong>,<\/strong><span class=\"apple-converted-space\"><b>\u00a0<\/b><\/span><a href=\"https:\/\/www.facebook.com\/senoticias1\" target=\"_blank\" rel=\"noopener\"><b>Facebook<\/b><span class=\"apple-converted-space\"><b>\u00a0<\/b><\/span><\/a><strong>e no<\/strong><span class=\"apple-converted-space\"><b>\u00a0<\/b><\/span><a href=\"https:\/\/www.instagram.com\/senoticias\/\" target=\"_blank\" rel=\"noopener\"><b>Instagram<\/b><\/a><\/em><\/p>\n<p>&nbsp;<\/p>\n<p><em>Reda\u00e7\u00e3o SE Not\u00edcias<\/em><\/p>\n","protected":false},"excerpt":{"rendered":"<p>&nbsp; No in\u00edcio da manh\u00e3 deste s\u00e1bado (14), o prefeito Marcos Santana entregou \u00e0 popula\u00e7\u00e3o o Mercado de Carnes do conjunto Eduardo Gomes ap\u00f3s ter sido totalmente reformado. A reforma, or\u00e7ada em R$ 300 mil, foi realizada com recursos pr\u00f3prios da prefeitura de S\u00e3o Crist\u00f3v\u00e3o. A estrutura, que foi totalmente reformada, conta com maior organiza\u00e7\u00e3o [&hellip;]<\/p>\n","protected":false},"author":6552,"featured_media":114154,"comment_status":"closed","ping_status":"closed","sticky":false,"template":"","format":"standard","meta":{"footnotes":""},"categories":[15,38],"tags":[6157,10357,4589],"class_list":{"0":"post-114153","1":"post","2":"type-post","3":"status-publish","4":"format-standard","5":"has-post-thumbnail","7":"category-destaques","8":"category-municipios","9":"tag-eduardo-gomes","10":"tag-mercado-de-carnes","11":"tag-prefeito-marcos-santana"},"_links":{"self":[{"href":"https:\/\/senoticias.com.br\/se\/wp-json\/wp\/v2\/posts\/114153"}],"collection":[{"href":"https:\/\/senoticias.com.br\/se\/wp-json\/wp\/v2\/posts"}],"about":[{"href":"https:\/\/senoticias.com.br\/se\/wp-json\/wp\/v2\/types\/post"}],"author":[{"embeddable":true,"href":"https:\/\/senoticias.com.br\/se\/wp-json\/wp\/v2\/users\/6552"}],"replies":[{"embeddable":true,"href":"https:\/\/senoticias.com.br\/se\/wp-json\/wp\/v2\/comments?post=114153"}],"version-history":[{"count":0,"href":"https:\/\/senoticias.com.br\/se\/wp-json\/wp\/v2\/posts\/114153\/revisions"}],"wp:featuredmedia":[{"embeddable":true,"href":"https:\/\/senoticias.com.br\/se\/wp-json\/wp\/v2\/media\/114154"}],"wp:attachment":[{"href":"https:\/\/senoticias.com.br\/se\/wp-json\/wp\/v2\/media?parent=114153"}],"wp:term":[{"taxonomy":"category","embeddable":true,"href":"https:\/\/senoticias.com.br\/se\/wp-json\/wp\/v2\/categories?post=114153"},{"taxonomy":"post_tag","embeddable":true,"href":"https:\/\/senoticias.com.br\/se\/wp-json\/wp\/v2\/tags?post=114153"}],"curies":[{"name":"wp","href":"https:\/\/api.w.org\/{rel}","templated":true}]}}