{"id":114107,"date":"2018-07-11T16:41:24","date_gmt":"2018-07-11T19:41:24","guid":{"rendered":"https:\/\/senoticias.com.br\/se\/?p=114107"},"modified":"2018-07-11T18:37:18","modified_gmt":"2018-07-11T21:37:18","slug":"prefeitura-de-rosario-do-catete-divulga-processo-seletivo-para-contratacao-de-professores","status":"publish","type":"post","link":"https:\/\/senoticias.com.br\/se\/prefeitura-de-rosario-do-catete-divulga-processo-seletivo-para-contratacao-de-professores\/","title":{"rendered":"Prefeitura de Ros\u00e1rio do Catete divulga processo seletivo para professores e merendeiras"},"content":{"rendered":"<p style=\"text-align: justify;\"><span style=\"color: #000000;\">A Prefeitura Municipal de Ros\u00e1rio do Catete, atrav\u00e9s da Secretaria Municipal de Educa\u00e7\u00e3o, torna p\u00fablico que no per\u00edodo de <strong>11 a 14 de julho<\/strong>, ser\u00e3o realizadas as inscri\u00e7\u00f5es do Processo Seletivo Simplificado N\u00ba001\/2018.<\/span><\/p>\n<p style=\"text-align: justify;\"><span style=\"color: #000000;\">Os candidatos dever\u00e3o comparecer das 08h \u00e0s 13h, na Secretaria Municipal de Educa\u00e7\u00e3o, situada a Rua Jo\u00e3o Batista de Moraes Ribeiro S\/N, sede do munic\u00edpio de Ros\u00e1rio do Catete.<\/span><\/p>\n<div id=\"attachment_101733\" style=\"width: 609px\" class=\"wp-caption aligncenter\"><a href=\"https:\/\/senoticias.com.br\/se\/wp-content\/uploads\/2017\/03\/processo-seletivo-senoticias-e1490185244744.jpg\"><img loading=\"lazy\" decoding=\"async\" aria-describedby=\"caption-attachment-101733\" class=\"size-full wp-image-101733\" src=\"https:\/\/senoticias.com.br\/se\/wp-content\/uploads\/2017\/03\/processo-seletivo-senoticias-e1490185244744.jpg\" alt=\"\" width=\"599\" height=\"356\" \/><\/a><p id=\"caption-attachment-101733\" class=\"wp-caption-text\">As inscri\u00e7\u00f5es ser\u00e3o gratuitas e seguem at\u00e9 o dia 16 (foto: arquivo\/SE Not\u00edcias)<\/p><\/div>\n<p style=\"text-align: justify;\"><span style=\"color: #000000;\">Ser\u00e3o admitidos profissionais de n\u00edvel superior, nas seguintes \u00e1reas: professor pedagogo, professor de educa\u00e7\u00e3o f\u00edsica (s\u00e9ries iniciais), psicopedagogo e merendeira.<\/span><\/p>\n<p style=\"text-align: justify;\"><span style=\"color: #000000;\">O Processo Seletivo ser\u00e1 composto de duas etapas, a primeira (eliminat\u00f3ria) consiste na avalia\u00e7\u00e3o de t\u00edtulos e a segunda (classificat\u00f3ria) ser\u00e1 composta de uma reda\u00e7\u00e3o, visando \u00e0 contrata\u00e7\u00e3o tempor\u00e1ria de profissionais de n\u00edvel superior, conforme disposto no edital.<\/span><\/p>\n<p style=\"text-align: justify;\"><span style=\"color: #000000;\">O edital completo pode ser conferido <a href=\"http:\/\/www.rosariodocatete.se.gov.br\/diarioOficial.\"><strong>AQUI<\/strong><\/a>.\u00a0\u00a0<\/span><\/p>\n<p style=\"text-align: justify;\"><span style=\"color: #000000;\">O candidato deve procurar a Edi\u00e7\u00e3o <strong>N\u00ba 1716<\/strong>.<\/span><\/p>\n<p>&nbsp;<\/p>\n<p><a href=\"https:\/\/senoticias.com.br\/se\/wp-content\/uploads\/2018\/07\/Logomarca-fone-SE-4-2-1-1.jpg\"><img loading=\"lazy\" decoding=\"async\" class=\"wp-image-114026 size-full aligncenter\" src=\"https:\/\/senoticias.com.br\/se\/wp-content\/uploads\/2018\/07\/Logomarca-fone-SE-4-2-1-1.jpg\" alt=\"\" width=\"599\" height=\"78\" srcset=\"https:\/\/senoticias.com.br\/se\/wp-content\/uploads\/2018\/07\/Logomarca-fone-SE-4-2-1-1.jpg 599w, https:\/\/senoticias.com.br\/se\/wp-content\/uploads\/2018\/07\/Logomarca-fone-SE-4-2-1-1-300x39.jpg 300w\" sizes=\"(max-width: 599px) 100vw, 599px\" \/><\/a><\/p>\n<p><em><strong>Acompanhe tamb\u00e9m o SE Not\u00edcias no<\/strong><span class=\"apple-converted-space\"><b>\u00a0<\/b><\/span><a href=\"https:\/\/twitter.com\/Senoticias\" target=\"_blank\" rel=\"noopener\"><b>Twitter<\/b><\/a><strong>,<\/strong><span class=\"apple-converted-space\"><b>\u00a0<\/b><\/span><a href=\"https:\/\/www.facebook.com\/senoticias1\" target=\"_blank\" rel=\"noopener\"><b>Facebook<\/b><span class=\"apple-converted-space\"><b>\u00a0<\/b><\/span><\/a><strong>e no<\/strong><span class=\"apple-converted-space\"><b>\u00a0<\/b><\/span><a href=\"https:\/\/www.instagram.com\/senoticias\/\" target=\"_blank\" rel=\"noopener\"><b>Instagram<\/b><\/a><\/em><\/p>\n<p><em>Com informa\u00e7\u00f5es da Prefeitura de Ros\u00e1rio do Catete\u00a0<\/em><\/p>\n","protected":false},"excerpt":{"rendered":"<p>A Prefeitura Municipal de Ros\u00e1rio do Catete, atrav\u00e9s da Secretaria Municipal de Educa\u00e7\u00e3o, torna p\u00fablico que no per\u00edodo de 11 a 14 de julho, ser\u00e3o realizadas as inscri\u00e7\u00f5es do Processo Seletivo Simplificado N\u00ba001\/2018. Os candidatos dever\u00e3o comparecer das 08h \u00e0s 13h, na Secretaria Municipal de Educa\u00e7\u00e3o, situada a Rua Jo\u00e3o Batista de Moraes Ribeiro S\/N, [&hellip;]<\/p>\n","protected":false},"author":6553,"featured_media":100106,"comment_status":"closed","ping_status":"closed","sticky":false,"template":"","format":"standard","meta":{"footnotes":""},"categories":[10,38],"tags":[10334,5434,5433,2700,2949,10192,223],"class_list":{"0":"post-114107","1":"post","2":"type-post","3":"status-publish","4":"format-standard","5":"has-post-thumbnail","7":"category-empregos","8":"category-municipios","9":"tag-merendeira","10":"tag-pedagogia","11":"tag-processo","12":"tag-professor","13":"tag-rosario","14":"tag-seletivo","15":"tag-sergipe"},"_links":{"self":[{"href":"https:\/\/senoticias.com.br\/se\/wp-json\/wp\/v2\/posts\/114107"}],"collection":[{"href":"https:\/\/senoticias.com.br\/se\/wp-json\/wp\/v2\/posts"}],"about":[{"href":"https:\/\/senoticias.com.br\/se\/wp-json\/wp\/v2\/types\/post"}],"author":[{"embeddable":true,"href":"https:\/\/senoticias.com.br\/se\/wp-json\/wp\/v2\/users\/6553"}],"replies":[{"embeddable":true,"href":"https:\/\/senoticias.com.br\/se\/wp-json\/wp\/v2\/comments?post=114107"}],"version-history":[{"count":0,"href":"https:\/\/senoticias.com.br\/se\/wp-json\/wp\/v2\/posts\/114107\/revisions"}],"wp:featuredmedia":[{"embeddable":true,"href":"https:\/\/senoticias.com.br\/se\/wp-json\/wp\/v2\/media\/100106"}],"wp:attachment":[{"href":"https:\/\/senoticias.com.br\/se\/wp-json\/wp\/v2\/media?parent=114107"}],"wp:term":[{"taxonomy":"category","embeddable":true,"href":"https:\/\/senoticias.com.br\/se\/wp-json\/wp\/v2\/categories?post=114107"},{"taxonomy":"post_tag","embeddable":true,"href":"https:\/\/senoticias.com.br\/se\/wp-json\/wp\/v2\/tags?post=114107"}],"curies":[{"name":"wp","href":"https:\/\/api.w.org\/{rel}","templated":true}]}}