{"id":114101,"date":"2018-07-11T16:00:42","date_gmt":"2018-07-11T19:00:42","guid":{"rendered":"https:\/\/senoticias.com.br\/se\/?p=114101"},"modified":"2018-07-11T20:23:47","modified_gmt":"2018-07-11T23:23:47","slug":"smtt-e-setransp-promovem-cadastro-itinerante-do-cartao-mais-aracaju-nos-terminais-de-integracao","status":"publish","type":"post","link":"https:\/\/senoticias.com.br\/se\/smtt-e-setransp-promovem-cadastro-itinerante-do-cartao-mais-aracaju-nos-terminais-de-integracao\/","title":{"rendered":"SMTT e Setransp promovem cadastro do cart\u00e3o Mais Aracaju nos terminais de integra\u00e7\u00e3o"},"content":{"rendered":"<p style=\"text-align: justify;\"><span style=\"color: #000000;\">Divulgar e ampliar o uso do cart\u00e3o pr\u00e9-pago de bilhetagem eletr\u00f4nica. Esse \u00e9 o objetivo de uma campanha realizada pela Prefeitura de Aracaju, por meio da Superintend\u00eancia Municipal de Transporte e Tr\u00e2nsito (SMTT), em parceria com o Sindicato das Empresas de Transporte de Passageiros do Munic\u00edpio de Aracaju (Setransp) e a empresa que gerencia a bilhetagem eletr\u00f4nica de Aracaju, Aracajucard. Para isso, uma a\u00e7\u00e3o de cadastramento itinerante est\u00e1 sendo realizada nos terminais de integra\u00e7\u00e3o da cidade e foi lan\u00e7ada a promo\u00e7\u00e3o Passagem Premiada.<\/span><\/p>\n<div id=\"attachment_114102\" style=\"width: 609px\" class=\"wp-caption aligncenter\"><a href=\"https:\/\/senoticias.com.br\/se\/wp-content\/uploads\/2018\/07\/aracajucard-e1531335557483.jpg\"><img loading=\"lazy\" decoding=\"async\" aria-describedby=\"caption-attachment-114102\" class=\"wp-image-114102 size-full\" src=\"https:\/\/senoticias.com.br\/se\/wp-content\/uploads\/2018\/07\/aracajucard-e1531335557483.jpg\" alt=\"\" width=\"599\" height=\"434\" \/><\/a><p id=\"caption-attachment-114102\" class=\"wp-caption-text\">Foto: Setransp<\/p><\/div>\n<p style=\"text-align: justify;\"><span style=\"color: #000000;\">Para melhor atender a popula\u00e7\u00e3o, o cadastramento itinerante do cart\u00e3o Mais Aracaju Pr\u00e9-pago est\u00e1 sendo realizado nos terminais de integra\u00e7\u00e3o. Nesta semana, o cadastramento est\u00e1 no Terminal Campus, localizado pr\u00f3ximo \u00e0 Universidade Federal de Sergipe (UFS), em S\u00e3o Crist\u00f3v\u00e3o. At\u00e9 a sexta-feira, 13, o cadastramento ocorre das 7 \u00e0s 17h. No s\u00e1bado, 14, o atendimento \u00e9 das 8h \u00e0s 14h.<\/span><\/p>\n<p style=\"text-align: justify;\"><span style=\"color: #000000;\">De acordo com o Setransp, o uso do cart\u00e3o Mais Aracaju Pr\u00e9-pago gera praticidade e seguran\u00e7a na hora de pagar a passagem de \u00f4nibus, pois evita a movimenta\u00e7\u00e3o de dinheiro dentro do \u00f4nibus. Al\u00e9m disso, o uso do bilhete eletr\u00f4nico \u00e9 simples, basta o passageiro encostar o cart\u00e3o no aparelho leitor, mesmo dentro da bolsa ou carteira, e a passagem j\u00e1 \u00e9 computada.<\/span><\/p>\n<p style=\"text-align: justify;\"><strong><span style=\"color: #000000;\">Promo\u00e7\u00e3o Passagem Premiada<\/span><\/strong><\/p>\n<p style=\"text-align: justify;\"><span style=\"color: #000000;\">Para estimular o uso da passagem eletr\u00f4nica, foi lan\u00e7ada este m\u00eas a promo\u00e7\u00e3o Passagem Premiada, que vai conceder dez premia\u00e7\u00f5es mensais no valor de R$ 500 em dinheiro cada. Para concorrer, basta o passageiro adquirir o m\u00ednimo de 40 passagens por m\u00eas e se cadastrar na promo\u00e7\u00e3o no site aracajucard.com.br.<\/span><\/p>\n<p>&nbsp;<\/p>\n<p><a href=\"https:\/\/senoticias.com.br\/se\/wp-content\/uploads\/2018\/07\/Logomarca-fone-SE-4-2-1-1.jpg\"><img loading=\"lazy\" decoding=\"async\" class=\"aligncenter wp-image-114026 size-full\" src=\"https:\/\/senoticias.com.br\/se\/wp-content\/uploads\/2018\/07\/Logomarca-fone-SE-4-2-1-1.jpg\" alt=\"\" width=\"599\" height=\"78\" srcset=\"https:\/\/senoticias.com.br\/se\/wp-content\/uploads\/2018\/07\/Logomarca-fone-SE-4-2-1-1.jpg 599w, https:\/\/senoticias.com.br\/se\/wp-content\/uploads\/2018\/07\/Logomarca-fone-SE-4-2-1-1-300x39.jpg 300w\" sizes=\"(max-width: 599px) 100vw, 599px\" \/><\/a><\/p>\n<p>&nbsp;<\/p>\n<p><em><strong>Acompanhe tamb\u00e9m o SE Not\u00edcias no<\/strong><span class=\"apple-converted-space\"><b>\u00a0<\/b><\/span><a href=\"https:\/\/twitter.com\/Senoticias\" target=\"_blank\" rel=\"noopener\"><b>Twitter<\/b><\/a><strong>,<\/strong><span class=\"apple-converted-space\"><b>\u00a0<\/b><\/span><a href=\"https:\/\/www.facebook.com\/senoticias1\" target=\"_blank\" rel=\"noopener\"><b>Facebook<\/b><span class=\"apple-converted-space\"><b>\u00a0<\/b><\/span><\/a><strong>e no<\/strong><span class=\"apple-converted-space\"><b>\u00a0<\/b><\/span><a href=\"https:\/\/www.instagram.com\/senoticias\/\" target=\"_blank\" rel=\"noopener\"><b>Instagram<\/b><\/a><\/em><\/p>\n<p>Por Ag\u00eancia Aracaju de Not\u00edcias<\/p>\n","protected":false},"excerpt":{"rendered":"<p>Divulgar e ampliar o uso do cart\u00e3o pr\u00e9-pago de bilhetagem eletr\u00f4nica. Esse \u00e9 o objetivo de uma campanha realizada pela Prefeitura de Aracaju, por meio da Superintend\u00eancia Municipal de Transporte e Tr\u00e2nsito (SMTT), em parceria com o Sindicato das Empresas de Transporte de Passageiros do Munic\u00edpio de Aracaju (Setransp) e a empresa que gerencia a [&hellip;]<\/p>\n","protected":false},"author":6553,"featured_media":0,"comment_status":"closed","ping_status":"closed","sticky":false,"template":"","format":"standard","meta":{"footnotes":""},"categories":[15,6],"tags":[4958,10329,2875,10330,223,3246,2979],"class_list":{"0":"post-114101","1":"post","2":"type-post","3":"status-publish","4":"format-standard","6":"category-destaques","7":"category-politica","8":"tag-cartao","9":"tag-mais-aracaju","10":"tag-onibus","11":"tag-passagens","12":"tag-sergipe","13":"tag-setransp","14":"tag-smtt"},"_links":{"self":[{"href":"https:\/\/senoticias.com.br\/se\/wp-json\/wp\/v2\/posts\/114101"}],"collection":[{"href":"https:\/\/senoticias.com.br\/se\/wp-json\/wp\/v2\/posts"}],"about":[{"href":"https:\/\/senoticias.com.br\/se\/wp-json\/wp\/v2\/types\/post"}],"author":[{"embeddable":true,"href":"https:\/\/senoticias.com.br\/se\/wp-json\/wp\/v2\/users\/6553"}],"replies":[{"embeddable":true,"href":"https:\/\/senoticias.com.br\/se\/wp-json\/wp\/v2\/comments?post=114101"}],"version-history":[{"count":0,"href":"https:\/\/senoticias.com.br\/se\/wp-json\/wp\/v2\/posts\/114101\/revisions"}],"wp:attachment":[{"href":"https:\/\/senoticias.com.br\/se\/wp-json\/wp\/v2\/media?parent=114101"}],"wp:term":[{"taxonomy":"category","embeddable":true,"href":"https:\/\/senoticias.com.br\/se\/wp-json\/wp\/v2\/categories?post=114101"},{"taxonomy":"post_tag","embeddable":true,"href":"https:\/\/senoticias.com.br\/se\/wp-json\/wp\/v2\/tags?post=114101"}],"curies":[{"name":"wp","href":"https:\/\/api.w.org\/{rel}","templated":true}]}}