{"id":114077,"date":"2018-07-10T16:30:48","date_gmt":"2018-07-10T19:30:48","guid":{"rendered":"https:\/\/senoticias.com.br\/se\/?p=114077"},"modified":"2018-07-10T16:30:48","modified_gmt":"2018-07-10T19:30:48","slug":"dami-doria-abre-segunda-temporada-do-quinta-instrumental-2018","status":"publish","type":"post","link":"https:\/\/senoticias.com.br\/se\/dami-doria-abre-segunda-temporada-do-quinta-instrumental-2018\/","title":{"rendered":"Dami D\u00f3ria abre segunda temporada do Quinta Instrumental 2018"},"content":{"rendered":"<p style=\"text-align: justify\"><span style=\"color: #000000\">Retomando as atividades de valoriza\u00e7\u00e3o cultural da m\u00fasica instrumental, a segunda temporada do projeto \u2018Quinta Instrumental\u2019 inicia neste dia 12, com a apresenta\u00e7\u00e3o do m\u00fasico e compositor da m\u00fasica aracajuana, Dami D\u00f3ria. O evento, promovido pela Funda\u00e7\u00e3o Cultural Cidade de Aracaju (Funcaju), tem a finalidade de fomentar e valorizar os artistas instrumentistas. A apresenta\u00e7\u00e3o acontece gratuitamente, a partir das 20h, no Teatro Jo\u00e3o Costa do Centro Cultural da capital.<\/span><\/p>\n<div id=\"attachment_114078\" style=\"width: 609px\" class=\"wp-caption aligncenter\"><a href=\"https:\/\/senoticias.com.br\/se\/wp-content\/uploads\/2018\/07\/foto_quinta_instrumental___domi_doria.jpeg\"><img loading=\"lazy\" decoding=\"async\" aria-describedby=\"caption-attachment-114078\" class=\"wp-image-114078 size-full\" src=\"https:\/\/senoticias.com.br\/se\/wp-content\/uploads\/2018\/07\/foto_quinta_instrumental___domi_doria-e1531251000613.jpeg\" alt=\"\" width=\"599\" height=\"599\" \/><\/a><p id=\"caption-attachment-114078\" class=\"wp-caption-text\">Arte: Funcaju<\/p><\/div>\n<p style=\"text-align: justify\"><span style=\"color: #000000\">Dami D\u00f3ria \u00e9 um m\u00fasico e compositor que desenvolve um projeto autoral e prioritariamente instrumental, enraizado na tradi\u00e7\u00e3o da m\u00fasica instrumental brasileira. Essa \u00e9 a primeira vez que ele participa no projeto, apesar de frequentar como espectador desde a cria\u00e7\u00e3o do projeto. De acordo com Dami, o evento proporciona um espa\u00e7o de visibilidade e fortalecimento da m\u00fasica instrumental para toda a comunidade cultural e art\u00edstica.<\/span><\/p>\n<p style=\"text-align: justify\"><span style=\"color: #000000\">\u201cO Quinta Instrumental \u00e9 um projeto de maior import\u00e2ncia da m\u00fasica sergipana. O instrumental \u00e9 um g\u00eanero e, infelizmente, n\u00e3o temos visibilidade do grande p\u00fablico, com algumas raras exce\u00e7\u00f5es. Apesar disso, a m\u00fasica instrumental est\u00e1 por todas as partes: no cinema, na TV, no supermercado, no videogame, no celular. Portanto, quando a Funcaju promove projetos que fortalecem esse g\u00eanero musical, todo o meio art\u00edstico se beneficia\u201d, ressaltou.<\/span><\/p>\n<p style=\"text-align: justify\"><span style=\"color: #000000\">A apresenta\u00e7\u00e3o desta quinta contar\u00e1 com Dami D\u00f3ria no viol\u00e3o, Danyel Nanume na bateria, Jo\u00e3o M\u00e1rio no Baixo, e Rafael Ramos no teclado. Em conjunto, eles formam um ritmo musical pr\u00f3prio com a capacidade de encantar os mais especialistas da m\u00fasica instrumental. \u201cEu estou preparando um repert\u00f3rio prioritariamente autoral, com m\u00fasicas do meu primeiro \u00e1lbum e m\u00fasicas novas que ainda est\u00e3o em processo de grava\u00e7\u00e3o. Mas, tamb\u00e9m, teremos m\u00fasicas do repert\u00f3rio universal, como Astor Piazzolla, Chick Corea e Gilberto Gil\u201d, detalhou Dami.<\/span><\/p>\n<p>&nbsp;<\/p>\n<p><a href=\"https:\/\/senoticias.com.br\/se\/wp-content\/uploads\/2018\/07\/Logomarca-fone-SE-4-2-1-1.jpg\"><img loading=\"lazy\" decoding=\"async\" class=\"aligncenter wp-image-114026 size-full\" src=\"https:\/\/senoticias.com.br\/se\/wp-content\/uploads\/2018\/07\/Logomarca-fone-SE-4-2-1-1.jpg\" alt=\"\" width=\"599\" height=\"78\" srcset=\"https:\/\/senoticias.com.br\/se\/wp-content\/uploads\/2018\/07\/Logomarca-fone-SE-4-2-1-1.jpg 599w, https:\/\/senoticias.com.br\/se\/wp-content\/uploads\/2018\/07\/Logomarca-fone-SE-4-2-1-1-300x39.jpg 300w\" sizes=\"(max-width: 599px) 100vw, 599px\" \/><\/a><\/p>\n<p>Por Ag\u00eancia Aracaju de Not\u00edcias<\/p>\n<p>&nbsp;<\/p>\n","protected":false},"excerpt":{"rendered":"<p>Retomando as atividades de valoriza\u00e7\u00e3o cultural da m\u00fasica instrumental, a segunda temporada do projeto \u2018Quinta Instrumental\u2019 inicia neste dia 12, com a apresenta\u00e7\u00e3o do m\u00fasico e compositor da m\u00fasica aracajuana, Dami D\u00f3ria. O evento, promovido pela Funda\u00e7\u00e3o Cultural Cidade de Aracaju (Funcaju), tem a finalidade de fomentar e valorizar os artistas instrumentistas. A apresenta\u00e7\u00e3o acontece [&hellip;]<\/p>\n","protected":false},"author":6553,"featured_media":0,"comment_status":"closed","ping_status":"closed","sticky":false,"template":"","format":"standard","meta":{"footnotes":""},"categories":[21],"tags":[339,2663,10318,5048,10317,2884,4641,223],"class_list":{"0":"post-114077","1":"post","2":"type-post","3":"status-publish","4":"format-standard","6":"category-entretenimento","7":"tag-aracaju","8":"tag-cultura","9":"tag-dami-doria","10":"tag-entretenimento","11":"tag-instrumental","12":"tag-prefeitura","13":"tag-quinta","14":"tag-sergipe"},"_links":{"self":[{"href":"https:\/\/senoticias.com.br\/se\/wp-json\/wp\/v2\/posts\/114077"}],"collection":[{"href":"https:\/\/senoticias.com.br\/se\/wp-json\/wp\/v2\/posts"}],"about":[{"href":"https:\/\/senoticias.com.br\/se\/wp-json\/wp\/v2\/types\/post"}],"author":[{"embeddable":true,"href":"https:\/\/senoticias.com.br\/se\/wp-json\/wp\/v2\/users\/6553"}],"replies":[{"embeddable":true,"href":"https:\/\/senoticias.com.br\/se\/wp-json\/wp\/v2\/comments?post=114077"}],"version-history":[{"count":0,"href":"https:\/\/senoticias.com.br\/se\/wp-json\/wp\/v2\/posts\/114077\/revisions"}],"wp:attachment":[{"href":"https:\/\/senoticias.com.br\/se\/wp-json\/wp\/v2\/media?parent=114077"}],"wp:term":[{"taxonomy":"category","embeddable":true,"href":"https:\/\/senoticias.com.br\/se\/wp-json\/wp\/v2\/categories?post=114077"},{"taxonomy":"post_tag","embeddable":true,"href":"https:\/\/senoticias.com.br\/se\/wp-json\/wp\/v2\/tags?post=114077"}],"curies":[{"name":"wp","href":"https:\/\/api.w.org\/{rel}","templated":true}]}}