{"id":114063,"date":"2018-07-09T20:16:17","date_gmt":"2018-07-09T23:16:17","guid":{"rendered":"https:\/\/senoticias.com.br\/se\/?p=114063"},"modified":"2018-07-09T20:17:22","modified_gmt":"2018-07-09T23:17:22","slug":"samu-registra-mais-de-duas-mil-ligacoes-de-trote-ou-engano-por-semana","status":"publish","type":"post","link":"https:\/\/senoticias.com.br\/se\/samu-registra-mais-de-duas-mil-ligacoes-de-trote-ou-engano-por-semana\/","title":{"rendered":"Samu registra mais de duas mil liga\u00e7\u00f5es de trote ou engano por semana"},"content":{"rendered":"<p style=\"text-align: justify;\">Entre os dias dois e oito de julho, o Servi\u00e7o de Atendimento M\u00f3vel de Urg\u00eancia (Samu) recebeu 5.757 chamadas telef\u00f4nicas. Destas, 1.263 foram feitas por engano e 666 se constitu\u00edram em trote. O alto n\u00famero de liga\u00e7\u00f5es perdidas \u00e9 um desafio que as equipes de regula\u00e7\u00e3o e da assist\u00eancia do Samu precisam superar todos os dias para garantir assist\u00eancia a quem realmente precisa.<\/p>\n<div id=\"attachment_114065\" style=\"width: 609px\" class=\"wp-caption aligncenter\"><a href=\"https:\/\/senoticias.com.br\/se\/wp-content\/uploads\/2018\/07\/atendimento-SAMU-e1531177991800.jpg\"><img loading=\"lazy\" decoding=\"async\" aria-describedby=\"caption-attachment-114065\" class=\"size-full wp-image-114065\" src=\"https:\/\/senoticias.com.br\/se\/wp-content\/uploads\/2018\/07\/atendimento-SAMU-e1531177991800.jpg\" alt=\"\" width=\"599\" height=\"442\" \/><\/a><p id=\"caption-attachment-114065\" class=\"wp-caption-text\"><br \/>O Samu recebeu 5.757 chamadas telef\u00f4nicas. Destas, 1.263 foram feitas por engano e 666 se constitu\u00edram em trote (foto: ascom\/SES)<\/p><\/div>\n<p style=\"text-align: justify;\">Das 5.757 chamadas feitas para o Samu, 738 resultaram em atendimentos realizados pelas Unidades de Suporte B\u00e1sico e 166 de Suporte Avan\u00e7ado, segundo estat\u00edstica da Sala de Dados e Informa\u00e7\u00f5es do Servi\u00e7o de Atendimento M\u00f3vel de Urg\u00eancia.<\/p>\n<p style=\"text-align: justify;\">Eles revelam, tamb\u00e9m, que as quedas continuam liderando as ocorr\u00eancias, com 62 casos. As quedas de moto somaram 33 atendimentos, seguidas da colis\u00e3o de ve\u00edculos com 29 registros. As agress\u00f5es f\u00edsicas, que tamb\u00e9m s\u00e3o casos recorrentes para o Samu, geraram 20 ocorr\u00eancias, enquanto os ferimentos por armas branca e de fogo totalizaram 14 atendimentos.<\/p>\n<p style=\"text-align: justify;\">A Superintend\u00eancia do Samu informa que os n\u00fameros registrados na semana de 2 a 8 de julho equiparam-se \u00e0s semanas anteriores, tanto em n\u00famero de liga\u00e7\u00f5es quanto nas causas que geram os atendimentos e ainda em rela\u00e7\u00e3o ao n\u00famero de trotes e liga\u00e7\u00f5es feitas por engano.<\/p>\n<p>&nbsp;<\/p>\n<p><a href=\"https:\/\/senoticias.com.br\/se\/wp-content\/uploads\/2018\/07\/Logomarca-fone-SE-4-2-1-1.jpg\"><img loading=\"lazy\" decoding=\"async\" class=\"aligncenter size-full wp-image-114026\" src=\"https:\/\/senoticias.com.br\/se\/wp-content\/uploads\/2018\/07\/Logomarca-fone-SE-4-2-1-1.jpg\" alt=\"\" width=\"599\" height=\"78\" srcset=\"https:\/\/senoticias.com.br\/se\/wp-content\/uploads\/2018\/07\/Logomarca-fone-SE-4-2-1-1.jpg 599w, https:\/\/senoticias.com.br\/se\/wp-content\/uploads\/2018\/07\/Logomarca-fone-SE-4-2-1-1-300x39.jpg 300w\" sizes=\"(max-width: 599px) 100vw, 599px\" \/><\/a><\/p>\n<p>&nbsp;<\/p>\n<p><em><strong>Acompanhe tamb\u00e9m o SE Not\u00edcias no<\/strong><span class=\"apple-converted-space\"><b>\u00a0<\/b><\/span><a href=\"https:\/\/twitter.com\/Senoticias\" target=\"_blank\" rel=\"noopener\"><b>Twitter<\/b><\/a><strong>,<\/strong><span class=\"apple-converted-space\"><b>\u00a0<\/b><\/span><a href=\"https:\/\/www.facebook.com\/senoticias1\" target=\"_blank\" rel=\"noopener\"><b>Facebook<\/b><span class=\"apple-converted-space\"><b>\u00a0<\/b><\/span><\/a><strong>e no<\/strong><span class=\"apple-converted-space\"><b>\u00a0<\/b><\/span><a href=\"https:\/\/www.instagram.com\/senoticias\/\" target=\"_blank\" rel=\"noopener\"><b>Instagram<\/b><\/a><\/em><\/p>\n<p>&nbsp;<\/p>\n<p><em>Por Ascom\/SES<\/em><\/p>\n","protected":false},"excerpt":{"rendered":"<p>Entre os dias dois e oito de julho, o Servi\u00e7o de Atendimento M\u00f3vel de Urg\u00eancia (Samu) recebeu 5.757 chamadas telef\u00f4nicas. Destas, 1.263 foram feitas por engano e 666 se constitu\u00edram em trote. O alto n\u00famero de liga\u00e7\u00f5es perdidas \u00e9 um desafio que as equipes de regula\u00e7\u00e3o e da assist\u00eancia do Samu precisam superar todos os [&hellip;]<\/p>\n","protected":false},"author":6552,"featured_media":114065,"comment_status":"closed","ping_status":"closed","sticky":false,"template":"","format":"standard","meta":{"footnotes":""},"categories":[15],"tags":[4479,10309,10310,10311],"class_list":{"0":"post-114063","1":"post","2":"type-post","3":"status-publish","4":"format-standard","5":"has-post-thumbnail","7":"category-destaques","8":"tag-samu","9":"tag-samu-sergipe","10":"tag-servico-de-atendimento-movel-de-urgencia","11":"tag-trote"},"_links":{"self":[{"href":"https:\/\/senoticias.com.br\/se\/wp-json\/wp\/v2\/posts\/114063"}],"collection":[{"href":"https:\/\/senoticias.com.br\/se\/wp-json\/wp\/v2\/posts"}],"about":[{"href":"https:\/\/senoticias.com.br\/se\/wp-json\/wp\/v2\/types\/post"}],"author":[{"embeddable":true,"href":"https:\/\/senoticias.com.br\/se\/wp-json\/wp\/v2\/users\/6552"}],"replies":[{"embeddable":true,"href":"https:\/\/senoticias.com.br\/se\/wp-json\/wp\/v2\/comments?post=114063"}],"version-history":[{"count":0,"href":"https:\/\/senoticias.com.br\/se\/wp-json\/wp\/v2\/posts\/114063\/revisions"}],"wp:featuredmedia":[{"embeddable":true,"href":"https:\/\/senoticias.com.br\/se\/wp-json\/wp\/v2\/media\/114065"}],"wp:attachment":[{"href":"https:\/\/senoticias.com.br\/se\/wp-json\/wp\/v2\/media?parent=114063"}],"wp:term":[{"taxonomy":"category","embeddable":true,"href":"https:\/\/senoticias.com.br\/se\/wp-json\/wp\/v2\/categories?post=114063"},{"taxonomy":"post_tag","embeddable":true,"href":"https:\/\/senoticias.com.br\/se\/wp-json\/wp\/v2\/tags?post=114063"}],"curies":[{"name":"wp","href":"https:\/\/api.w.org\/{rel}","templated":true}]}}