{"id":114056,"date":"2018-07-09T16:35:59","date_gmt":"2018-07-09T19:35:59","guid":{"rendered":"https:\/\/senoticias.com.br\/se\/?p=114056"},"modified":"2018-07-09T18:59:06","modified_gmt":"2018-07-09T21:59:06","slug":"fundat-esta-com-vagas-de-emprego-para-garcom-e-auxiliar-de-garcom","status":"publish","type":"post","link":"https:\/\/senoticias.com.br\/se\/fundat-esta-com-vagas-de-emprego-para-garcom-e-auxiliar-de-garcom\/","title":{"rendered":"Fundat est\u00e1 com vagas de emprego para gar\u00e7om e auxiliar de gar\u00e7om"},"content":{"rendered":"<p style=\"text-align: justify;\"><span style=\"color: #000000;\">A Funda\u00e7\u00e3o Municipal de Forma\u00e7\u00e3o para o Trabalho (Fundat), por meio da Ag\u00eancia do Trabalhador, setor respons\u00e1vel pelo encaminhamento de cidad\u00e3os ao mercado de trabalho, anuncia vagas de emprego para as fun\u00e7\u00f5es de gar\u00e7om e auxiliar de gar\u00e7om.<\/span><\/p>\n<div id=\"attachment_114057\" style=\"width: 609px\" class=\"wp-caption aligncenter\"><a href=\"https:\/\/senoticias.com.br\/se\/wp-content\/uploads\/2018\/07\/garcomjulho-e1531164884273.jpg\"><img loading=\"lazy\" decoding=\"async\" aria-describedby=\"caption-attachment-114057\" class=\"wp-image-114057 size-full\" src=\"https:\/\/senoticias.com.br\/se\/wp-content\/uploads\/2018\/07\/garcomjulho-e1531164884273.jpg\" alt=\"\" width=\"599\" height=\"617\" \/><\/a><p id=\"caption-attachment-114057\" class=\"wp-caption-text\">Arte: Fundat<\/p><\/div>\n<p style=\"text-align: justify;\"><span style=\"color: #000000;\">Para participar dos processos seletivos, \u00e9 necess\u00e1rio ter ensino m\u00e9dio completo e experi\u00eancia em restaurante.Os interessados em concorrer \u00e0s vagas devem comparecer \u00e0 sede da Fundat at\u00e9 a pr\u00f3xima quarta-feira, 11 de julho de 2018. O hor\u00e1rio de atendimento \u00e9 de segunda a sexta, das 7h30 \u00e0s 17h. Para mais informa\u00e7\u00f5es, entrar em contato atrav\u00e9s do telefone (79) 3179-1395.<\/span><\/p>\n<p>&nbsp;<\/p>\n<p><a href=\"https:\/\/senoticias.com.br\/se\/wp-content\/uploads\/2018\/07\/Logomarca-fone-SE-4-2-1-1.jpg\"><img loading=\"lazy\" decoding=\"async\" class=\"aligncenter wp-image-114026 size-full\" src=\"https:\/\/senoticias.com.br\/se\/wp-content\/uploads\/2018\/07\/Logomarca-fone-SE-4-2-1-1.jpg\" alt=\"\" width=\"599\" height=\"78\" srcset=\"https:\/\/senoticias.com.br\/se\/wp-content\/uploads\/2018\/07\/Logomarca-fone-SE-4-2-1-1.jpg 599w, https:\/\/senoticias.com.br\/se\/wp-content\/uploads\/2018\/07\/Logomarca-fone-SE-4-2-1-1-300x39.jpg 300w\" sizes=\"(max-width: 599px) 100vw, 599px\" \/><\/a><\/p>\n<p>&nbsp;<\/p>\n<p><em><strong>Acompanhe tamb\u00e9m o SE Not\u00edcias no<\/strong><span class=\"apple-converted-space\"><b>\u00a0<\/b><\/span><a href=\"https:\/\/twitter.com\/Senoticias\" target=\"_blank\" rel=\"noopener\"><b>Twitter<\/b><\/a><strong>,<\/strong><span class=\"apple-converted-space\"><b>\u00a0<\/b><\/span><a href=\"https:\/\/www.facebook.com\/senoticias1\" target=\"_blank\" rel=\"noopener\"><b>Facebook<\/b><span class=\"apple-converted-space\"><b>\u00a0<\/b><\/span><\/a><strong>e no<\/strong><span class=\"apple-converted-space\"><b>\u00a0<\/b><\/span><a href=\"https:\/\/www.instagram.com\/senoticias\/\" target=\"_blank\" rel=\"noopener\"><b>Instagram<\/b><\/a><\/em><\/p>\n<p>Por Ag\u00eancia Aracaju de Not\u00edcias<\/p>\n<p>&nbsp;<\/p>\n","protected":false},"excerpt":{"rendered":"<p>A Funda\u00e7\u00e3o Municipal de Forma\u00e7\u00e3o para o Trabalho (Fundat), por meio da Ag\u00eancia do Trabalhador, setor respons\u00e1vel pelo encaminhamento de cidad\u00e3os ao mercado de trabalho, anuncia vagas de emprego para as fun\u00e7\u00f5es de gar\u00e7om e auxiliar de gar\u00e7om. Para participar dos processos seletivos, \u00e9 necess\u00e1rio ter ensino m\u00e9dio completo e experi\u00eancia em restaurante.Os interessados em [&hellip;]<\/p>\n","protected":false},"author":6553,"featured_media":0,"comment_status":"closed","ping_status":"closed","sticky":false,"template":"","format":"standard","meta":{"footnotes":""},"categories":[15,10],"tags":[339,54,641,2504,223],"class_list":{"0":"post-114056","1":"post","2":"type-post","3":"status-publish","4":"format-standard","6":"category-destaques","7":"category-empregos","8":"tag-aracaju","9":"tag-empregos-2","10":"tag-fundat","11":"tag-garcom","12":"tag-sergipe"},"_links":{"self":[{"href":"https:\/\/senoticias.com.br\/se\/wp-json\/wp\/v2\/posts\/114056"}],"collection":[{"href":"https:\/\/senoticias.com.br\/se\/wp-json\/wp\/v2\/posts"}],"about":[{"href":"https:\/\/senoticias.com.br\/se\/wp-json\/wp\/v2\/types\/post"}],"author":[{"embeddable":true,"href":"https:\/\/senoticias.com.br\/se\/wp-json\/wp\/v2\/users\/6553"}],"replies":[{"embeddable":true,"href":"https:\/\/senoticias.com.br\/se\/wp-json\/wp\/v2\/comments?post=114056"}],"version-history":[{"count":0,"href":"https:\/\/senoticias.com.br\/se\/wp-json\/wp\/v2\/posts\/114056\/revisions"}],"wp:attachment":[{"href":"https:\/\/senoticias.com.br\/se\/wp-json\/wp\/v2\/media?parent=114056"}],"wp:term":[{"taxonomy":"category","embeddable":true,"href":"https:\/\/senoticias.com.br\/se\/wp-json\/wp\/v2\/categories?post=114056"},{"taxonomy":"post_tag","embeddable":true,"href":"https:\/\/senoticias.com.br\/se\/wp-json\/wp\/v2\/tags?post=114056"}],"curies":[{"name":"wp","href":"https:\/\/api.w.org\/{rel}","templated":true}]}}