{"id":114045,"date":"2018-07-09T15:13:13","date_gmt":"2018-07-09T18:13:13","guid":{"rendered":"https:\/\/senoticias.com.br\/se\/?p=114045"},"modified":"2018-07-09T20:17:59","modified_gmt":"2018-07-09T23:17:59","slug":"membros-do-ministerio-publico-pedem-afastamento-do-desembargador-que-mandou-soltar-lula","status":"publish","type":"post","link":"https:\/\/senoticias.com.br\/se\/membros-do-ministerio-publico-pedem-afastamento-do-desembargador-que-mandou-soltar-lula\/","title":{"rendered":"Membros do Minist\u00e9rio P\u00fablico pedem afastamento do desembargador que mandou soltar Lula"},"content":{"rendered":"<p style=\"text-align: justify;\"><span style=\"color: #000000;\">Um grupo de 100 membros do Minist\u00e9rio P\u00fablico (MP), entre procuradores e promotores, entrou na noite do \u00faltimo domingo (8) com um pedido de provid\u00eancias no Conselho Nacional de Justi\u00e7a (CNJ) contra o desembargador Rog\u00e9rio Favreto, respons\u00e1vel por determinar a soltura do ex-presidente Luiz In\u00e1cio Lula da Silva. Eles pedem o afastamento do magistrado de suas fun\u00e7\u00f5es.<\/span><\/p>\n<p style=\"text-align: justify;\"><span style=\"color: #000000;\">Para os integrantes do MP, a decis\u00e3o de Favreto, que atendeu a um pedido de deputados do PT durante plant\u00e3o no Tribunal Regional Federal da 4\u00aa Regi\u00e3o (TRF4), violou \u201cflagrantemente o princ\u00edpio da colegialidade\u201d, uma vez que, na vis\u00e3o dos procuradores e promotores, passou por cima da determina\u00e7\u00e3o da 8\u00aa Turma do tribunal.<\/span><\/p>\n<div id=\"attachment_114046\" style=\"width: 609px\" class=\"wp-caption aligncenter\"><a href=\"https:\/\/senoticias.com.br\/se\/wp-content\/uploads\/2018\/07\/lula-e1531159895919.jpg\"><img loading=\"lazy\" decoding=\"async\" aria-describedby=\"caption-attachment-114046\" class=\"wp-image-114046 size-full\" src=\"https:\/\/senoticias.com.br\/se\/wp-content\/uploads\/2018\/07\/lula-e1531159895919.jpg\" alt=\"\" width=\"599\" height=\"337\" \/><\/a><p id=\"caption-attachment-114046\" class=\"wp-caption-text\">Foto: AFP<\/p><\/div>\n<p style=\"text-align: justify;\"><span style=\"color: #000000;\">O pedido de provid\u00eancias se baseia em um trecho da resolu\u00e7\u00e3o do CNJ sobre o assunto, segundo a qual \u201cplant\u00e3o judici\u00e1rio n\u00e3o se destina \u00e0 reitera\u00e7\u00e3o de pedido j\u00e1 apreciado no \u00f3rg\u00e3o judicial de origem ou em plant\u00e3o anterior, nem \u00e0 sua reconsidera\u00e7\u00e3o ou reexame\u201d.<\/span><\/p>\n<p style=\"text-align: justify;\"><span style=\"color: #000000;\">Os membros do Minist\u00e9rio P\u00fablico querem que o CNJ analise se Favreto cometeu \u201cviola\u00e7\u00e3o \u00e0 ordem jur\u00eddica\u201d ao determinar a soltura de Lula. Segundo eles, o desembargador n\u00e3o apresentou justificativa plaus\u00edvel para reverter decis\u00e3o colegiada anterior e soltar o ex-presidente.<\/span><\/p>\n<p style=\"text-align: justify;\"><span style=\"color: #000000;\">O pedido de provid\u00eancias ataca um dos principais argumentos de Favreto, que para justificar a decis\u00e3o de soltar Lula apresentou como \u201cfato novo\u201d a condi\u00e7\u00e3o de ele ser pr\u00e9-candidato \u00e0 Presid\u00eancia da Rep\u00fablica, estando assim injustamente impedido de participar de entrevistas, debates e sabatinas.<\/span><\/p>\n<p>&nbsp;<\/p>\n<p style=\"text-align: justify;\"><span style=\"color: #000000;\">\u201cVale destacar que a condi\u00e7\u00e3o de pr\u00e9-candidato do paciente n\u00e3o \u00e9 fato novo, mesmo porque, notoriamente, \u00e9 de conhecimento p\u00fablico h\u00e1 meses a candidatura, ainda que \u00e0 revelia da lei, do paciente beneficiado pelo habeas corpus concedido pelo desembargador federal Rogerio Favreto\u201d, diz o texto do pedido de provid\u00eancias.<\/span><\/p>\n<p style=\"text-align: justify;\"><span style=\"color: #000000;\">No documento, foi anexada ainda uma nota t\u00e9cnica, dessa vez assinada por 189 membros do MP, sobre a jurisprud\u00eancia em torno do tema. Em paralelo, ao menos mais seis representa\u00e7\u00f5es foram abertas contra o desembargador no CNJ. N\u00e3o h\u00e1 prazo para que sejam julgadas.<\/span><\/p>\n<p style=\"text-align: justify;\"><span style=\"color: #000000;\">Lula est\u00e1 preso desde 7 de abril na Superintend\u00eancia da Pol\u00edcia Federal em Curitiba, ap\u00f3s ter sua condena\u00e7\u00e3o por corrup\u00e7\u00e3o e lavagem de dinheiro no caso do triplex no Guaruj\u00e1 (SP) confirmada pela 8\u00aa Turma do TRF4, que imp\u00f4s pena de 12 anos e um m\u00eas de pris\u00e3o ao ex-presidente.<\/span><\/p>\n<p style=\"text-align: justify;\"><span style=\"color: #000000;\">Ele permanece preso ap\u00f3s determina\u00e7\u00e3o do presidente do TRF4, desembargador Thompson Flores, que na noite de domingo (8) desautorizou o alvar\u00e1 de soltura expedido por Favreto.<\/span><\/p>\n<p><strong><span style=\"color: #000000;\">A pris\u00e3o<\/span><\/strong><\/p>\n<p style=\"text-align: justify;\"><span style=\"color: #000000;\">Lula foi encarcerado com base no atual entendimento do Supremo Tribunal Federal (STF), que ao negar um habeas corpus do ex-presidente, em 4 de abril, por 6 votos a 5, reafirmou ser poss\u00edvel o cumprimento de pena ap\u00f3s condena\u00e7\u00e3o em segunda inst\u00e2ncia.<\/span><\/p>\n<p><a href=\"https:\/\/senoticias.com.br\/se\/wp-content\/uploads\/2018\/07\/Logomarca-fone-SE-4-2-1-1.jpg\"><img loading=\"lazy\" decoding=\"async\" class=\"aligncenter wp-image-114026 size-full\" src=\"https:\/\/senoticias.com.br\/se\/wp-content\/uploads\/2018\/07\/Logomarca-fone-SE-4-2-1-1.jpg\" alt=\"\" width=\"599\" height=\"78\" srcset=\"https:\/\/senoticias.com.br\/se\/wp-content\/uploads\/2018\/07\/Logomarca-fone-SE-4-2-1-1.jpg 599w, https:\/\/senoticias.com.br\/se\/wp-content\/uploads\/2018\/07\/Logomarca-fone-SE-4-2-1-1-300x39.jpg 300w\" sizes=\"(max-width: 599px) 100vw, 599px\" \/><\/a><\/p>\n<p>Por Ag\u00eancia Brasil<\/p>\n<p>&nbsp;<\/p>\n","protected":false},"excerpt":{"rendered":"<p>Um grupo de 100 membros do Minist\u00e9rio P\u00fablico (MP), entre procuradores e promotores, entrou na noite do \u00faltimo domingo (8) com um pedido de provid\u00eancias no Conselho Nacional de Justi\u00e7a (CNJ) contra o desembargador Rog\u00e9rio Favreto, respons\u00e1vel por determinar a soltura do ex-presidente Luiz In\u00e1cio Lula da Silva. Eles pedem o afastamento do magistrado de [&hellip;]<\/p>\n","protected":false},"author":6553,"featured_media":0,"comment_status":"closed","ping_status":"closed","sticky":false,"template":"","format":"standard","meta":{"footnotes":""},"categories":[6],"tags":[339,370,10302,90,5265,2168,3147,3074,223],"class_list":{"0":"post-114045","1":"post","2":"type-post","3":"status-publish","4":"format-standard","6":"category-politica","7":"tag-aracaju","8":"tag-brasil","9":"tag-favreto","10":"tag-lula","11":"tag-ministerio","12":"tag-politica","13":"tag-prisao","14":"tag-publico","15":"tag-sergipe"},"_links":{"self":[{"href":"https:\/\/senoticias.com.br\/se\/wp-json\/wp\/v2\/posts\/114045"}],"collection":[{"href":"https:\/\/senoticias.com.br\/se\/wp-json\/wp\/v2\/posts"}],"about":[{"href":"https:\/\/senoticias.com.br\/se\/wp-json\/wp\/v2\/types\/post"}],"author":[{"embeddable":true,"href":"https:\/\/senoticias.com.br\/se\/wp-json\/wp\/v2\/users\/6553"}],"replies":[{"embeddable":true,"href":"https:\/\/senoticias.com.br\/se\/wp-json\/wp\/v2\/comments?post=114045"}],"version-history":[{"count":0,"href":"https:\/\/senoticias.com.br\/se\/wp-json\/wp\/v2\/posts\/114045\/revisions"}],"wp:attachment":[{"href":"https:\/\/senoticias.com.br\/se\/wp-json\/wp\/v2\/media?parent=114045"}],"wp:term":[{"taxonomy":"category","embeddable":true,"href":"https:\/\/senoticias.com.br\/se\/wp-json\/wp\/v2\/categories?post=114045"},{"taxonomy":"post_tag","embeddable":true,"href":"https:\/\/senoticias.com.br\/se\/wp-json\/wp\/v2\/tags?post=114045"}],"curies":[{"name":"wp","href":"https:\/\/api.w.org\/{rel}","templated":true}]}}