{"id":114044,"date":"2018-07-09T15:01:35","date_gmt":"2018-07-09T18:01:35","guid":{"rendered":"https:\/\/senoticias.com.br\/se\/?p=114044"},"modified":"2018-07-09T19:05:54","modified_gmt":"2018-07-09T22:05:54","slug":"defesa-civil-interdita-primeiro-andar-do-antigo-hotel-palace","status":"publish","type":"post","link":"https:\/\/senoticias.com.br\/se\/defesa-civil-interdita-primeiro-andar-do-antigo-hotel-palace\/","title":{"rendered":"Defesa Civil interdita primeiro andar do antigo Hotel Palace"},"content":{"rendered":"<p style=\"text-align: justify;\"><span style=\"color: #000000;\">Na manh\u00e3 desta segunda-feira, 9 de julho, a Defesa Civil Estadual interditou as salas do primeiro andar do pr\u00e9dio do antigo Hotel Palace, no Centro de Aracaju.<\/span><\/p>\n<p style=\"text-align: justify;\"><span style=\"color: #000000;\">De acordo com os engenheiros da Defesa Civil, a medida vai facilitar as obras de reestrutura\u00e7\u00e3o do pr\u00e9dio, que j\u00e1 foram iniciadas por determina\u00e7\u00e3o judicial.<\/span><\/p>\n<div id=\"attachment_113234\" style=\"width: 510px\" class=\"wp-caption aligncenter\"><a href=\"https:\/\/senoticias.com.br\/se\/wp-content\/uploads\/2018\/05\/palace-Sheila-Dias-1-e1527268677942.jpg\"><img loading=\"lazy\" decoding=\"async\" aria-describedby=\"caption-attachment-113234\" class=\"wp-image-113234 size-full\" src=\"https:\/\/senoticias.com.br\/se\/wp-content\/uploads\/2018\/05\/palace-Sheila-Dias-1-e1527268677942.jpg\" alt=\"\" width=\"500\" height=\"375\" \/><\/a><p id=\"caption-attachment-113234\" class=\"wp-caption-text\">Foto: Sheila Milena<\/p><\/div>\n<p style=\"text-align: justify;\"><span style=\"color: #000000;\">No dia 20 de julho, os engenheiros devem retornar ao pr\u00e9dio para uma vistoria geral. A inten\u00e7\u00e3o \u00e9 avaliar as obras que est\u00e3o sendo realizados pelos propriet\u00e1rios de estabelecimentos comerciais que funcionam no local.<\/span><\/p>\n<div id=\"attachment_113195\" style=\"width: 509px\" class=\"wp-caption aligncenter\"><a href=\"https:\/\/senoticias.com.br\/se\/wp-content\/uploads\/2018\/05\/interior-do-Hotel.-Sheila-Dias-e1527181676856.jpg\"><img loading=\"lazy\" decoding=\"async\" aria-describedby=\"caption-attachment-113195\" class=\"wp-image-113195\" src=\"https:\/\/senoticias.com.br\/se\/wp-content\/uploads\/2018\/05\/interior-do-Hotel.-Sheila-Dias-300x225.jpg\" alt=\"\" width=\"499\" height=\"374\" \/><\/a><p id=\"caption-attachment-113195\" class=\"wp-caption-text\">Interior do pr\u00e9dio atualmente. Foto: Sheila Dias.<\/p><\/div>\n<p style=\"text-align: justify;\"><span style=\"color: #000000;\">A justi\u00e7a determinou que os pavimentos superiores fossem totalmente desocupados, que a laje de cobertura do \u00faltimo pavimento da torre do Hotel fosse escorada, devido ao comprometimento estrutural, a retirada das esquadrias da fachada que apresentam risco de desplacamento, coloca\u00e7\u00e3o de bandeja de prote\u00e7\u00e3o em todo o per\u00edmetro da edifica\u00e7\u00e3o, inclusive na \u00e1rea do v\u00e3o central descoberto, a fim de proteger contra eventuais quedas de esquadrias ou desplacamento do revestimento de fachada.<\/span><\/p>\n<p>&nbsp;<\/p>\n<p><a href=\"https:\/\/senoticias.com.br\/se\/wp-content\/uploads\/2018\/07\/Logomarca-fone-SE-4-2-1-1.jpg\"><img loading=\"lazy\" decoding=\"async\" class=\"aligncenter wp-image-114026 size-full\" src=\"https:\/\/senoticias.com.br\/se\/wp-content\/uploads\/2018\/07\/Logomarca-fone-SE-4-2-1-1.jpg\" alt=\"\" width=\"599\" height=\"78\" srcset=\"https:\/\/senoticias.com.br\/se\/wp-content\/uploads\/2018\/07\/Logomarca-fone-SE-4-2-1-1.jpg 599w, https:\/\/senoticias.com.br\/se\/wp-content\/uploads\/2018\/07\/Logomarca-fone-SE-4-2-1-1-300x39.jpg 300w\" sizes=\"(max-width: 599px) 100vw, 599px\" \/><\/a><\/p>\n<p><em><strong>Acompanhe tamb\u00e9m o SE Not\u00edcias no<\/strong><span class=\"apple-converted-space\"><b>\u00a0<\/b><\/span><a href=\"https:\/\/twitter.com\/Senoticias\" target=\"_blank\" rel=\"noopener\"><b>Twitter<\/b><\/a><strong>,<\/strong><span class=\"apple-converted-space\"><b>\u00a0<\/b><\/span><a href=\"https:\/\/www.facebook.com\/senoticias1\" target=\"_blank\" rel=\"noopener\"><b>Facebook<\/b><span class=\"apple-converted-space\"><b>\u00a0<\/b><\/span><\/a><strong>e no<\/strong><span class=\"apple-converted-space\"><b>\u00a0<\/b><\/span><a href=\"https:\/\/www.instagram.com\/senoticias\/\" target=\"_blank\" rel=\"noopener\"><b>Instagram<\/b><\/a><\/em><\/p>\n<p>Da Reda\u00e7\u00e3o do SE Not\u00edcias<\/p>\n","protected":false},"excerpt":{"rendered":"<p>Na manh\u00e3 desta segunda-feira, 9 de julho, a Defesa Civil Estadual interditou as salas do primeiro andar do pr\u00e9dio do antigo Hotel Palace, no Centro de Aracaju. De acordo com os engenheiros da Defesa Civil, a medida vai facilitar as obras de reestrutura\u00e7\u00e3o do pr\u00e9dio, que j\u00e1 foram iniciadas por determina\u00e7\u00e3o judicial. No dia 20 [&hellip;]<\/p>\n","protected":false},"author":6553,"featured_media":0,"comment_status":"closed","ping_status":"closed","sticky":false,"template":"","format":"standard","meta":{"footnotes":""},"categories":[15,38],"tags":[339,5222,6314,7365,4617,9820,6405,223],"class_list":{"0":"post-114044","1":"post","2":"type-post","3":"status-publish","4":"format-standard","6":"category-destaques","7":"category-municipios","8":"tag-aracaju","9":"tag-centro","10":"tag-defesa-civil","11":"tag-hotel","12":"tag-interdicao","13":"tag-palace","14":"tag-predio","15":"tag-sergipe"},"_links":{"self":[{"href":"https:\/\/senoticias.com.br\/se\/wp-json\/wp\/v2\/posts\/114044"}],"collection":[{"href":"https:\/\/senoticias.com.br\/se\/wp-json\/wp\/v2\/posts"}],"about":[{"href":"https:\/\/senoticias.com.br\/se\/wp-json\/wp\/v2\/types\/post"}],"author":[{"embeddable":true,"href":"https:\/\/senoticias.com.br\/se\/wp-json\/wp\/v2\/users\/6553"}],"replies":[{"embeddable":true,"href":"https:\/\/senoticias.com.br\/se\/wp-json\/wp\/v2\/comments?post=114044"}],"version-history":[{"count":0,"href":"https:\/\/senoticias.com.br\/se\/wp-json\/wp\/v2\/posts\/114044\/revisions"}],"wp:attachment":[{"href":"https:\/\/senoticias.com.br\/se\/wp-json\/wp\/v2\/media?parent=114044"}],"wp:term":[{"taxonomy":"category","embeddable":true,"href":"https:\/\/senoticias.com.br\/se\/wp-json\/wp\/v2\/categories?post=114044"},{"taxonomy":"post_tag","embeddable":true,"href":"https:\/\/senoticias.com.br\/se\/wp-json\/wp\/v2\/tags?post=114044"}],"curies":[{"name":"wp","href":"https:\/\/api.w.org\/{rel}","templated":true}]}}