{"id":114038,"date":"2018-07-08T13:01:06","date_gmt":"2018-07-08T16:01:06","guid":{"rendered":"https:\/\/senoticias.com.br\/se\/?p=114038"},"modified":"2018-07-09T07:19:10","modified_gmt":"2018-07-09T10:19:10","slug":"desembargador-do-trf-4-manda-soltar-lula-da-prisao-ainda-neste-domingo","status":"publish","type":"post","link":"https:\/\/senoticias.com.br\/se\/desembargador-do-trf-4-manda-soltar-lula-da-prisao-ainda-neste-domingo\/","title":{"rendered":"Desembargador do TRF-4 manda soltar Lula da pris\u00e3o ainda neste domingo"},"content":{"rendered":"<p style=\"text-align: justify;\">O ex-presidente Lula deve deixar a pris\u00e3o neste domingo. Em decis\u00e3o publicada na manh\u00e3 deste domingo, o desembargador Rog\u00e9rio Favreto, do Tribunal Regional Federal da 4\u00aa Regi\u00e3o, concedeu habeas corpus ao ex-petista e suspendeu a execu\u00e7\u00e3o de sua pena.<\/p>\n<div id=\"attachment_104816\" style=\"width: 609px\" class=\"wp-caption aligncenter\"><a href=\"https:\/\/senoticias.com.br\/se\/wp-content\/uploads\/2017\/07\/lula-SENOTICIA-e1499968417611.jpg\"><img loading=\"lazy\" decoding=\"async\" aria-describedby=\"caption-attachment-104816\" class=\"size-full wp-image-104816\" src=\"https:\/\/senoticias.com.br\/se\/wp-content\/uploads\/2017\/07\/lula-SENOTICIA-e1499968417611.jpg\" alt=\"\" width=\"599\" height=\"399\" \/><\/a><p id=\"caption-attachment-104816\" class=\"wp-caption-text\">Por meio de uma liminar, Rog\u00e9rio Favreto determinou que o ex-presidente Lula seja solto ainda neste domingo (foto: arquivo\/Exame)<\/p><\/div>\n<p style=\"text-align: justify;\">A decis\u00e3o indica que, mesmo que o Supremo Tribunal Federal tenha permitido a execu\u00e7\u00e3o da pena ap\u00f3s condena\u00e7\u00e3o em segunda inst\u00e2ncia, ela dependeria ainda de uma fundamenta\u00e7\u00e3o que indique a necessidade da pris\u00e3o.<\/p>\n<p style=\"text-align: justify;\">Rog\u00e9rio Favreto, desembargador respons\u00e1vel pela decis\u00e3o, dada em regime de plant\u00e3o, foi filiado ao PT por 19 anos, de 1991 a 2010. O pedido de desfilia\u00e7\u00e3o ocorreu em 2010, antes de se tornar juiz.<\/p>\n<p style=\"text-align: justify;\">Na decis\u00e3o, o desembargador afirmou que a pris\u00e3o do ex-presidente o impede de exercer seus direitos como pr\u00e9-candidato \u00e0 Presid\u00eancia da Rep\u00fablica, o que geraria uma falta na isonomia das elei\u00e7\u00f5es. Para Favreto, a quebra da igualdade entre os pr\u00e9-candidatos seria &#8220;suprimir a pr\u00f3pria participa\u00e7\u00e3o popular&#8221; do pleito.<\/p>\n<p style=\"text-align: justify;\">&#8220;E, no est\u00e1gio atual, a ilegal e inconstitucional execu\u00e7\u00e3o provis\u00f3ria da pena imposta ao Ex-Presidente Lula n\u00e3o pode lhe cassar os seus direitos pol\u00edticos, tampouco restringir o direito aos atos inerentes \u00e0 condi\u00e7\u00e3o de pr\u00e9-candidato ao cargo de Presidente da Rep\u00fablica&#8221;, afirmou.<\/p>\n<p style=\"text-align: justify;\">Favreto chegou a citar um texto do ministro do Supremo Tribunal Federal, Luiz Fux, e presidente do Tribunal Superior Eleitoral, para sustentar sua decis\u00e3o. Fux vem se colocando repetidamente contra a possibilidade de um condenado em segunda inst\u00e2ncia, como \u00e9 o caso do petista, ser candidato em raz\u00e3o da Lei da Ficha Limpa.<\/p>\n<p style=\"text-align: justify;\">&#8220;Tudo isso, poderia ser resumido pelo direito de liberdade de express\u00e3o. Entretanto, esse direito a pr\u00e9-candidato \u00e0 Presid\u00eancia implica, necessariamente, na liberdade de ir e vir pelo Brasil ou onde a democracia reivindicar, em respeito ao seu direito individual e, ao mesmo tempo, da sociedade de participar do debate pol\u00edtico-eleitoral&#8221;, afirmou Favreto.<\/p>\n<p>O desembargador ainda citou que Lula estaria sendo prejudicado por &#8220;viola\u00e7\u00f5es de direitos constitucionais&#8221; em raz\u00e3o do indeferimento dos pedidos de visitas de familiares e amigos.<\/p>\n<p style=\"text-align: justify;\">&#8220;Ante o exposto, defiro o pedido liminar para suspender a execu\u00e7\u00e3o provis\u00f3ria da pena para conceder a liberdade ao paciente Luiz In\u00e1cio Lula da Silva, se por outro motivo n\u00e3o estiver preso&#8221;, determinou o juiz, que ordenou a expedi\u00e7\u00e3o do alvar\u00e1 de soltura em regime de urg\u00eancia.<\/p>\n<p style=\"text-align: justify;\">Como o cumprimento se dar\u00e1 ainda neste domingo, o desembargador dispensou a realiza\u00e7\u00e3o do exame de corpo de delito.<\/p>\n<p style=\"text-align: justify;\">O petista est\u00e1 preso na Superintend\u00eancia da Pol\u00edcia Federal desde o dia 6 de abril cumprindo uma pena de 12 anos e um m\u00eas por corrup\u00e7\u00e3o passiva e lavagem de dinheiro.<\/p>\n<p>&nbsp;<\/p>\n<p><a href=\"https:\/\/senoticias.com.br\/se\/wp-content\/uploads\/2018\/07\/Logomarca-fone-SE-4-2-1-1.jpg\"><img loading=\"lazy\" decoding=\"async\" class=\"aligncenter size-full wp-image-114026\" src=\"https:\/\/senoticias.com.br\/se\/wp-content\/uploads\/2018\/07\/Logomarca-fone-SE-4-2-1-1.jpg\" alt=\"\" width=\"599\" height=\"78\" srcset=\"https:\/\/senoticias.com.br\/se\/wp-content\/uploads\/2018\/07\/Logomarca-fone-SE-4-2-1-1.jpg 599w, https:\/\/senoticias.com.br\/se\/wp-content\/uploads\/2018\/07\/Logomarca-fone-SE-4-2-1-1-300x39.jpg 300w\" sizes=\"(max-width: 599px) 100vw, 599px\" \/><\/a><\/p>\n<p>&nbsp;<\/p>\n<p><em><strong>Acompanhe tamb\u00e9m o SE Not\u00edcias no<\/strong><span class=\"apple-converted-space\"><b>\u00a0<\/b><\/span><a href=\"https:\/\/twitter.com\/Senoticias\" target=\"_blank\" rel=\"noopener\"><b>Twitter<\/b><\/a><strong>,<\/strong><span class=\"apple-converted-space\"><b>\u00a0<\/b><\/span><a href=\"https:\/\/www.facebook.com\/senoticias1\" target=\"_blank\" rel=\"noopener\"><b>Facebook<\/b><span class=\"apple-converted-space\"><b>\u00a0<\/b><\/span><\/a><strong>e no<\/strong><span class=\"apple-converted-space\"><b>\u00a0<\/b><\/span><a href=\"https:\/\/www.instagram.com\/senoticias\/\" target=\"_blank\" rel=\"noopener\"><b>Instagram<\/b><\/a><\/em><\/p>\n<p>&nbsp;<\/p>\n<p><em>Por Dimitrius Dantas \/ <a href=\"https:\/\/oglobo.globo.com\/brasil\/tribunal-concede-habeas-corpus-lula-22864958\"><strong>O Globo<\/strong><\/a><\/em><\/p>\n","protected":false},"excerpt":{"rendered":"<p>O ex-presidente Lula deve deixar a pris\u00e3o neste domingo. Em decis\u00e3o publicada na manh\u00e3 deste domingo, o desembargador Rog\u00e9rio Favreto, do Tribunal Regional Federal da 4\u00aa Regi\u00e3o, concedeu habeas corpus ao ex-petista e suspendeu a execu\u00e7\u00e3o de sua pena. A decis\u00e3o indica que, mesmo que o Supremo Tribunal Federal tenha permitido a execu\u00e7\u00e3o da pena [&hellip;]<\/p>\n","protected":false},"author":6552,"featured_media":104816,"comment_status":"closed","ping_status":"closed","sticky":false,"template":"","format":"standard","meta":{"footnotes":""},"categories":[6],"tags":[10300,10299,10296,10297,10298],"class_list":{"0":"post-114038","1":"post","2":"type-post","3":"status-publish","4":"format-standard","5":"has-post-thumbnail","7":"category-politica","8":"tag-desembargador-rogerio-favreto","9":"tag-ex-presidente-lula","10":"tag-lula-livre","11":"tag-lula-solto","12":"tag-rogerio-favreto"},"_links":{"self":[{"href":"https:\/\/senoticias.com.br\/se\/wp-json\/wp\/v2\/posts\/114038"}],"collection":[{"href":"https:\/\/senoticias.com.br\/se\/wp-json\/wp\/v2\/posts"}],"about":[{"href":"https:\/\/senoticias.com.br\/se\/wp-json\/wp\/v2\/types\/post"}],"author":[{"embeddable":true,"href":"https:\/\/senoticias.com.br\/se\/wp-json\/wp\/v2\/users\/6552"}],"replies":[{"embeddable":true,"href":"https:\/\/senoticias.com.br\/se\/wp-json\/wp\/v2\/comments?post=114038"}],"version-history":[{"count":0,"href":"https:\/\/senoticias.com.br\/se\/wp-json\/wp\/v2\/posts\/114038\/revisions"}],"wp:featuredmedia":[{"embeddable":true,"href":"https:\/\/senoticias.com.br\/se\/wp-json\/wp\/v2\/media\/104816"}],"wp:attachment":[{"href":"https:\/\/senoticias.com.br\/se\/wp-json\/wp\/v2\/media?parent=114038"}],"wp:term":[{"taxonomy":"category","embeddable":true,"href":"https:\/\/senoticias.com.br\/se\/wp-json\/wp\/v2\/categories?post=114038"},{"taxonomy":"post_tag","embeddable":true,"href":"https:\/\/senoticias.com.br\/se\/wp-json\/wp\/v2\/tags?post=114038"}],"curies":[{"name":"wp","href":"https:\/\/api.w.org\/{rel}","templated":true}]}}