{"id":114018,"date":"2018-07-06T19:51:12","date_gmt":"2018-07-06T22:51:12","guid":{"rendered":"https:\/\/senoticias.com.br\/se\/?p=114018"},"modified":"2018-07-06T19:51:12","modified_gmt":"2018-07-06T22:51:12","slug":"tres-academias-sao-autuadas-em-fiscalizacao-do-procon-de-aracaju","status":"publish","type":"post","link":"https:\/\/senoticias.com.br\/se\/tres-academias-sao-autuadas-em-fiscalizacao-do-procon-de-aracaju\/","title":{"rendered":"Tr\u00eas academias s\u00e3o autuadas em fiscaliza\u00e7\u00e3o do Procon de Aracaju"},"content":{"rendered":"<p style=\"text-align: justify;\">\nA Secretaria Municipal da Defesa Social e Cidadania (Semdec), por meio do Programa Municipal de Prote\u00e7\u00e3o e Defesa do Consumidor (Procon Aracaju), realizou nesta semana, entre os dias 2 e 6 de julho, fiscaliza\u00e7\u00f5es nas academias da capital sergipana. A a\u00e7\u00e3o ocorreu em 25 estabelecimentos, situados na capital, e teve como objetivo averiguar o cumprimento das leis consumeristas.<\/p>\n<p style=\"text-align: justify;\">A fiscaliza\u00e7\u00e3o esteve voltada, especialmente, \u00e0s quest\u00f5es relacionadas a irregularidades na forma\u00e7\u00e3o dos \u201cpacotes\u201d ou planos fornecidos pelas academias, bem como para a cobran\u00e7a em conjunto de taxas de manuten\u00e7\u00e3o e ades\u00e3o. Al\u00e9m disso, averiguou o fato de que alguns estabelecimentos estariam se recusando a receber o pagamento em dinheiro (esp\u00e9cie).<\/p>\n<div id=\"attachment_114019\" style=\"width: 609px\" class=\"wp-caption aligncenter\"><a href=\"https:\/\/senoticias.com.br\/se\/wp-content\/uploads\/2018\/07\/Fiscaliza\u00e7\u00e3o-Academias-Procon-Felipe-Goettenauer-9-800x445-e1530917292336.jpg\"><img loading=\"lazy\" decoding=\"async\" aria-describedby=\"caption-attachment-114019\" class=\"size-full wp-image-114019\" src=\"https:\/\/senoticias.com.br\/se\/wp-content\/uploads\/2018\/07\/Fiscaliza\u00e7\u00e3o-Academias-Procon-Felipe-Goettenauer-9-800x445-e1530917292336.jpg\" alt=\"\" width=\"599\" height=\"333\" \/><\/a><p id=\"caption-attachment-114019\" class=\"wp-caption-text\">A fiscaliza\u00e7\u00e3o esteve voltada, \u00e0s quest\u00f5es relacionadas a irregularidades na forma\u00e7\u00e3o dos \u201cpacotes\u201d ou planos fornecidos pelas academias (foto: Felipe Goettenauer\/AAN)<\/p><\/div>\n<p style=\"text-align: justify;\">O coordenador geral do Procon Aracaju, Igor Lopes, faz algumas considera\u00e7\u00f5es a respeito da opera\u00e7\u00e3o. \u201cNo local, os fiscais do \u00f3rg\u00e3o verificaram se existia abusividade para com os direitos garantidos aos consumidores, principalmente no que diz respeito ao dever pr\u00e9vio de informa\u00e7\u00e3o sobre o pre\u00e7o dos servi\u00e7os. Avaliou tamb\u00e9m se havia, por parte do estabelecimento, abusividade na cobran\u00e7a de taxas. O fato do fornecedor se recusar a receber pagamento em dinheiro tamb\u00e9m \u00e9 considerado pr\u00e1tica abusiva, recha\u00e7ada pelo C\u00f3digo de Defesa do Consumidor, que disp\u00f5e que o fornecedor n\u00e3o pode se negar a vender ou prestar servi\u00e7os a quem se disponha a adquiri-los mediante pronto pagamento\u201d, pontuou.<\/p>\n<p style=\"text-align: justify;\">Ainda segundo o coordenador, dos 25 estabelecimentos visitados, 3 foram autuados. Entre os autos emitidos esteve um de constata\u00e7\u00e3o, para adequa\u00e7\u00e3o da tabela de pre\u00e7os, e dois autos de infra\u00e7\u00e3o, sendo um deles por identificar a exig\u00eancia de vantagens excessivas do consumidor e outro por identificar que o estabelecimento n\u00e3o aceitava pagamento em dinheiro. Destacou, ainda, que foram solicitadas c\u00f3pias dos contratos de presta\u00e7\u00e3o de servi\u00e7o, que ir\u00e3o passar por an\u00e1lise t\u00e9cnica do \u00f3rg\u00e3o de prote\u00e7\u00e3o.<\/p>\n<p>O advogado Carlos Novaes, 36, avaliou de maneira positiva a a\u00e7\u00e3o do Procon. \u201c\u00c9 boa a atua\u00e7\u00e3o do Procon, porque fiscaliza e fica do lado do consumidor, para verificar se h\u00e1 abuso por parte dos empres\u00e1rios, para ver se as normas est\u00e3o sendo cumpridas. \u00c9 importante, sempre, que exista essa fiscaliza\u00e7\u00e3o nas academias\u201d, considerou.<\/p>\n<p style=\"text-align: justify;\">Claudio Brito Santos, professor de Educa\u00e7\u00e3o F\u00edsica, 38 anos considera que a atua\u00e7\u00e3o do Procon torna o espa\u00e7o mais seguro para os consumidores. \u201c\u00c9 interessante, porque fiscaliza, ajuda em rela\u00e7\u00e3o ao seguimento das normas, valores e demais aspectos\u201d, avaliou.<\/p>\n<p style=\"text-align: justify;\"><strong>Den\u00fancias<\/strong><\/p>\n<p style=\"text-align: justify;\">Para realizar den\u00fancias ou esclarecer d\u00favidas, os consumidores podem acionar o Procon Aracaju, de segunda a sexta-feira, das 8h \u00e0s 17h, atrav\u00e9s do SAC 151.<\/p>\n<p style=\"text-align: justify;\">\u201cNo caso de den\u00fancias, ser\u00e1 feita uma ficha de triagem, que possibilitar\u00e1 os encaminhamentos adequados para cada caso, podendo, inclusive, gerar fiscaliza\u00e7\u00e3o no local indicado\u201d, ressaltou Igor Lopes.<\/p>\n<p>&nbsp;<\/p>\n<p><a href=\"https:\/\/senoticias.com.br\/se\/wp-content\/uploads\/2018\/06\/Logomarca-fone-SE-4-2-1-1-1.jpg\"><img loading=\"lazy\" decoding=\"async\" class=\"aligncenter size-full wp-image-113688\" src=\"https:\/\/senoticias.com.br\/se\/wp-content\/uploads\/2018\/06\/Logomarca-fone-SE-4-2-1-1-1.jpg\" alt=\"\" width=\"599\" height=\"78\" srcset=\"https:\/\/senoticias.com.br\/se\/wp-content\/uploads\/2018\/06\/Logomarca-fone-SE-4-2-1-1-1.jpg 599w, https:\/\/senoticias.com.br\/se\/wp-content\/uploads\/2018\/06\/Logomarca-fone-SE-4-2-1-1-1-300x39.jpg 300w\" sizes=\"(max-width: 599px) 100vw, 599px\" \/><\/a><\/p>\n<p>&nbsp;<\/p>\n<p><em><strong>Acompanhe tamb\u00e9m o SE Not\u00edcias no<\/strong><span class=\"apple-converted-space\"><b>\u00a0<\/b><\/span><a href=\"https:\/\/twitter.com\/Senoticias\" target=\"_blank\" rel=\"noopener\"><b>Twitter<\/b><\/a><strong>,<\/strong><span class=\"apple-converted-space\"><b>\u00a0<\/b><\/span><a href=\"https:\/\/www.facebook.com\/senoticias1\" target=\"_blank\" rel=\"noopener\"><b>Facebook<\/b><span class=\"apple-converted-space\"><b>\u00a0<\/b><\/span><\/a><strong>e no<\/strong><span class=\"apple-converted-space\"><b>\u00a0<\/b><\/span><a href=\"https:\/\/www.instagram.com\/senoticias\/\" target=\"_blank\" rel=\"noopener\"><b>Instagram<\/b><\/a><\/em><\/p>\n<p>&nbsp;<\/p>\n<p><em>Mat\u00e9ria extra\u00edda do<a href=\"http:\/\/procon.aracaju.se.gov.br\/\"><strong> site<\/strong> <\/a>do Procon Aracaju<\/em><\/p>\n","protected":false},"excerpt":{"rendered":"<p>A Secretaria Municipal da Defesa Social e Cidadania (Semdec), por meio do Programa Municipal de Prote\u00e7\u00e3o e Defesa do Consumidor (Procon Aracaju), realizou nesta semana, entre os dias 2 e 6 de julho, fiscaliza\u00e7\u00f5es nas academias da capital sergipana. A a\u00e7\u00e3o ocorreu em 25 estabelecimentos, situados na capital, e teve como objetivo averiguar o cumprimento [&hellip;]<\/p>\n","protected":false},"author":6552,"featured_media":114019,"comment_status":"closed","ping_status":"closed","sticky":false,"template":"","format":"standard","meta":{"footnotes":""},"categories":[15],"tags":[10288,8396,10287],"class_list":{"0":"post-114018","1":"post","2":"type-post","3":"status-publish","4":"format-standard","5":"has-post-thumbnail","7":"category-destaques","8":"tag-academias-fiscalizadas","9":"tag-codigo-de-defesa-do-consumidor","10":"tag-procon-aracaju"},"_links":{"self":[{"href":"https:\/\/senoticias.com.br\/se\/wp-json\/wp\/v2\/posts\/114018"}],"collection":[{"href":"https:\/\/senoticias.com.br\/se\/wp-json\/wp\/v2\/posts"}],"about":[{"href":"https:\/\/senoticias.com.br\/se\/wp-json\/wp\/v2\/types\/post"}],"author":[{"embeddable":true,"href":"https:\/\/senoticias.com.br\/se\/wp-json\/wp\/v2\/users\/6552"}],"replies":[{"embeddable":true,"href":"https:\/\/senoticias.com.br\/se\/wp-json\/wp\/v2\/comments?post=114018"}],"version-history":[{"count":0,"href":"https:\/\/senoticias.com.br\/se\/wp-json\/wp\/v2\/posts\/114018\/revisions"}],"wp:featuredmedia":[{"embeddable":true,"href":"https:\/\/senoticias.com.br\/se\/wp-json\/wp\/v2\/media\/114019"}],"wp:attachment":[{"href":"https:\/\/senoticias.com.br\/se\/wp-json\/wp\/v2\/media?parent=114018"}],"wp:term":[{"taxonomy":"category","embeddable":true,"href":"https:\/\/senoticias.com.br\/se\/wp-json\/wp\/v2\/categories?post=114018"},{"taxonomy":"post_tag","embeddable":true,"href":"https:\/\/senoticias.com.br\/se\/wp-json\/wp\/v2\/tags?post=114018"}],"curies":[{"name":"wp","href":"https:\/\/api.w.org\/{rel}","templated":true}]}}