{"id":114011,"date":"2018-07-06T18:53:16","date_gmt":"2018-07-06T21:53:16","guid":{"rendered":"https:\/\/senoticias.com.br\/se\/?p=114011"},"modified":"2018-07-06T18:57:14","modified_gmt":"2018-07-06T21:57:14","slug":"esquadrilha-da-fumaca-se-apresenta-em-aracaju-no-dia-15","status":"publish","type":"post","link":"https:\/\/senoticias.com.br\/se\/esquadrilha-da-fumaca-se-apresenta-em-aracaju-no-dia-15\/","title":{"rendered":"Esquadrilha da Fuma\u00e7a se apresenta em Aracaju no dia 15"},"content":{"rendered":"<div id=\"leitura\">\n<p style=\"text-align: justify;\">Al\u00e9m da final do Mundial da R\u00fassia, os sergipanos poder\u00e3o apreciar no domingo, 15, a apresenta\u00e7\u00e3o da Esquadrilha da Fuma\u00e7a em alus\u00e3o \u00e0 data de Emancipa\u00e7\u00e3o Pol\u00edtica de Sergipe, comemorada em 8 de julho. O evento, realizado pela Prefeitura de Aracaju, ser\u00e1 na Passarela do Caranguejo, situada na Orla da Atalaia, e contar\u00e1 com sete pilotos fazendo as manobras nos avi\u00f5es e outro piloto para fazer a locu\u00e7\u00e3o, no solo, durante a apresenta\u00e7\u00e3o.<\/p>\n<div id=\"attachment_114012\" style=\"width: 609px\" class=\"wp-caption aligncenter\"><a href=\"https:\/\/senoticias.com.br\/se\/wp-content\/uploads\/2018\/07\/grande-191343-e1530913869706.jpg\"><img loading=\"lazy\" decoding=\"async\" aria-describedby=\"caption-attachment-114012\" class=\"size-full wp-image-114012\" src=\"https:\/\/senoticias.com.br\/se\/wp-content\/uploads\/2018\/07\/grande-191343-e1530913869706.jpg\" alt=\"\" width=\"599\" height=\"398\" \/><\/a><p id=\"caption-attachment-114012\" class=\"wp-caption-text\">Sergipanos v\u00e3o apreciar a apresenta\u00e7\u00e3o da Esquadrilha da Fuma\u00e7a (foto: Luciano Neto)<\/p><\/div>\n<p style=\"text-align: justify;\">A exibi\u00e7\u00e3o do Esquadr\u00e3o de Demonstra\u00e7\u00e3o A\u00e9rea (EDA), nome oficial da Esquadrilha, \u00e9 um desejo antigo da Aeron\u00e1utica de Sergipe, pois o Centro de Comunica\u00e7\u00e3o Social da corpora\u00e7\u00e3o j\u00e1 havia feito a solicita\u00e7\u00e3o da apresenta\u00e7\u00e3o do grupo para o estado. Aracaju ser\u00e1 a segunda cidade a receber o grupo, de um circuito de 12 cidades de uma excurs\u00e3o que a EDA vai fazer nas regi\u00f5es Norte e Nordeste do Brasil. Antes de chegar \u00e0 capital sergipana, os Fumaceiros, como s\u00e3o conhecidos hoje, v\u00e3o se apresentar em Salvador e depois seguir\u00e3o para Recife. No dia 20 de junho, o prefeito de Aracaju Edvaldo Nogueira recebeu em seu gabinete a visita do capit\u00e3o Glauber Lage, piloto da esquadrilha, e do capit\u00e3o aviador Diego Almeida Teixeira de Souza, da For\u00e7a A\u00e9rea Brasileira (FAB) de Sergipe. O intuito da reuni\u00e3o foi tratar da apresenta\u00e7\u00e3o do pr\u00f3ximo dia 15 de julho.<\/p>\n<p><strong>A Esquadrilha<\/strong><\/p>\n<p style=\"text-align: justify;\">Localizada em Pirassununga, cidade a 208 km de S\u00e3o Paulo, a Esquadrilha da Fuma\u00e7a foi fundada em 1952, e se apresenta desde 14 de maio de 1954. Hoje, a equipe da esquadrilha conta com 13 oficiais aviadores, um m\u00e9dico, um especialista em avi\u00f5es, tr\u00eas oficiais de Comunica\u00e7\u00e3o Social e uma equipe de graduados especialistas.<\/p>\n<p style=\"text-align: justify;\">Os aracajuanos, que v\u00e3o apreciar a apresenta\u00e7\u00e3o da EDA, poder\u00e3o ver uma das fabrica\u00e7\u00f5es da For\u00e7a A\u00e9rea Brasileira. Trata-se do A-29 Super Tucano. Com fabrica\u00e7\u00e3o da Embraer, o avi\u00e3o j\u00e1 foi utilizado em miss\u00f5es de defesa a\u00e9rea, escolta, ataque leve, treinamento avan\u00e7ado, patrulha a\u00e9rea de combate e forma\u00e7\u00e3o de l\u00edderes da avia\u00e7\u00e3o de ca\u00e7a. Retomada, desde 2015, demonstra\u00e7\u00f5es a\u00e9reas com o Super Tucano, a esquadrilha realiza manobras com as aeronaves em suas exibi\u00e7\u00f5es.<\/p>\n<p style=\"text-align: justify;\">Com mais de 3.800 apresenta\u00e7\u00f5es no Brasil e em 21 pa\u00edses do mundo e tr\u00eas recordes mundiais, em 1996, 2002 e 2006, o Esquadr\u00e3o de Demonstra\u00e7\u00e3o A\u00e9rea ou Esquadrilha da Fuma\u00e7a, visitou se apresentou em Aracaju, h\u00e1 16 anos, ou seja, em 2002.<\/p>\n<\/div>\n<p><a href=\"https:\/\/senoticias.com.br\/se\/wp-content\/uploads\/2018\/06\/Logomarca-fone-SE-4-2-1-1-1.jpg\"><img loading=\"lazy\" decoding=\"async\" class=\"aligncenter size-full wp-image-113688\" src=\"https:\/\/senoticias.com.br\/se\/wp-content\/uploads\/2018\/06\/Logomarca-fone-SE-4-2-1-1-1.jpg\" alt=\"\" width=\"599\" height=\"78\" srcset=\"https:\/\/senoticias.com.br\/se\/wp-content\/uploads\/2018\/06\/Logomarca-fone-SE-4-2-1-1-1.jpg 599w, https:\/\/senoticias.com.br\/se\/wp-content\/uploads\/2018\/06\/Logomarca-fone-SE-4-2-1-1-1-300x39.jpg 300w\" sizes=\"(max-width: 599px) 100vw, 599px\" \/><\/a><\/p>\n<div id=\"leitura\">\n<p><em><strong>Acompanhe tamb\u00e9m o SE Not\u00edcias no<\/strong><span class=\"apple-converted-space\"><b>\u00a0<\/b><\/span><a href=\"https:\/\/twitter.com\/Senoticias\" target=\"_blank\" rel=\"noopener\"><b>Twitter<\/b><\/a><strong>,<\/strong><span class=\"apple-converted-space\"><b>\u00a0<\/b><\/span><a href=\"https:\/\/www.facebook.com\/senoticias1\" target=\"_blank\" rel=\"noopener\"><b>Facebook<\/b><span class=\"apple-converted-space\"><b>\u00a0<\/b><\/span><\/a><strong>e no<\/strong><span class=\"apple-converted-space\"><b>\u00a0<\/b><\/span><a href=\"https:\/\/www.instagram.com\/senoticias\/\" target=\"_blank\" rel=\"noopener\"><b>Instagram<\/b><\/a><\/em><\/p>\n<p><strong><em>Fonte: Ag\u00eancia Aracaju de Not\u00edcias<\/em><\/strong><\/p>\n<\/div>\n","protected":false},"excerpt":{"rendered":"<p>Al\u00e9m da final do Mundial da R\u00fassia, os sergipanos poder\u00e3o apreciar no domingo, 15, a apresenta\u00e7\u00e3o da Esquadrilha da Fuma\u00e7a em alus\u00e3o \u00e0 data de Emancipa\u00e7\u00e3o Pol\u00edtica de Sergipe, comemorada em 8 de julho. O evento, realizado pela Prefeitura de Aracaju, ser\u00e1 na Passarela do Caranguejo, situada na Orla da Atalaia, e contar\u00e1 com sete [&hellip;]<\/p>\n","protected":false},"author":6552,"featured_media":114012,"comment_status":"closed","ping_status":"closed","sticky":false,"template":"","format":"standard","meta":{"footnotes":""},"categories":[15,21],"tags":[10282,4492,10281],"class_list":{"0":"post-114011","1":"post","2":"type-post","3":"status-publish","4":"format-standard","5":"has-post-thumbnail","7":"category-destaques","8":"category-entretenimento","9":"tag-apresentacao-da-esquadrilha-da-fumaca","10":"tag-emancipacao-politica-de-sergipe","11":"tag-esquadrilha"},"_links":{"self":[{"href":"https:\/\/senoticias.com.br\/se\/wp-json\/wp\/v2\/posts\/114011"}],"collection":[{"href":"https:\/\/senoticias.com.br\/se\/wp-json\/wp\/v2\/posts"}],"about":[{"href":"https:\/\/senoticias.com.br\/se\/wp-json\/wp\/v2\/types\/post"}],"author":[{"embeddable":true,"href":"https:\/\/senoticias.com.br\/se\/wp-json\/wp\/v2\/users\/6552"}],"replies":[{"embeddable":true,"href":"https:\/\/senoticias.com.br\/se\/wp-json\/wp\/v2\/comments?post=114011"}],"version-history":[{"count":0,"href":"https:\/\/senoticias.com.br\/se\/wp-json\/wp\/v2\/posts\/114011\/revisions"}],"wp:featuredmedia":[{"embeddable":true,"href":"https:\/\/senoticias.com.br\/se\/wp-json\/wp\/v2\/media\/114012"}],"wp:attachment":[{"href":"https:\/\/senoticias.com.br\/se\/wp-json\/wp\/v2\/media?parent=114011"}],"wp:term":[{"taxonomy":"category","embeddable":true,"href":"https:\/\/senoticias.com.br\/se\/wp-json\/wp\/v2\/categories?post=114011"},{"taxonomy":"post_tag","embeddable":true,"href":"https:\/\/senoticias.com.br\/se\/wp-json\/wp\/v2\/tags?post=114011"}],"curies":[{"name":"wp","href":"https:\/\/api.w.org\/{rel}","templated":true}]}}