{"id":113998,"date":"2018-07-05T15:51:20","date_gmt":"2018-07-05T18:51:20","guid":{"rendered":"https:\/\/senoticias.com.br\/se\/?p=113998"},"modified":"2018-07-07T15:09:59","modified_gmt":"2018-07-07T18:09:59","slug":"governador-de-sergipe-assina-edital-de-concurso-para-delegado-da-policia-civil-de-sergipe","status":"publish","type":"post","link":"https:\/\/senoticias.com.br\/se\/governador-de-sergipe-assina-edital-de-concurso-para-delegado-da-policia-civil-de-sergipe\/","title":{"rendered":"Governador de Sergipe assina edital de concurso para delegado da Pol\u00edcia Civil de Sergipe"},"content":{"rendered":"<p style=\"text-align: justify;\">Durante solenidade, na manh\u00e3 desta quinta-feira, 5, na qual o governador Belivaldo Chagas autorizou a libera\u00e7\u00e3o de recursos para pavimenta\u00e7\u00e3o asf\u00e1ltica em 29 munic\u00edpios do interior do estado, tamb\u00e9m foi assinado o edital para o concurso de delegado substituto da Pol\u00edcia Civil de Sergipe. No certame, estar\u00e3o dispon\u00edveis dez vagas e est\u00e3o aptos a participar candidatos com Bacharelado em Direito.<\/p>\n<div id=\"attachment_113999\" style=\"width: 609px\" class=\"wp-caption aligncenter\"><a href=\"https:\/\/senoticias.com.br\/se\/wp-content\/uploads\/2018\/07\/3420618387--e1530816496361.jpeg\"><img loading=\"lazy\" decoding=\"async\" aria-describedby=\"caption-attachment-113999\" class=\"size-full wp-image-113999\" src=\"https:\/\/senoticias.com.br\/se\/wp-content\/uploads\/2018\/07\/3420618387--e1530816496361.jpeg\" alt=\"\" width=\"599\" height=\"400\" \/><\/a><p id=\"caption-attachment-113999\" class=\"wp-caption-text\">Belivaldo Chagas assina edital de concurso para delegado da Pol\u00edcia Civil de Sergipe (foto: ASN)<\/p><\/div>\n<p style=\"text-align: justify;\">Conforme explica o secret\u00e1rio de Estado de Planejamento e Gest\u00e3o, Rosman Pereira, o concurso era uma reivindica\u00e7\u00e3o antiga da Secretaria de Seguran\u00e7a P\u00fablica. \u201cPretendemos preench\u00ea-las o mais r\u00e1pido poss\u00edvel para que possamos melhorar a seguran\u00e7a no nosso estado. S\u00e3o dez vagas para delegado, tivemos a convoca\u00e7\u00e3o de mais 25 policiais civis recentemente e estaremos fazendo mais algumas convoca\u00e7\u00f5es atrav\u00e9s de concurso da Cogerp. O edital foi assinado hoje. Amanh\u00e3, passa pelas revis\u00f5es finais e, na segunda-feira (09), estar\u00e1 sendo publicado com as datas para a inscri\u00e7\u00e3o e para as provas que ser\u00e3o realizadas ainda este ano\u201d, afirmou. Segundo Rosman, a empresa respons\u00e1vel pela realiza\u00e7\u00e3o do concurso \u00e9 a Cebraspe.<\/p>\n<p><strong>Concurso da PM e CBM<\/strong><\/p>\n<p style=\"text-align: justify;\">Com o objetivo de refor\u00e7ar os investimentos realizados na \u00e1rea da Seguran\u00e7a P\u00fablica, o governo de Sergipe realizou, este ano, o concurso para a Pol\u00edcia Militar, Corpo de Bombeiros, Guarda Prisional e Gestor P\u00fablico. Foram ofertadas 661 vagas, sendo 300 vagas para soldado da Pol\u00edcia Militar e 30 para aspirante, com provas tendo sido realizadas no \u00faltimo domingo (01 de julho); 200 vagas para soldado Bombeiro e 12 para aspirante, com provas realizadas no dia 17 de junho; 19 vagas para Gestor P\u00fablico, com provas realizadas no dia 10 de junho; e 100 vagas para Guarda Prisional, sendo que as provas dever\u00e3o acontecer no pr\u00f3ximo domingo, 08 de julho.<\/p>\n<p style=\"text-align: justify;\">O sal\u00e1rio inicial dos aprovados no concurso de soldado da PM e Bombeiros ser\u00e1 de R$ 3.370,00 e o de aspirante ser\u00e1 de R$ 9.236,39; o sal\u00e1rio do agente penitenci\u00e1rio corresponder\u00e1 a R$ 1.500,00; e o de gestor p\u00fablico R$ 7.714,29.<\/p>\n<p>&nbsp;<\/p>\n<p>&nbsp;<\/p>\n<p><a href=\"https:\/\/senoticias.com.br\/se\/wp-content\/uploads\/2018\/06\/Logomarca-fone-SE-4-2-1-1-1.jpg\"><img loading=\"lazy\" decoding=\"async\" class=\"aligncenter size-full wp-image-113688\" src=\"https:\/\/senoticias.com.br\/se\/wp-content\/uploads\/2018\/06\/Logomarca-fone-SE-4-2-1-1-1.jpg\" alt=\"\" width=\"599\" height=\"78\" srcset=\"https:\/\/senoticias.com.br\/se\/wp-content\/uploads\/2018\/06\/Logomarca-fone-SE-4-2-1-1-1.jpg 599w, https:\/\/senoticias.com.br\/se\/wp-content\/uploads\/2018\/06\/Logomarca-fone-SE-4-2-1-1-1-300x39.jpg 300w\" sizes=\"(max-width: 599px) 100vw, 599px\" \/><\/a><\/p>\n<p><em><strong>Acompanhe tamb\u00e9m o SE Not\u00edcias no<\/strong><span class=\"apple-converted-space\"><b>\u00a0<\/b><\/span><a href=\"https:\/\/twitter.com\/Senoticias\" target=\"_blank\" rel=\"noopener\"><b>Twitter<\/b><\/a><strong>,<\/strong><span class=\"apple-converted-space\"><b>\u00a0<\/b><\/span><a href=\"https:\/\/www.facebook.com\/senoticias1\" target=\"_blank\" rel=\"noopener\"><b>Facebook<\/b><span class=\"apple-converted-space\"><b>\u00a0<\/b><\/span><\/a><strong>e no<\/strong><span class=\"apple-converted-space\"><b>\u00a0<\/b><\/span><a href=\"https:\/\/www.instagram.com\/senoticias\/\" target=\"_blank\" rel=\"noopener\"><b>Instagram<\/b><\/a><\/em><\/p>\n<p>Ag\u00eancia Sergipe de Not\u00edcias<\/p>\n","protected":false},"excerpt":{"rendered":"<p>Durante solenidade, na manh\u00e3 desta quinta-feira, 5, na qual o governador Belivaldo Chagas autorizou a libera\u00e7\u00e3o de recursos para pavimenta\u00e7\u00e3o asf\u00e1ltica em 29 munic\u00edpios do interior do estado, tamb\u00e9m foi assinado o edital para o concurso de delegado substituto da Pol\u00edcia Civil de Sergipe. No certame, estar\u00e3o dispon\u00edveis dez vagas e est\u00e3o aptos a participar [&hellip;]<\/p>\n","protected":false},"author":6552,"featured_media":113999,"comment_status":"closed","ping_status":"closed","sticky":false,"template":"","format":"standard","meta":{"footnotes":""},"categories":[15,7,6],"tags":[10274,539,9269,448,5212,86],"class_list":{"0":"post-113998","1":"post","2":"type-post","3":"status-publish","4":"format-standard","5":"has-post-thumbnail","7":"category-destaques","8":"category-policia","9":"category-politica","10":"tag-concurso-de-delegados","11":"tag-corpo-de-bombeiros","12":"tag-gestor-publico","13":"tag-governo-de-sergipe","14":"tag-guarda-prisional","15":"tag-policia-militar"},"_links":{"self":[{"href":"https:\/\/senoticias.com.br\/se\/wp-json\/wp\/v2\/posts\/113998"}],"collection":[{"href":"https:\/\/senoticias.com.br\/se\/wp-json\/wp\/v2\/posts"}],"about":[{"href":"https:\/\/senoticias.com.br\/se\/wp-json\/wp\/v2\/types\/post"}],"author":[{"embeddable":true,"href":"https:\/\/senoticias.com.br\/se\/wp-json\/wp\/v2\/users\/6552"}],"replies":[{"embeddable":true,"href":"https:\/\/senoticias.com.br\/se\/wp-json\/wp\/v2\/comments?post=113998"}],"version-history":[{"count":0,"href":"https:\/\/senoticias.com.br\/se\/wp-json\/wp\/v2\/posts\/113998\/revisions"}],"wp:featuredmedia":[{"embeddable":true,"href":"https:\/\/senoticias.com.br\/se\/wp-json\/wp\/v2\/media\/113999"}],"wp:attachment":[{"href":"https:\/\/senoticias.com.br\/se\/wp-json\/wp\/v2\/media?parent=113998"}],"wp:term":[{"taxonomy":"category","embeddable":true,"href":"https:\/\/senoticias.com.br\/se\/wp-json\/wp\/v2\/categories?post=113998"},{"taxonomy":"post_tag","embeddable":true,"href":"https:\/\/senoticias.com.br\/se\/wp-json\/wp\/v2\/tags?post=113998"}],"curies":[{"name":"wp","href":"https:\/\/api.w.org\/{rel}","templated":true}]}}