{"id":113977,"date":"2018-07-04T19:39:37","date_gmt":"2018-07-04T22:39:37","guid":{"rendered":"https:\/\/senoticias.com.br\/se\/?p=113977"},"modified":"2018-07-04T19:39:37","modified_gmt":"2018-07-04T22:39:37","slug":"em-sergipe-lojas-ricardo-eletro-entra-em-regime-especial-de-fiscalizacao-por-tempo-indeterminado-por-sonegacao-de-icms","status":"publish","type":"post","link":"https:\/\/senoticias.com.br\/se\/em-sergipe-lojas-ricardo-eletro-entra-em-regime-especial-de-fiscalizacao-por-tempo-indeterminado-por-sonegacao-de-icms\/","title":{"rendered":"Em Sergipe, lojas Ricardo Eletro entra em regime especial de fiscaliza\u00e7\u00e3o por tempo indeterminado por sonega\u00e7\u00e3o de ICMS"},"content":{"rendered":"<p style=\"text-align: justify;\">A Secretaria de Estado da Fazenda (Sefaz) estabeleceu o enquadramento de todos os estabelecimentos comerciais <strong>da rede Ricardo Eletro <\/strong>em um regime especial de fiscaliza\u00e7\u00e3o por tempo indeterminado por sonega\u00e7\u00e3o de ICMS, tendo como consequ\u00eancia o desencadeamento da \u201cOpera\u00e7\u00e3o Sald\u00e3o\u201d na manh\u00e3 desta quarta-feira, 4, com o apoio da Companhia Fazend\u00e1ria, da Pol\u00edcia Militar.<\/p>\n<div id=\"attachment_113978\" style=\"width: 510px\" class=\"wp-caption aligncenter\"><a href=\"https:\/\/senoticias.com.br\/se\/wp-content\/uploads\/2018\/07\/5bbba979e87382d4809c891e0d7bea65.jpg\"><img loading=\"lazy\" decoding=\"async\" aria-describedby=\"caption-attachment-113978\" class=\"size-full wp-image-113978\" src=\"https:\/\/senoticias.com.br\/se\/wp-content\/uploads\/2018\/07\/5bbba979e87382d4809c891e0d7bea65.jpg\" alt=\"\" width=\"500\" height=\"375\" srcset=\"https:\/\/senoticias.com.br\/se\/wp-content\/uploads\/2018\/07\/5bbba979e87382d4809c891e0d7bea65.jpg 500w, https:\/\/senoticias.com.br\/se\/wp-content\/uploads\/2018\/07\/5bbba979e87382d4809c891e0d7bea65-300x225.jpg 300w, https:\/\/senoticias.com.br\/se\/wp-content\/uploads\/2018\/07\/5bbba979e87382d4809c891e0d7bea65-45x35.jpg 45w\" sizes=\"(max-width: 500px) 100vw, 500px\" \/><\/a><p id=\"caption-attachment-113978\" class=\"wp-caption-text\">De acordo com a Sefaz, rede de lojas acumula d\u00edvida de R$ 6,4 milh\u00f5es em ICMS n\u00e3o repassados ao Fisco entre os anos de 2014 e 2018 (foto: arquivo\/divulga\u00e7\u00e3o)<\/p><\/div>\n<p style=\"text-align: justify;\">Os auditores ficais visitaram as lojas da rede e permanecer\u00e3o em constante vigil\u00e2ncia a fim de acompanhar todas as opera\u00e7\u00f5es ou neg\u00f3cios do contribuinte no estabelecimento ou fora dele a qualquer hora, assim como as mercadorias em tr\u00e2nsito pelo Estado ficam impedidas de circular at\u00e9 o pagamento do imposto.<\/p>\n<p style=\"text-align: justify;\">Com a medida, no ato de todas as opera\u00e7\u00f5es ou neg\u00f3cios do contribuinte dever\u00e1 obrigatoriamente efetuar o pagamento do ICMS ao Estado e o sum\u00e1rio recolhimento do imposto no caso de mercadorias que adentrarem ou sa\u00edrem do Estado. Uma situa\u00e7\u00e3o encontrada pela Sefaz foi o fechamento de quatro lojas sem ter havido o que se denomina processo de baixa, ou seja, sem a comunica\u00e7\u00e3o ao Estado do encerramento das atividades do estabelecimento.<\/p>\n<p style=\"text-align: justify;\">A Superintend\u00eancia de Gest\u00e3o Tribut\u00e1ria da Sefaz aponta que as <strong>lojas Ricardo Eletro<\/strong> acumulam uma <strong>d\u00edvida da ordem de R$ 6,4 milh\u00f5es em ICMS<\/strong> n\u00e3o repassados ao Fisco entre os anos de 2014 e 2018, gerando a\u00e7\u00f5es administrativas e judiciais para cobran\u00e7a das d\u00edvidas que somam mais de 120 processos, entre executados, inscritos em d\u00edvida, parcelados ou aguardando decis\u00e3o da Justi\u00e7a, por\u00e9m, nenhum deles pago.<\/p>\n<p style=\"text-align: justify;\">A superintendente de Gest\u00e3o Tribut\u00e1ria da Sefaz, Silvana Maria Lisboa Lima, informou que, caso seja necess\u00e1rio, a Opera\u00e7\u00e3o Sald\u00e3o pode adotar outras medidas acautelat\u00f3rias previstas na legisla\u00e7\u00e3o tribut\u00e1ria estadual, com vistas \u00e0 efetiva\u00e7\u00e3o do regime estabelecido, em especial apreens\u00e3o de livros, documentos, programas, arquivos magn\u00e9ticos e \u00f3pticos, como prova material de infra\u00e7\u00e3o, lavrando termo de apreens\u00e3o, termo de dep\u00f3sito ou termo de arrecada\u00e7\u00e3o.<\/p>\n<p style=\"text-align: justify;\">Quinze estabelecimentos da rede foram relacionados, tanto em Aracaju como em munic\u00edpios do interior, a exemplo de\u00a0 Itabaiana e Tobias Barreto. Com a a\u00e7\u00e3o da Sefaz, as lojas tiveram dificuldade de efetuar em fun\u00e7\u00e3o de n\u00e3o conseguirem adequar seus procedimentos \u00e0 exig\u00eancia disposta na legisla\u00e7\u00e3o do Regime Especial de Fiscaliza\u00e7\u00e3o.<\/p>\n<p style=\"text-align: justify;\">\u201cO Governo do Estado \u00e9 intolerante \u00e0 sonega\u00e7\u00e3o e vai sempre agir com o rigor da lei para evitar que o com\u00e9rcio varejista seja prejudicado por condutas desleais por parte de contribuintes. Ao n\u00e3o pagar os impostos, o comportamento da Ricardo Eletro tem provocado desequil\u00edbrio no mercado varejista e colocado em desvantagem os demais contribuintes que atuam de forma correta. A atua\u00e7\u00e3o do governo \u00e9 no sentido de ser mais eficaz na arrecada\u00e7\u00e3o e fortalecer o segmento do com\u00e9rcio, auxiliando com mecanismos de crescimento e desenvolvimento com justi\u00e7a fiscal\u201d, assegurou a superintendente.<\/p>\n<p>&nbsp;<\/p>\n<p><a href=\"https:\/\/senoticias.com.br\/se\/wp-content\/uploads\/2018\/06\/Logomarca-fone-SE-4-2-1-1-1.jpg\"><img loading=\"lazy\" decoding=\"async\" class=\"aligncenter size-full wp-image-113688\" src=\"https:\/\/senoticias.com.br\/se\/wp-content\/uploads\/2018\/06\/Logomarca-fone-SE-4-2-1-1-1.jpg\" alt=\"\" width=\"599\" height=\"78\" srcset=\"https:\/\/senoticias.com.br\/se\/wp-content\/uploads\/2018\/06\/Logomarca-fone-SE-4-2-1-1-1.jpg 599w, https:\/\/senoticias.com.br\/se\/wp-content\/uploads\/2018\/06\/Logomarca-fone-SE-4-2-1-1-1-300x39.jpg 300w\" sizes=\"(max-width: 599px) 100vw, 599px\" \/><\/a><\/p>\n<p>&nbsp;<\/p>\n<p><em><strong>Acompanhe tamb\u00e9m o SE Not\u00edcias no<\/strong><span class=\"apple-converted-space\"><b>\u00a0<\/b><\/span><a href=\"https:\/\/twitter.com\/Senoticias\" target=\"_blank\" rel=\"noopener\"><b>Twitter<\/b><\/a><strong>,<\/strong><span class=\"apple-converted-space\"><b>\u00a0<\/b><\/span><a href=\"https:\/\/www.facebook.com\/senoticias1\" target=\"_blank\" rel=\"noopener\"><b>Facebook<\/b><span class=\"apple-converted-space\"><b>\u00a0<\/b><\/span><\/a><strong>e no<\/strong><span class=\"apple-converted-space\"><b>\u00a0<\/b><\/span><a href=\"https:\/\/www.instagram.com\/senoticias\/\" target=\"_blank\" rel=\"noopener\"><b>Instagram<\/b><\/a><\/em><\/p>\n<p><em>Informa\u00e7\u00f5es da Secretaria de Estado da Fazenda<\/em><\/p>\n","protected":false},"excerpt":{"rendered":"<p>A Secretaria de Estado da Fazenda (Sefaz) estabeleceu o enquadramento de todos os estabelecimentos comerciais da rede Ricardo Eletro em um regime especial de fiscaliza\u00e7\u00e3o por tempo indeterminado por sonega\u00e7\u00e3o de ICMS, tendo como consequ\u00eancia o desencadeamento da \u201cOpera\u00e7\u00e3o Sald\u00e3o\u201d na manh\u00e3 desta quarta-feira, 4, com o apoio da Companhia Fazend\u00e1ria, da Pol\u00edcia Militar. Os [&hellip;]<\/p>\n","protected":false},"author":6552,"featured_media":113978,"comment_status":"closed","ping_status":"closed","sticky":false,"template":"","format":"standard","meta":{"footnotes":""},"categories":[15],"tags":[10268,10267,3118],"class_list":{"0":"post-113977","1":"post","2":"type-post","3":"status-publish","4":"format-standard","5":"has-post-thumbnail","7":"category-destaques","8":"tag-operacao-saldao","9":"tag-ricardo-eletro","10":"tag-sefaz"},"_links":{"self":[{"href":"https:\/\/senoticias.com.br\/se\/wp-json\/wp\/v2\/posts\/113977"}],"collection":[{"href":"https:\/\/senoticias.com.br\/se\/wp-json\/wp\/v2\/posts"}],"about":[{"href":"https:\/\/senoticias.com.br\/se\/wp-json\/wp\/v2\/types\/post"}],"author":[{"embeddable":true,"href":"https:\/\/senoticias.com.br\/se\/wp-json\/wp\/v2\/users\/6552"}],"replies":[{"embeddable":true,"href":"https:\/\/senoticias.com.br\/se\/wp-json\/wp\/v2\/comments?post=113977"}],"version-history":[{"count":0,"href":"https:\/\/senoticias.com.br\/se\/wp-json\/wp\/v2\/posts\/113977\/revisions"}],"wp:featuredmedia":[{"embeddable":true,"href":"https:\/\/senoticias.com.br\/se\/wp-json\/wp\/v2\/media\/113978"}],"wp:attachment":[{"href":"https:\/\/senoticias.com.br\/se\/wp-json\/wp\/v2\/media?parent=113977"}],"wp:term":[{"taxonomy":"category","embeddable":true,"href":"https:\/\/senoticias.com.br\/se\/wp-json\/wp\/v2\/categories?post=113977"},{"taxonomy":"post_tag","embeddable":true,"href":"https:\/\/senoticias.com.br\/se\/wp-json\/wp\/v2\/tags?post=113977"}],"curies":[{"name":"wp","href":"https:\/\/api.w.org\/{rel}","templated":true}]}}