{"id":113900,"date":"2018-06-29T14:59:22","date_gmt":"2018-06-29T17:59:22","guid":{"rendered":"https:\/\/senoticias.com.br\/se\/?p=113900"},"modified":"2018-06-29T14:59:22","modified_gmt":"2018-06-29T17:59:22","slug":"devinho-novaes-agredido-por-seguranca-durante-show-em-alagoas","status":"publish","type":"post","link":"https:\/\/senoticias.com.br\/se\/devinho-novaes-agredido-por-seguranca-durante-show-em-alagoas\/","title":{"rendered":"Devinho Novaes agredido por seguran\u00e7a durante show em Alagoas"},"content":{"rendered":"<p style=\"text-align: justify;\">O cantor Devinho Novaes postou um v\u00eddeo nas redes sociais, ap\u00f3s realizar apresenta\u00e7\u00e3o em um show, na noite desta quinta-feira (28), na cidade de Coruripe, interior de Alagoas. Segundo o cantor, um tenente da pol\u00edcia militar o agrediu.<\/p>\n<p style=\"text-align: justify;\">\u201cUm seguran\u00e7a pegou e enforcou meu pesco\u00e7o e ainda me deu um soco. N\u00e3o existe isso, n\u00e3o. A gente trata as pessoas bem, mas n\u00e3o existe isso n\u00e3o. Um cara, um tenente de Coruripe. Eu estava tentando sair e o cara me deu um soco na garganta. O cara apontou a arma pra mim&#8221;, disse\u00a0o cantor.<\/p>\n<div id=\"attachment_113901\" style=\"width: 609px\" class=\"wp-caption aligncenter\"><a href=\"https:\/\/senoticias.com.br\/se\/wp-content\/uploads\/2018\/06\/foto-estudio-e1530293970500.jpg\"><img loading=\"lazy\" decoding=\"async\" aria-describedby=\"caption-attachment-113901\" class=\"size-full wp-image-113901\" src=\"https:\/\/senoticias.com.br\/se\/wp-content\/uploads\/2018\/06\/foto-estudio-e1530293970500.jpg\" alt=\"\" width=\"599\" height=\"898\" \/><\/a><p id=\"caption-attachment-113901\" class=\"wp-caption-text\">Devinho Novaes agredido durante show em Coruripe (Foto: Anderson Adler \/ divulga\u00e7\u00e3o)<\/p><\/div>\n<p style=\"text-align: justify;\">Entramos em contato com\u00a0o 11\u00ba Batalh\u00e3o da Pol\u00edcia Militar de Coruripe e o supervisor informou que a discuss\u00e3o n\u00e3o tem rela\u00e7\u00e3o nenhuma com os policiais que estavam trabalhando no evento e que\u00a0o \u00fanico tenente de plant\u00e3o pelo batalh\u00e3o, nessa quinta, estava trabalhando na cidade de Penedo.<\/p>\n<p><a href=\"https:\/\/senoticias.com.br\/se\/wp-content\/uploads\/2018\/06\/Logomarca-fone-SE-4-2-1-1-1.jpg\"><img loading=\"lazy\" decoding=\"async\" class=\"aligncenter size-full wp-image-113688\" src=\"https:\/\/senoticias.com.br\/se\/wp-content\/uploads\/2018\/06\/Logomarca-fone-SE-4-2-1-1-1.jpg\" alt=\"\" width=\"599\" height=\"78\" srcset=\"https:\/\/senoticias.com.br\/se\/wp-content\/uploads\/2018\/06\/Logomarca-fone-SE-4-2-1-1-1.jpg 599w, https:\/\/senoticias.com.br\/se\/wp-content\/uploads\/2018\/06\/Logomarca-fone-SE-4-2-1-1-1-300x39.jpg 300w\" sizes=\"(max-width: 599px) 100vw, 599px\" \/><\/a><\/p>\n<p><em><strong>Acompanhe tamb\u00e9m o SE Not\u00edcias no<\/strong><span class=\"apple-converted-space\"><b>\u00a0<\/b><\/span><a href=\"https:\/\/twitter.com\/Senoticias\" target=\"_blank\" rel=\"noopener\"><b>Twitter<\/b><\/a><strong>,<\/strong><span class=\"apple-converted-space\"><b>\u00a0<\/b><\/span><a href=\"https:\/\/www.facebook.com\/senoticias1\" target=\"_blank\" rel=\"noopener\"><b>Facebook<\/b><span class=\"apple-converted-space\"><b>\u00a0<\/b><\/span><\/a><strong>e no<\/strong><span class=\"apple-converted-space\"><b>\u00a0<\/b><\/span><a href=\"https:\/\/www.instagram.com\/senoticias\/\" target=\"_blank\" rel=\"noopener\"><b>Instagram<\/b><\/a><\/em><\/p>\n<p><em>Por Reda\u00e7\u00e3o Cada Minuto<\/em><\/p>\n<p>&nbsp;<\/p>\n","protected":false},"excerpt":{"rendered":"<p>O cantor Devinho Novaes postou um v\u00eddeo nas redes sociais, ap\u00f3s realizar apresenta\u00e7\u00e3o em um show, na noite desta quinta-feira (28), na cidade de Coruripe, interior de Alagoas. Segundo o cantor, um tenente da pol\u00edcia militar o agrediu. \u201cUm seguran\u00e7a pegou e enforcou meu pesco\u00e7o e ainda me deu um soco. N\u00e3o existe isso, n\u00e3o. [&hellip;]<\/p>\n","protected":false},"author":6552,"featured_media":113901,"comment_status":"closed","ping_status":"closed","sticky":false,"template":"","format":"standard","meta":{"footnotes":""},"categories":[15],"tags":[2653,10215,10217,7634,10216],"class_list":{"0":"post-113900","1":"post","2":"type-post","3":"status-publish","4":"format-standard","5":"has-post-thumbnail","7":"category-destaques","8":"tag-alagoas","9":"tag-cantor-devinho-novaes","10":"tag-coruripe","11":"tag-devinho-novaes","12":"tag-devinho-novaes-agredido"},"_links":{"self":[{"href":"https:\/\/senoticias.com.br\/se\/wp-json\/wp\/v2\/posts\/113900"}],"collection":[{"href":"https:\/\/senoticias.com.br\/se\/wp-json\/wp\/v2\/posts"}],"about":[{"href":"https:\/\/senoticias.com.br\/se\/wp-json\/wp\/v2\/types\/post"}],"author":[{"embeddable":true,"href":"https:\/\/senoticias.com.br\/se\/wp-json\/wp\/v2\/users\/6552"}],"replies":[{"embeddable":true,"href":"https:\/\/senoticias.com.br\/se\/wp-json\/wp\/v2\/comments?post=113900"}],"version-history":[{"count":0,"href":"https:\/\/senoticias.com.br\/se\/wp-json\/wp\/v2\/posts\/113900\/revisions"}],"wp:featuredmedia":[{"embeddable":true,"href":"https:\/\/senoticias.com.br\/se\/wp-json\/wp\/v2\/media\/113901"}],"wp:attachment":[{"href":"https:\/\/senoticias.com.br\/se\/wp-json\/wp\/v2\/media?parent=113900"}],"wp:term":[{"taxonomy":"category","embeddable":true,"href":"https:\/\/senoticias.com.br\/se\/wp-json\/wp\/v2\/categories?post=113900"},{"taxonomy":"post_tag","embeddable":true,"href":"https:\/\/senoticias.com.br\/se\/wp-json\/wp\/v2\/tags?post=113900"}],"curies":[{"name":"wp","href":"https:\/\/api.w.org\/{rel}","templated":true}]}}