{"id":113879,"date":"2018-06-28T18:01:33","date_gmt":"2018-06-28T21:01:33","guid":{"rendered":"https:\/\/senoticias.com.br\/se\/?p=113879"},"modified":"2018-06-28T18:02:52","modified_gmt":"2018-06-28T21:02:52","slug":"cabo-romulo-e-enterrado-com-honras-militares","status":"publish","type":"post","link":"https:\/\/senoticias.com.br\/se\/cabo-romulo-e-enterrado-com-honras-militares\/","title":{"rendered":"Cabo R\u00f4mulo \u00e9 enterrado com honras militares"},"content":{"rendered":"<p style=\"text-align: justify;\">Consternado, o comando da Pol\u00edcia Militar do Estado de Sergipe lamenta a morte do cabo R\u00f4mulo dos Santos Oliveira, de 35 anos. O guerreiro, que integrava o Grupamento Especial T\u00e1tico de Motos do 3\u00ba Batalh\u00e3o de Pol\u00edcia Militar (Getam\/ 3\u00ba BPM), faleceu no in\u00edcio da tarde desta quarta-feira, 27, nas depend\u00eancias do Hospital Renascen\u00e7a, em Aracaju.<\/p>\n<div id=\"attachment_113880\" style=\"width: 609px\" class=\"wp-caption aligncenter\"><a href=\"https:\/\/senoticias.com.br\/se\/wp-content\/uploads\/2018\/06\/cb-r\u00f4mulo-e1530219093574.jpg\"><img loading=\"lazy\" decoding=\"async\" aria-describedby=\"caption-attachment-113880\" class=\"size-full wp-image-113880\" src=\"https:\/\/senoticias.com.br\/se\/wp-content\/uploads\/2018\/06\/cb-r\u00f4mulo-e1530219093574.jpg\" alt=\"\" width=\"599\" height=\"401\" \/><\/a><p id=\"caption-attachment-113880\" class=\"wp-caption-text\">Cabo R\u00f4mulo faleceu no in\u00edcio da tarde desta quarta-feira, 27, nas depend\u00eancias do Hospital Renascen\u00e7a, em Aracaju (foto: ascom\/PMSE)<\/p><\/div>\n<p style=\"text-align: justify;\">O cabo R\u00f4mulo entrou na Corpora\u00e7\u00e3o no ano de 2006 e sempre atuou com muita garra em Unidades operacionais da PMSE. No in\u00edcio de 2017, o militar foi diagnosticado com leucemia linfoide aguda e, desde ent\u00e3o, lutou intensamente contra a doen\u00e7a. No \u00faltimo dia 15, o policial foi internado mais uma vez e, ap\u00f3s incessante batalha, acabou n\u00e3o resistindo e veio a \u00f3bito nesta quarta.<\/p>\n<p style=\"text-align: justify;\"><strong>Vel\u00f3rio e sepultamento<\/strong><\/p>\n<p style=\"text-align: justify;\">O corpo do pra\u00e7a foi velado na sede do Getam do 3\u00ba Batalh\u00e3o, situada na Avenida Doutor Luiz Magalh\u00e3es, 1421, na cidade de Itabaiana, e foi sepultado \u00e0s 16h desta quinta-feira, 28, no cemit\u00e9rio do Povoado Candeias, munic\u00edpio de Moita Bonita, sendo que o cortejo f\u00fanebre sair\u00e1 de Itabaiana \u00e0s 15h. O cabo R\u00f4mulo deixou esposa e dois filhos, al\u00e9m de um grande exemplo de profissionalismo, garra e persist\u00eancia.<\/p>\n<p>&nbsp;<\/p>\n<p><a href=\"https:\/\/senoticias.com.br\/se\/wp-content\/uploads\/2018\/06\/Logomarca-fone-SE-4-2-1-1-1.jpg\"><img loading=\"lazy\" decoding=\"async\" class=\"aligncenter size-full wp-image-113688\" src=\"https:\/\/senoticias.com.br\/se\/wp-content\/uploads\/2018\/06\/Logomarca-fone-SE-4-2-1-1-1.jpg\" alt=\"\" width=\"599\" height=\"78\" srcset=\"https:\/\/senoticias.com.br\/se\/wp-content\/uploads\/2018\/06\/Logomarca-fone-SE-4-2-1-1-1.jpg 599w, https:\/\/senoticias.com.br\/se\/wp-content\/uploads\/2018\/06\/Logomarca-fone-SE-4-2-1-1-1-300x39.jpg 300w\" sizes=\"(max-width: 599px) 100vw, 599px\" \/><\/a><\/p>\n<p>&nbsp;<\/p>\n<p><em><strong>Acompanhe tamb\u00e9m o SE Not\u00edcias no<\/strong><span class=\"apple-converted-space\"><b>\u00a0<\/b><\/span><a href=\"https:\/\/twitter.com\/Senoticias\" target=\"_blank\" rel=\"noopener\"><b>Twitter<\/b><\/a><strong>,<\/strong><span class=\"apple-converted-space\"><b>\u00a0<\/b><\/span><a href=\"https:\/\/www.facebook.com\/senoticias1\" target=\"_blank\" rel=\"noopener\"><b>Facebook<\/b><span class=\"apple-converted-space\"><b>\u00a0<\/b><\/span><\/a><strong>e no<\/strong><span class=\"apple-converted-space\"><b>\u00a0<\/b><\/span><a href=\"https:\/\/www.instagram.com\/senoticias\/\" target=\"_blank\" rel=\"noopener\"><b>Instagram<\/b><\/a><\/em><\/p>\n<p>&nbsp;<\/p>\n<p><em>Por ascom\/PM\/SE<\/em><\/p>\n<p>&nbsp;<\/p>\n","protected":false},"excerpt":{"rendered":"<p>Consternado, o comando da Pol\u00edcia Militar do Estado de Sergipe lamenta a morte do cabo R\u00f4mulo dos Santos Oliveira, de 35 anos. O guerreiro, que integrava o Grupamento Especial T\u00e1tico de Motos do 3\u00ba Batalh\u00e3o de Pol\u00edcia Militar (Getam\/ 3\u00ba BPM), faleceu no in\u00edcio da tarde desta quarta-feira, 27, nas depend\u00eancias do Hospital Renascen\u00e7a, em [&hellip;]<\/p>\n","protected":false},"author":6552,"featured_media":113880,"comment_status":"closed","ping_status":"closed","sticky":false,"template":"","format":"standard","meta":{"footnotes":""},"categories":[15,7],"tags":[10208,575,804,505],"class_list":{"0":"post-113879","1":"post","2":"type-post","3":"status-publish","4":"format-standard","5":"has-post-thumbnail","7":"category-destaques","8":"category-policia","9":"tag-cabo-romulo-dos-santos","10":"tag-getam","11":"tag-moita-bonita","12":"tag-policia-militar-do-estado-de-sergipe"},"_links":{"self":[{"href":"https:\/\/senoticias.com.br\/se\/wp-json\/wp\/v2\/posts\/113879"}],"collection":[{"href":"https:\/\/senoticias.com.br\/se\/wp-json\/wp\/v2\/posts"}],"about":[{"href":"https:\/\/senoticias.com.br\/se\/wp-json\/wp\/v2\/types\/post"}],"author":[{"embeddable":true,"href":"https:\/\/senoticias.com.br\/se\/wp-json\/wp\/v2\/users\/6552"}],"replies":[{"embeddable":true,"href":"https:\/\/senoticias.com.br\/se\/wp-json\/wp\/v2\/comments?post=113879"}],"version-history":[{"count":0,"href":"https:\/\/senoticias.com.br\/se\/wp-json\/wp\/v2\/posts\/113879\/revisions"}],"wp:featuredmedia":[{"embeddable":true,"href":"https:\/\/senoticias.com.br\/se\/wp-json\/wp\/v2\/media\/113880"}],"wp:attachment":[{"href":"https:\/\/senoticias.com.br\/se\/wp-json\/wp\/v2\/media?parent=113879"}],"wp:term":[{"taxonomy":"category","embeddable":true,"href":"https:\/\/senoticias.com.br\/se\/wp-json\/wp\/v2\/categories?post=113879"},{"taxonomy":"post_tag","embeddable":true,"href":"https:\/\/senoticias.com.br\/se\/wp-json\/wp\/v2\/tags?post=113879"}],"curies":[{"name":"wp","href":"https:\/\/api.w.org\/{rel}","templated":true}]}}