{"id":113860,"date":"2018-06-27T18:30:57","date_gmt":"2018-06-27T21:30:57","guid":{"rendered":"https:\/\/senoticias.com.br\/se\/?p=113860"},"modified":"2018-06-28T07:30:46","modified_gmt":"2018-06-28T10:30:46","slug":"prefeitura-de-aracaju-notificara-contribuintes-sobre-a-isencao-para-o-iptu-2018","status":"publish","type":"post","link":"https:\/\/senoticias.com.br\/se\/prefeitura-de-aracaju-notificara-contribuintes-sobre-a-isencao-para-o-iptu-2018\/","title":{"rendered":"Prefeitura de Aracaju notificar\u00e1 contribuintes sobre a isen\u00e7\u00e3o para o IPTU 2018"},"content":{"rendered":"<p style=\"text-align: justify;\"><span style=\"color: #000000;\">A Prefeitura de Aracaju, atrav\u00e9s da Secretaria Municipal da Fazenda (Semfaz), iniciou a entrega das cartas de notifica\u00e7\u00e3o sobre a isen\u00e7\u00e3o do Imposto Predial Territorial Urbano (IPTU) de 2018. O documento, distribu\u00eddo pelos Correios, chegar\u00e1 na casa dos contribuintes que est\u00e3o isentos do tributo por se enquadrarem no crit\u00e9rio que considera o valor dos im\u00f3veis.<\/span><\/p>\n<div id=\"attachment_113861\" style=\"width: 459px\" class=\"wp-caption aligncenter\"><a href=\"https:\/\/senoticias.com.br\/se\/wp-content\/uploads\/2018\/06\/ascom_fazenda-e1530134967964.jpg\"><img loading=\"lazy\" decoding=\"async\" aria-describedby=\"caption-attachment-113861\" class=\"wp-image-113861 size-full\" src=\"https:\/\/senoticias.com.br\/se\/wp-content\/uploads\/2018\/06\/ascom_fazenda-e1530134967964.jpg\" alt=\"\" width=\"449\" height=\"599\" \/><\/a><p id=\"caption-attachment-113861\" class=\"wp-caption-text\">Foto: Ascom Fazenda<\/p><\/div>\n<p style=\"text-align: justify;\"><span style=\"color: #000000;\">&#8220;O benef\u00edcio foi concedido aos propriet\u00e1rios de im\u00f3veis cujo o valor venal, ou seja, o pre\u00e7o avaliado pela Prefeitura, seja de at\u00e9 R$ 10 mil. S\u00e3o im\u00f3veis que hoje t\u00eam um valor comercial variando entre R$ 30 e 40 mil&#8221;, informa a diretora do Departamento de Tributos Imobili\u00e1rios da Semfaz (Dtim), Ign\u00eaz Souto.<\/span><\/p>\n<p style=\"text-align: justify;\"><span style=\"color: #000000;\">O projeto de lei que garantiu a amplia\u00e7\u00e3o da isen\u00e7\u00e3o foi sancionado pelo prefeito Edvaldo Nogueira, em dezembro de 2017, e, segundo o secret\u00e1rio da Fazenda, Jeferson Passos, a maioria das im\u00f3veis beneficiados est\u00e3o localizados em bairros como Santa Maria, 17 de Mar\u00e7o, Porto Dantas, Lamar\u00e3o e Coqueiral, por exemplo.<\/span><\/p>\n<p style=\"text-align: justify;\"><span style=\"color: #000000;\">&#8220;S\u00e3o contribuintes que realmente necessitam deste benef\u00edcio&#8221;, ressaltou. Ainda de acordo com o secret\u00e1rio, a administra\u00e7\u00e3o municipal fez quest\u00e3o de enviar as cartas de notifica\u00e7\u00e3o, uma iniciativa que sempre fez parte da gest\u00e3o de Edvaldo Nogueira. &#8220;\u00c9 uma forma de di\u00e1logo e transpar\u00eancia com o contribuinte. Al\u00e9m disso, \u00e9 sempre bom receber uma not\u00edcia boa&#8221;, conclui Jeferson Passos.<\/span><\/p>\n<p>&nbsp;<\/p>\n<p><a href=\"https:\/\/senoticias.com.br\/se\/wp-content\/uploads\/2018\/06\/Logomarca-fone-SE-4-2-1-1-1.jpg\"><img loading=\"lazy\" decoding=\"async\" class=\"aligncenter wp-image-113688 size-full\" src=\"https:\/\/senoticias.com.br\/se\/wp-content\/uploads\/2018\/06\/Logomarca-fone-SE-4-2-1-1-1.jpg\" alt=\"\" width=\"599\" height=\"78\" srcset=\"https:\/\/senoticias.com.br\/se\/wp-content\/uploads\/2018\/06\/Logomarca-fone-SE-4-2-1-1-1.jpg 599w, https:\/\/senoticias.com.br\/se\/wp-content\/uploads\/2018\/06\/Logomarca-fone-SE-4-2-1-1-1-300x39.jpg 300w\" sizes=\"(max-width: 599px) 100vw, 599px\" \/><\/a><\/p>\n<p>Por Ag\u00eancia Aracaju de Not\u00edcias<\/p>\n","protected":false},"excerpt":{"rendered":"<p>A Prefeitura de Aracaju, atrav\u00e9s da Secretaria Municipal da Fazenda (Semfaz), iniciou a entrega das cartas de notifica\u00e7\u00e3o sobre a isen\u00e7\u00e3o do Imposto Predial Territorial Urbano (IPTU) de 2018. O documento, distribu\u00eddo pelos Correios, chegar\u00e1 na casa dos contribuintes que est\u00e3o isentos do tributo por se enquadrarem no crit\u00e9rio que considera o valor dos im\u00f3veis. [&hellip;]<\/p>\n","protected":false},"author":6553,"featured_media":0,"comment_status":"closed","ping_status":"closed","sticky":false,"template":"","format":"standard","meta":{"footnotes":""},"categories":[6],"tags":[371,339,4282,9275,223],"class_list":{"0":"post-113860","1":"post","2":"type-post","3":"status-publish","4":"format-standard","6":"category-politica","7":"tag-371","8":"tag-aracaju","9":"tag-iptu","10":"tag-isencao","11":"tag-sergipe"},"_links":{"self":[{"href":"https:\/\/senoticias.com.br\/se\/wp-json\/wp\/v2\/posts\/113860"}],"collection":[{"href":"https:\/\/senoticias.com.br\/se\/wp-json\/wp\/v2\/posts"}],"about":[{"href":"https:\/\/senoticias.com.br\/se\/wp-json\/wp\/v2\/types\/post"}],"author":[{"embeddable":true,"href":"https:\/\/senoticias.com.br\/se\/wp-json\/wp\/v2\/users\/6553"}],"replies":[{"embeddable":true,"href":"https:\/\/senoticias.com.br\/se\/wp-json\/wp\/v2\/comments?post=113860"}],"version-history":[{"count":0,"href":"https:\/\/senoticias.com.br\/se\/wp-json\/wp\/v2\/posts\/113860\/revisions"}],"wp:attachment":[{"href":"https:\/\/senoticias.com.br\/se\/wp-json\/wp\/v2\/media?parent=113860"}],"wp:term":[{"taxonomy":"category","embeddable":true,"href":"https:\/\/senoticias.com.br\/se\/wp-json\/wp\/v2\/categories?post=113860"},{"taxonomy":"post_tag","embeddable":true,"href":"https:\/\/senoticias.com.br\/se\/wp-json\/wp\/v2\/tags?post=113860"}],"curies":[{"name":"wp","href":"https:\/\/api.w.org\/{rel}","templated":true}]}}