{"id":113854,"date":"2018-06-27T17:46:27","date_gmt":"2018-06-27T20:46:27","guid":{"rendered":"https:\/\/senoticias.com.br\/se\/?p=113854"},"modified":"2018-06-27T17:46:27","modified_gmt":"2018-06-27T20:46:27","slug":"policia-civil-de-sergipe-prende-dupla-acusada-de-extorsao-mediante-sequestro-em-maceio","status":"publish","type":"post","link":"https:\/\/senoticias.com.br\/se\/policia-civil-de-sergipe-prende-dupla-acusada-de-extorsao-mediante-sequestro-em-maceio\/","title":{"rendered":"Pol\u00edcia Civil de Sergipe prende dupla acusada de extors\u00e3o mediante sequestro em Macei\u00f3"},"content":{"rendered":"<p align=\"justify\">Na manh\u00e3 da \u00faltima segunda-feira, 25, equipes do Centro de Opera\u00e7\u00f5es Policiais Especiais (COPE), com o apoio do setor de intelig\u00eancia, prenderam na cidade de Macei\u00f3\/AL, o taxista Madson Gomes Wanderley Jatob\u00e1, 35 anos e Felizardo dos Santos Saraiva, 44 anos, em decorr\u00eancia da investiga\u00e7\u00e3o que apurou o crime de extors\u00e3o mediante sequestro, consumado em setembro de 2017.<\/p>\n<div id=\"attachment_113855\" style=\"width: 609px\" class=\"wp-caption aligncenter\"><a href=\"https:\/\/senoticias.com.br\/se\/wp-content\/uploads\/2018\/06\/untitled-3.png\"><img loading=\"lazy\" decoding=\"async\" aria-describedby=\"caption-attachment-113855\" class=\"size-full wp-image-113855\" src=\"https:\/\/senoticias.com.br\/se\/wp-content\/uploads\/2018\/06\/untitled-3-e1530132241903.png\" alt=\"\" width=\"599\" height=\"599\" \/><\/a><p id=\"caption-attachment-113855\" class=\"wp-caption-text\">Os indiv\u00edduos foram presos em suas resid\u00eancias, com o apoio de policiais civis do Grupo de Atua\u00e7\u00e3o Especial de Combate ao Crime Organizado (foto: SSP\/SE)<\/p><\/div>\n<p align=\"justify\">Na oportunidade do crime, Felizardo manteve contato com a v\u00edtima por meio de um an\u00fancio de venda de uma valiosa resid\u00eancia em Aracaju, passando-se por interessado na compra. Ap\u00f3s o contato, na manh\u00e3 do dia do crime, o indiv\u00edduo, na companhia de uma jovem que simulava ser sua companheira, foi recebido pela v\u00edtima a fim de conhecer a resid\u00eancia. Quando o casal acessou o interior da casa, Felizardo sacou uma arma anunciando o assalto, viabilizando a entrada de Madson, o terceiro suspeito a participar da trama criminosa.<\/p>\n<p align=\"justify\">\n<p align=\"justify\">Insatisfeitos com o resultado negativo das buscas por dinheiro e objetos de valor na resid\u00eancia, a jovem, identificada apenas como Juliana, manteve ref\u00e9ns a esposa e um filho do casal, enquanto seu marido foi levado pelos outros dois indiv\u00edduos at\u00e9 uma loja de ve\u00edculos, onde venderam a caminhonete das v\u00edtimas.<\/p>\n<p>O valor foi transferido para uma conta banc\u00e1ria da v\u00edtima que foi levada at\u00e9 \u00e0 ag\u00eancia respectiva e, sob coa\u00e7\u00e3o e amea\u00e7as, vendo sua esposa e filho ref\u00e9ns, sacou a quantia de <strong>R$ 65.000,00<\/strong> e entregou a Madson, que o acompanhava.\u00a0Ap\u00f3s o saque do valor na ag\u00eancia banc\u00e1ria, os suspeitos retornaram para a resid\u00eancia onde sedaram, amarram e trancaram as v\u00edtimas em um c\u00f4modo para que n\u00e3o pedissem socorro e empreenderam fuga.<\/p>\n<p align=\"justify\">\nAs investiga\u00e7\u00f5es apontaram inicialmente para Madson, taxista em Macei\u00f3, e que j\u00e1 respondeu por homic\u00eddio. A partir das imagens do seu hist\u00f3rico criminal em Alagoas, foi realizado exame de Identifica\u00e7\u00e3o Facial Forense pelo IML\/SE, comprovando se tratar do indiv\u00edduo que acompanhou a v\u00edtima at\u00e9 a ag\u00eancia banc\u00e1ria para efetiva\u00e7\u00e3o do saque.<\/p>\n<p align=\"justify\">\n<p align=\"justify\">Na sequ\u00eancia, Felizardo foi identificado, condenado por assalto a m\u00e3o armada no Distrito Federal, assalto a resid\u00eancia em Goi\u00e1s, perpetrado de forma semelhante ao caso em Aracaju, e por tr\u00e1fico de drogas em Pernambuco, onde respondeu ao processo com nome falso de Sandro dos Santos e atualmente cumpre pena em regime aberto com esta identifica\u00e7\u00e3o falsa gerada a partir da compra de uma CNH ideologicamente falsa.<\/p>\n<p align=\"justify\">\n<p style=\"text-align: justify;\" align=\"justify\">Presos em suas resid\u00eancias na cidade de Macei\u00f3, com o apoio do GAECO\/AL \u2013 Grupo de Atua\u00e7\u00e3o Especial de Combate ao Crime Organizado, ambos confessam a autoria do crime, apontando uma usu\u00e1ria de drogas n\u00e3o identificada, como terceira coautora respons\u00e1vel pelo aluguel do carro usado pelo trio na empreitada criminosa.<\/p>\n<p>Felizardo, mentor do crime, alega que ap\u00f3s ser preso por tr\u00e1fico de drogas em Pernambuco no ano de 2015, passou a ser amea\u00e7ado pelo propriet\u00e1rio do entorpecente que restou apreendido.<\/p>\n<p style=\"text-align: justify;\" align=\"justify\">\n<p style=\"text-align: justify;\" align=\"justify\">Os presos permanecem na cust\u00f3dia do COPE at\u00e9 a conclus\u00e3o do Inqu\u00e9rito Policial em 10 dias.<\/p>\n<p align=\"justify\">\n<p align=\"justify\"><em><strong>Acompanhe tamb\u00e9m o SE Not\u00edcias no<\/strong><span class=\"apple-converted-space\"><b>\u00a0<\/b><\/span><a href=\"https:\/\/twitter.com\/Senoticias\" target=\"_blank\" rel=\"noopener\"><b>Twitter<\/b><\/a><strong>,<\/strong><span class=\"apple-converted-space\"><b>\u00a0<\/b><\/span><a href=\"https:\/\/www.facebook.com\/senoticias1\" target=\"_blank\" rel=\"noopener\"><b>Facebook<\/b><span class=\"apple-converted-space\"><b>\u00a0<\/b><\/span><\/a><strong>e no<\/strong><span class=\"apple-converted-space\"><b>\u00a0<\/b><\/span><a href=\"https:\/\/www.instagram.com\/senoticias\/\" target=\"_blank\" rel=\"noopener\"><b>Instagram<\/b><\/a><\/em><\/p>\n<p align=\"justify\">\n<p align=\"justify\">\n<p align=\"justify\"><a href=\"https:\/\/senoticias.com.br\/se\/wp-content\/uploads\/2018\/06\/Logomarca-fone-SE-4-2-1-1-1.jpg\"><img loading=\"lazy\" decoding=\"async\" class=\"aligncenter size-full wp-image-113688\" src=\"https:\/\/senoticias.com.br\/se\/wp-content\/uploads\/2018\/06\/Logomarca-fone-SE-4-2-1-1-1.jpg\" alt=\"\" width=\"599\" height=\"78\" srcset=\"https:\/\/senoticias.com.br\/se\/wp-content\/uploads\/2018\/06\/Logomarca-fone-SE-4-2-1-1-1.jpg 599w, https:\/\/senoticias.com.br\/se\/wp-content\/uploads\/2018\/06\/Logomarca-fone-SE-4-2-1-1-1-300x39.jpg 300w\" sizes=\"(max-width: 599px) 100vw, 599px\" \/><\/a><\/p>\n<p align=\"justify\">\n<p align=\"justify\"><em>Informa\u00e7\u00f5es da SSP\/SE<\/em><\/p>\n","protected":false},"excerpt":{"rendered":"<p>Na manh\u00e3 da \u00faltima segunda-feira, 25, equipes do Centro de Opera\u00e7\u00f5es Policiais Especiais (COPE), com o apoio do setor de intelig\u00eancia, prenderam na cidade de Macei\u00f3\/AL, o taxista Madson Gomes Wanderley Jatob\u00e1, 35 anos e Felizardo dos Santos Saraiva, 44 anos, em decorr\u00eancia da investiga\u00e7\u00e3o que apurou o crime de extors\u00e3o mediante sequestro, consumado em [&hellip;]<\/p>\n","protected":false},"author":6552,"featured_media":113855,"comment_status":"closed","ping_status":"closed","sticky":false,"template":"","format":"standard","meta":{"footnotes":""},"categories":[15,7],"tags":[612,10200,78],"class_list":{"0":"post-113854","1":"post","2":"type-post","3":"status-publish","4":"format-standard","5":"has-post-thumbnail","7":"category-destaques","8":"category-policia","9":"tag-cope","10":"tag-gaeco-alagoas","11":"tag-policia-civil"},"_links":{"self":[{"href":"https:\/\/senoticias.com.br\/se\/wp-json\/wp\/v2\/posts\/113854"}],"collection":[{"href":"https:\/\/senoticias.com.br\/se\/wp-json\/wp\/v2\/posts"}],"about":[{"href":"https:\/\/senoticias.com.br\/se\/wp-json\/wp\/v2\/types\/post"}],"author":[{"embeddable":true,"href":"https:\/\/senoticias.com.br\/se\/wp-json\/wp\/v2\/users\/6552"}],"replies":[{"embeddable":true,"href":"https:\/\/senoticias.com.br\/se\/wp-json\/wp\/v2\/comments?post=113854"}],"version-history":[{"count":0,"href":"https:\/\/senoticias.com.br\/se\/wp-json\/wp\/v2\/posts\/113854\/revisions"}],"wp:featuredmedia":[{"embeddable":true,"href":"https:\/\/senoticias.com.br\/se\/wp-json\/wp\/v2\/media\/113855"}],"wp:attachment":[{"href":"https:\/\/senoticias.com.br\/se\/wp-json\/wp\/v2\/media?parent=113854"}],"wp:term":[{"taxonomy":"category","embeddable":true,"href":"https:\/\/senoticias.com.br\/se\/wp-json\/wp\/v2\/categories?post=113854"},{"taxonomy":"post_tag","embeddable":true,"href":"https:\/\/senoticias.com.br\/se\/wp-json\/wp\/v2\/tags?post=113854"}],"curies":[{"name":"wp","href":"https:\/\/api.w.org\/{rel}","templated":true}]}}