{"id":113837,"date":"2018-06-26T14:09:40","date_gmt":"2018-06-26T17:09:40","guid":{"rendered":"https:\/\/senoticias.com.br\/se\/?p=113837"},"modified":"2018-06-26T16:59:00","modified_gmt":"2018-06-26T19:59:00","slug":"orgaos-municipais-terao-horario-de-funcionamento-reduzido-nesta-quarta-27","status":"publish","type":"post","link":"https:\/\/senoticias.com.br\/se\/orgaos-municipais-terao-horario-de-funcionamento-reduzido-nesta-quarta-27\/","title":{"rendered":"\u00d3rg\u00e3os municipais ter\u00e3o hor\u00e1rio de funcionamento reduzido nesta quarta, 27"},"content":{"rendered":"<p style=\"text-align: justify\"><span style=\"color: #000000\">Conforme decreto assinado pelo prefeito Edvaldo Nogueira no \u00faltimo dia 12 de junho, os servi\u00e7os da administra\u00e7\u00e3o municipal ter\u00e3o seu hor\u00e1rio de funcionamento alterado nesta quarta-feira, 27. A medida se deve aos jogos da Sele\u00e7\u00e3o Brasileira na Copa do Mundo 2018 na fase de grupos da competi\u00e7\u00e3o.<\/span><\/p>\n<div id=\"attachment_113775\" style=\"width: 609px\" class=\"wp-caption aligncenter\"><a href=\"https:\/\/senoticias.com.br\/se\/wp-content\/uploads\/2018\/06\/000_16F4OH-1024x669-e1529676686480.jpg\"><img loading=\"lazy\" decoding=\"async\" aria-describedby=\"caption-attachment-113775\" class=\"wp-image-113775 size-full\" src=\"https:\/\/senoticias.com.br\/se\/wp-content\/uploads\/2018\/06\/000_16F4OH-1024x669-e1529676686480.jpg\" alt=\"\" width=\"599\" height=\"391\" \/><\/a><p id=\"caption-attachment-113775\" class=\"wp-caption-text\">Philippe Coutinho marcou o primeiro gol do Brasil ( foto: Crhistophe Simon\/AFP)<\/p><\/div>\n<p style=\"text-align: justify\"><span style=\"color: #000000\">Na quarta, a Sele\u00e7\u00e3o jogar\u00e1 contra a S\u00e9rvia, \u00e0s 15h, e, por isso, a Prefeitura de Aracaju funcionar\u00e1 apenas no turno da manh\u00e3, at\u00e9 as 13h. As escolas da rede municipal seguir\u00e3o essa determina\u00e7\u00e3o, logo n\u00e3o haver\u00e1 aula para os que estudam no per\u00edodo vespertino. Assim como, as unidades da Funda\u00e7\u00e3o Cultural Cidade de Aracaju (Funcaju) e as Unidades de Sa\u00fade da Fam\u00edlia (USF), que n\u00e3o funcionar\u00e3o no turno da tarde.<\/span><\/p>\n<p style=\"text-align: justify\"><span style=\"color: #000000\">As exce\u00e7\u00f5es compreendem os servi\u00e7os considerados essenciais \u00e0 popula\u00e7\u00e3o, como os hospitais municipais Nestor Piva e Fernando Franco e os Centros de Aten\u00e7\u00e3o Psicossocial (Caps) 24 horas, que funcionar\u00e3o normalmente. Al\u00e9m do mercado municipal Maria Virg\u00ednia Leite Franco, antigo Albano Franco, que tamb\u00e9m abrir\u00e1 durante todo o dia, das 6h \u00e0s 16h45, atrav\u00e9s de um acordo entre os permission\u00e1rios e a Empresa Municipal de Servi\u00e7os Urbanos (Emsurb), e do Parque Augusto Franco (Parque da Sementeira), que abrir\u00e1 as suas portas em hor\u00e1rio normal, das 5h \u00e0s 21h45.<\/span><\/p>\n<p>&nbsp;<\/p>\n<p><a href=\"https:\/\/senoticias.com.br\/se\/wp-content\/uploads\/2018\/06\/Logomarca-fone-SE-4-2-1-1-1.jpg\"><img loading=\"lazy\" decoding=\"async\" class=\"aligncenter wp-image-113688 size-full\" src=\"https:\/\/senoticias.com.br\/se\/wp-content\/uploads\/2018\/06\/Logomarca-fone-SE-4-2-1-1-1.jpg\" alt=\"\" width=\"599\" height=\"78\" srcset=\"https:\/\/senoticias.com.br\/se\/wp-content\/uploads\/2018\/06\/Logomarca-fone-SE-4-2-1-1-1.jpg 599w, https:\/\/senoticias.com.br\/se\/wp-content\/uploads\/2018\/06\/Logomarca-fone-SE-4-2-1-1-1-300x39.jpg 300w\" sizes=\"(max-width: 599px) 100vw, 599px\" \/><\/a><\/p>\n<p>Por Ag\u00eancia Aracaju de Not\u00edcias<\/p>\n<p><em><strong>Acompanhe tamb\u00e9m o SE Not\u00edcias no<\/strong><span class=\"apple-converted-space\"><b>\u00a0<\/b><\/span><a href=\"https:\/\/twitter.com\/Senoticias\" target=\"_blank\" rel=\"noopener\"><b>Twitter<\/b><\/a><strong>,<\/strong><span class=\"apple-converted-space\"><b>\u00a0<\/b><\/span><a href=\"https:\/\/www.facebook.com\/senoticias1\" target=\"_blank\" rel=\"noopener\"><b>Facebook<\/b><span class=\"apple-converted-space\"><b>\u00a0<\/b><\/span><\/a><strong>e no<\/strong><span class=\"apple-converted-space\"><b>\u00a0<\/b><\/span><a href=\"https:\/\/www.instagram.com\/senoticias\/\" target=\"_blank\" rel=\"noopener\"><b>Instagram<\/b><\/a><\/em><\/p>\n","protected":false},"excerpt":{"rendered":"<p>Conforme decreto assinado pelo prefeito Edvaldo Nogueira no \u00faltimo dia 12 de junho, os servi\u00e7os da administra\u00e7\u00e3o municipal ter\u00e3o seu hor\u00e1rio de funcionamento alterado nesta quarta-feira, 27. A medida se deve aos jogos da Sele\u00e7\u00e3o Brasileira na Copa do Mundo 2018 na fase de grupos da competi\u00e7\u00e3o. Na quarta, a Sele\u00e7\u00e3o jogar\u00e1 contra a S\u00e9rvia, [&hellip;]<\/p>\n","protected":false},"author":6553,"featured_media":0,"comment_status":"closed","ping_status":"closed","sticky":false,"template":"","format":"standard","meta":{"footnotes":""},"categories":[26,6],"tags":[339,370,1436,4055,2884,223],"class_list":{"0":"post-113837","1":"post","2":"type-post","3":"status-publish","4":"format-standard","6":"category-esportes","7":"category-politica","8":"tag-aracaju","9":"tag-brasil","10":"tag-edvaldo","11":"tag-jogos","12":"tag-prefeitura","13":"tag-sergipe"},"_links":{"self":[{"href":"https:\/\/senoticias.com.br\/se\/wp-json\/wp\/v2\/posts\/113837"}],"collection":[{"href":"https:\/\/senoticias.com.br\/se\/wp-json\/wp\/v2\/posts"}],"about":[{"href":"https:\/\/senoticias.com.br\/se\/wp-json\/wp\/v2\/types\/post"}],"author":[{"embeddable":true,"href":"https:\/\/senoticias.com.br\/se\/wp-json\/wp\/v2\/users\/6553"}],"replies":[{"embeddable":true,"href":"https:\/\/senoticias.com.br\/se\/wp-json\/wp\/v2\/comments?post=113837"}],"version-history":[{"count":0,"href":"https:\/\/senoticias.com.br\/se\/wp-json\/wp\/v2\/posts\/113837\/revisions"}],"wp:attachment":[{"href":"https:\/\/senoticias.com.br\/se\/wp-json\/wp\/v2\/media?parent=113837"}],"wp:term":[{"taxonomy":"category","embeddable":true,"href":"https:\/\/senoticias.com.br\/se\/wp-json\/wp\/v2\/categories?post=113837"},{"taxonomy":"post_tag","embeddable":true,"href":"https:\/\/senoticias.com.br\/se\/wp-json\/wp\/v2\/tags?post=113837"}],"curies":[{"name":"wp","href":"https:\/\/api.w.org\/{rel}","templated":true}]}}