{"id":113835,"date":"2018-06-26T14:57:47","date_gmt":"2018-06-26T17:57:47","guid":{"rendered":"https:\/\/senoticias.com.br\/se\/?p=113835"},"modified":"2018-06-26T15:10:23","modified_gmt":"2018-06-26T18:10:23","slug":"tribunal-de-justica-derruba-a-liminar-que-suspendia-a-festa-de-sao-pedro","status":"publish","type":"post","link":"https:\/\/senoticias.com.br\/se\/tribunal-de-justica-derruba-a-liminar-que-suspendia-a-festa-de-sao-pedro\/","title":{"rendered":"Tribunal de Justi\u00e7a derruba a liminar que suspendia a Festa de S\u00e3o Pedro de Capela"},"content":{"rendered":"<p style=\"text-align: justify;\">A Prefeitura de Capela informou no in\u00edcio da tarde desta ter\u00e7a-feira (26) que recorreu da decis\u00e3o da Justi\u00e7a e que a festa de S\u00e3o Pedro da cidade vai acontecer.<\/p>\n<div id=\"attachment_113843\" style=\"width: 609px\" class=\"wp-caption aligncenter\"><a href=\"https:\/\/senoticias.com.br\/se\/wp-content\/uploads\/2018\/06\/grande-176721-e1530036304406.jpg\"><img loading=\"lazy\" decoding=\"async\" aria-describedby=\"caption-attachment-113843\" class=\"size-full wp-image-113843\" src=\"https:\/\/senoticias.com.br\/se\/wp-content\/uploads\/2018\/06\/grande-176721-e1530036304406.jpg\" alt=\"\" width=\"599\" height=\"398\" \/><\/a><p id=\"caption-attachment-113843\" class=\"wp-caption-text\">Desembargador permite que Prefeitura de Capela promova o S\u00e3o Pedro (foto arte: Capela)<\/p><\/div>\n<p style=\"text-align: justify;\">Na \u00faltima segunda-feira (25), a Justi\u00e7a havia expedido uma liminar suspendendo temporariamente a festa de S\u00e3o Pedro de Capela, devido a n\u00e3o apresenta\u00e7\u00e3o, no prazo estipulado, do comprovante de pagamento dos sal\u00e1rios dos servidores e que sem o acesso aos documentos n\u00e3o \u00e9 poss\u00edvel fiscalizar a organiza\u00e7\u00e3o do evento.<\/p>\n<p style=\"text-align: justify;\">No final desta ter\u00e7a-feira (26) a prefeitura do munic\u00edpio informou que recorreu da decis\u00e3o judicial e que a festa de S\u00e3o Pedro est\u00e1 confirmada.<\/p>\n<p>Confira a decis\u00e3o abaixo:<\/p>\n<div class=\"ead-preview\"><div class=\"ead-document\" style=\"position: relative;padding-top: 90%;\"><div class=\"ead-iframe-wrapper\"><iframe src=\"\/\/docs.google.com\/viewer?url=https%3A%2F%2Fsenoticias.com.br%2Fse%2Fwp-content%2Fuploads%2F2018%2F06%2FLIMINAR-CAPELA-S%C3%83O-PEDRO.pdf&amp;embedded=true&amp;hl=en\" title=\"Embedded Document\" class=\"ead-iframe\" style=\"width: 100%;height: 100%;border: none;position: absolute;left: 0;top: 0;visibility: hidden;\"><\/iframe><\/div>\t\t\t<div class=\"ead-document-loading\" style=\"width:100%;height:100%;position:absolute;left:0;top:0;z-index:10;\">\n\t\t\t\t<div class=\"ead-loading-wrap\">\n\t\t\t\t\t<div class=\"ead-loading-main\">\n\t\t\t\t\t\t<div class=\"ead-loading\">\n\t\t\t\t\t\t\t<img loading=\"lazy\" decoding=\"async\" src=\"https:\/\/senoticias.com.br\/se\/wp-content\/plugins\/embed-any-document\/images\/loading.svg\" width=\"55\" height=\"55\" alt=\"Loader\">\n\t\t\t\t\t\t\t<span>Loading...<\/span>\n\t\t\t\t\t\t<\/div>\n\t\t\t\t\t<\/div>\n\t\t\t\t\t<div class=\"ead-loading-foot\">\n\t\t\t\t\t\t<div class=\"ead-loading-foot-title\">\n\t\t\t\t\t\t\t<img loading=\"lazy\" decoding=\"async\" src=\"https:\/\/senoticias.com.br\/se\/wp-content\/plugins\/embed-any-document\/images\/EAD-logo.svg\" alt=\"EAD Logo\" width=\"36\" height=\"23\"\/>\n\t\t\t\t\t\t\t<span>Taking too long?<\/span>\n\t\t\t\t\t\t<\/div>\n\t\t\t\t\t\t<div class=\"ead-document-btn ead-reload-btn\" role=\"button\">\n\t\t\t\t\t\t\t\t<img loading=\"lazy\" decoding=\"async\" src=\"https:\/\/senoticias.com.br\/se\/wp-content\/plugins\/embed-any-document\/images\/reload.svg\" alt=\"Reload\" width=\"12\" height=\"12\"\/> Reload document\t\t\t\t\t\t\t<\/div>\n\t\t\t\t\t\t\t<span>|<\/span>\n\t\t\t\t\t\t\t<a href=\"https:\/\/senoticias.com.br\/se\/wp-content\/uploads\/2018\/06\/LIMINAR-CAPELA-S\u00c3O-PEDRO.pdf\" class=\"ead-document-btn\" target=\"_blank\">\n\t\t\t\t\t\t\t\t<img loading=\"lazy\" decoding=\"async\" src=\"https:\/\/senoticias.com.br\/se\/wp-content\/plugins\/embed-any-document\/images\/open.svg\" alt=\"Open\" width=\"12\" height=\"12\"\/> Open in new tab\t\t\t\t\t\t\t<\/a>\n\t\t\t\t\t<\/div>\n\t\t\t\t<\/div>\n\t\t\t<\/div>\n\t\t<\/div><p class=\"embed_download\"><a href=\"https:\/\/senoticias.com.br\/se\/wp-content\/uploads\/2018\/06\/LIMINAR-CAPELA-S\u00c3O-PEDRO.pdf\" download>Download [220.00 KB] <\/a><\/p><\/div>\n<p>&nbsp;<\/p>\n<p><a href=\"https:\/\/senoticias.com.br\/se\/wp-content\/uploads\/2018\/06\/Logomarca-fone-SE-4-2-1-1-1.jpg\"><img loading=\"lazy\" decoding=\"async\" class=\"aligncenter size-full wp-image-113688\" src=\"https:\/\/senoticias.com.br\/se\/wp-content\/uploads\/2018\/06\/Logomarca-fone-SE-4-2-1-1-1.jpg\" alt=\"\" width=\"599\" height=\"78\" srcset=\"https:\/\/senoticias.com.br\/se\/wp-content\/uploads\/2018\/06\/Logomarca-fone-SE-4-2-1-1-1.jpg 599w, https:\/\/senoticias.com.br\/se\/wp-content\/uploads\/2018\/06\/Logomarca-fone-SE-4-2-1-1-1-300x39.jpg 300w\" sizes=\"(max-width: 599px) 100vw, 599px\" \/><\/a><\/p>\n<p>&nbsp;<\/p>\n<p><em><strong>Acompanhe tamb\u00e9m o SE Not\u00edcias no<\/strong><span class=\"apple-converted-space\"><b>\u00a0<\/b><\/span><a href=\"https:\/\/twitter.com\/Senoticias\" target=\"_blank\" rel=\"noopener\"><b>Twitter<\/b><\/a><strong>,<\/strong><span class=\"apple-converted-space\"><b>\u00a0<\/b><\/span><a href=\"https:\/\/www.facebook.com\/senoticias1\" target=\"_blank\" rel=\"noopener\"><b>Facebook<\/b><span class=\"apple-converted-space\"><b>\u00a0<\/b><\/span><\/a><strong>e no<\/strong><span class=\"apple-converted-space\"><b>\u00a0<\/b><\/span><a href=\"https:\/\/www.instagram.com\/senoticias\/\" target=\"_blank\" rel=\"noopener\"><b>Instagram<\/b><\/a><\/em><\/p>\n<p>&nbsp;<\/p>\n<p><em>Com informa\u00e7\u00f5es do G1 SE<\/em><\/p>\n","protected":false},"excerpt":{"rendered":"<p>A Prefeitura de Capela informou no in\u00edcio da tarde desta ter\u00e7a-feira (26) que recorreu da decis\u00e3o da Justi\u00e7a e que a festa de S\u00e3o Pedro da cidade vai acontecer. Na \u00faltima segunda-feira (25), a Justi\u00e7a havia expedido uma liminar suspendendo temporariamente a festa de S\u00e3o Pedro de Capela, devido a n\u00e3o apresenta\u00e7\u00e3o, no prazo estipulado, [&hellip;]<\/p>\n","protected":false},"author":6552,"featured_media":113843,"comment_status":"closed","ping_status":"closed","sticky":false,"template":"","format":"standard","meta":{"footnotes":""},"categories":[15],"tags":[10166,1006,1005,4007],"class_list":{"0":"post-113835","1":"post","2":"type-post","3":"status-publish","4":"format-standard","5":"has-post-thumbnail","7":"category-destaques","8":"tag-festa-de-sao-pedro-de-capela","9":"tag-prefeitura-de-capela","10":"tag-sao-pedro","11":"tag-tribunal-de-justica"},"_links":{"self":[{"href":"https:\/\/senoticias.com.br\/se\/wp-json\/wp\/v2\/posts\/113835"}],"collection":[{"href":"https:\/\/senoticias.com.br\/se\/wp-json\/wp\/v2\/posts"}],"about":[{"href":"https:\/\/senoticias.com.br\/se\/wp-json\/wp\/v2\/types\/post"}],"author":[{"embeddable":true,"href":"https:\/\/senoticias.com.br\/se\/wp-json\/wp\/v2\/users\/6552"}],"replies":[{"embeddable":true,"href":"https:\/\/senoticias.com.br\/se\/wp-json\/wp\/v2\/comments?post=113835"}],"version-history":[{"count":0,"href":"https:\/\/senoticias.com.br\/se\/wp-json\/wp\/v2\/posts\/113835\/revisions"}],"wp:featuredmedia":[{"embeddable":true,"href":"https:\/\/senoticias.com.br\/se\/wp-json\/wp\/v2\/media\/113843"}],"wp:attachment":[{"href":"https:\/\/senoticias.com.br\/se\/wp-json\/wp\/v2\/media?parent=113835"}],"wp:term":[{"taxonomy":"category","embeddable":true,"href":"https:\/\/senoticias.com.br\/se\/wp-json\/wp\/v2\/categories?post=113835"},{"taxonomy":"post_tag","embeddable":true,"href":"https:\/\/senoticias.com.br\/se\/wp-json\/wp\/v2\/tags?post=113835"}],"curies":[{"name":"wp","href":"https:\/\/api.w.org\/{rel}","templated":true}]}}