{"id":113821,"date":"2018-06-25T18:36:56","date_gmt":"2018-06-25T21:36:56","guid":{"rendered":"https:\/\/senoticias.com.br\/se\/?p=113821"},"modified":"2018-06-25T18:36:56","modified_gmt":"2018-06-25T21:36:56","slug":"francisco-gualberto-questiona-liberacao-de-recursos-por-andre-moura","status":"publish","type":"post","link":"https:\/\/senoticias.com.br\/se\/francisco-gualberto-questiona-liberacao-de-recursos-por-andre-moura\/","title":{"rendered":"Francisco Gualberto questiona libera\u00e7\u00e3o de recursos por Andr\u00e9 Moura"},"content":{"rendered":"<p style=\"text-align: justify;\">O deputado estadual do PT, Francisco Gualberto disse durante a sess\u00e3o plen\u00e1ria realizada na tarde desta segunda-feira, dia 25, que vem escutando alguns pronunciamentos na Casa Legislativa de Sergipe (Alese), pronunciamentos esses, semelhantes ao feito hoje na tribuna pelo deputado Ant\u00f4nio dos Santos (PSC) durante o pequeno expediente da sess\u00e3o \u2013 deputado Ant\u00f4nio dos Santos (PSC) destacou na tribuna da Alese sobre investimentos no Estado por interm\u00e9dio do deputado federal Andr\u00e9 Moura (PSC).<\/p>\n<div id=\"attachment_113822\" style=\"width: 609px\" class=\"wp-caption aligncenter\"><a href=\"https:\/\/senoticias.com.br\/se\/wp-content\/uploads\/2018\/06\/COP_1114-800x533.jpg\"><img loading=\"lazy\" decoding=\"async\" aria-describedby=\"caption-attachment-113822\" class=\"size-full wp-image-113822\" src=\"https:\/\/senoticias.com.br\/se\/wp-content\/uploads\/2018\/06\/COP_1114-800x533-e1529962481233.jpg\" alt=\"\" width=\"599\" height=\"399\" \/><\/a><p id=\"caption-attachment-113822\" class=\"wp-caption-text\"><br \/>Gualberto questiona libera\u00e7\u00e3o de recursos por Andr\u00e9 Moura (foto: C\u00e9sar de Oliveira\/Alese)<\/p><\/div>\n<p style=\"text-align: justify;\">O l\u00edder do Governo na Alese, deputado Francisco Gualberto (PT), se diz preocupado com montante de recursos prometidos para Sergipe por parte do deputado Andr\u00e9 Moura. \u201cTomara n\u00e3o haja frustra\u00e7\u00f5es. Conversei com alguns prefeitos e os pedi que aguardassem at\u00e9 o dia 6 de julho, que \u00e9 a data limite para os recursos chegarem, pois existem situa\u00e7\u00f5es que n\u00e3o dependem de quem indicou. N\u00e3o tor\u00e7o contra o Estado, mas os recursos que est\u00e3o prometidos n\u00e3o s\u00e3o s\u00f3 conv\u00eanios. Estamos falando de promessas que se aproximam de 2 bilh\u00f5es de reais. No dia 6 de julho dever\u00e3o estar empenhados os recursos e esperamos que os recursos venham. Existe uma diferen\u00e7a entre indicar e conveniar. \u00c9 muito recurso, tomara que venha, mas algum exagero est\u00e1 tendo. Tem o poder para vir os recursos e o poder para n\u00e3o vir, pode haver frustra\u00e7\u00e3o\u201d, advertiu Gualberto.<\/p>\n<p><strong>Deputados rebatem o l\u00edder<\/strong><\/p>\n<p style=\"text-align: justify;\">Em aparte, o deputado Zezinho Guimar\u00e3es (MDB), afirmou que mesmo sendo aliado do Governo do Estado n\u00e3o pode deixar de dar o seu testemunho. \u201cEu n\u00e3o poderia deixar de dar meu testemunho do que venho acompanhando ao longo dos meses. Falo pelo munic\u00edpio que trabalho e tenho sido prestigiado nas elei\u00e7\u00f5es, que \u00e9 Itabaianinha. O munic\u00edpio est\u00e1 h\u00e1 102 sem realizar o forr\u00f3 na cidade, e diante da libera\u00e7\u00e3o de recursos do Minist\u00e9rio da Cultura, e intermedia\u00e7\u00e3o do deputado Andr\u00e9 Moura, a cidade realiza pela primeira vez ap\u00f3s 102 anos os festejos juninos, que durar\u00e1 um m\u00eas\u201d, rebateu Zezinho.<\/p>\n<p style=\"text-align: justify;\">Tamb\u00e9m, o pastor e deputado Ant\u00f4nio dos Santos disse crer que n\u00e3o haver\u00e1 qualquer frustra\u00e7\u00e3o. \u201cTemos um exemplo muito pr\u00f3ximo de um aliado de vossa excel\u00eancia, que \u00e9 o prefeito de Aracaju e que teve a libera\u00e7\u00e3o de mais de 300 milh\u00f5es de reais. Afirmou ainda que foi assinado um conv\u00eanio entre a Funasa e v\u00e1rios prefeitos e com certeza ser\u00e1 mais uma inje\u00e7\u00e3o de recursos na economia sergipana, empregos que ser\u00e3o gerados e principalmente a melhoria da qualidade de vida das pessoas desses munic\u00edpios. Isso vem sendo poss\u00edvel gra\u00e7as a atua\u00e7\u00e3o do l\u00edder do Governo no Congresso, o deputado Andr\u00e9 Moura, que j\u00e1 trouxe para Sergipe mais de 1 bilh\u00e3o e 300 milh\u00f5es de reais\u201d, comemorou Ant\u00f4nio dos Santos.<\/p>\n<p>&nbsp;<\/p>\n<p><a href=\"https:\/\/senoticias.com.br\/se\/wp-content\/uploads\/2018\/06\/Logomarca-fone-SE-4-2-1-1-1.jpg\"><img loading=\"lazy\" decoding=\"async\" class=\"aligncenter size-full wp-image-113688\" src=\"https:\/\/senoticias.com.br\/se\/wp-content\/uploads\/2018\/06\/Logomarca-fone-SE-4-2-1-1-1.jpg\" alt=\"\" width=\"599\" height=\"78\" srcset=\"https:\/\/senoticias.com.br\/se\/wp-content\/uploads\/2018\/06\/Logomarca-fone-SE-4-2-1-1-1.jpg 599w, https:\/\/senoticias.com.br\/se\/wp-content\/uploads\/2018\/06\/Logomarca-fone-SE-4-2-1-1-1-300x39.jpg 300w\" sizes=\"(max-width: 599px) 100vw, 599px\" \/><\/a><\/p>\n<p>&nbsp;<\/p>\n<p><em><strong>Acompanhe tamb\u00e9m o SE Not\u00edcias no<\/strong><span class=\"apple-converted-space\"><b>\u00a0<\/b><\/span><a href=\"https:\/\/twitter.com\/Senoticias\" target=\"_blank\" rel=\"noopener\"><b>Twitter<\/b><\/a><strong>,<\/strong><span class=\"apple-converted-space\"><b>\u00a0<\/b><\/span><a href=\"https:\/\/www.facebook.com\/senoticias1\" target=\"_blank\" rel=\"noopener\"><b>Facebook<\/b><span class=\"apple-converted-space\"><b>\u00a0<\/b><\/span><\/a><strong>e no<\/strong><span class=\"apple-converted-space\"><b>\u00a0<\/b><\/span><a href=\"https:\/\/www.instagram.com\/senoticias\/\" target=\"_blank\" rel=\"noopener\"><b>Instagram<\/b><\/a><\/em><\/p>\n<p>&nbsp;<\/p>\n<p><em>Por Ag\u00eancia Alese<\/em><\/p>\n","protected":false},"excerpt":{"rendered":"<p>O deputado estadual do PT, Francisco Gualberto disse durante a sess\u00e3o plen\u00e1ria realizada na tarde desta segunda-feira, dia 25, que vem escutando alguns pronunciamentos na Casa Legislativa de Sergipe (Alese), pronunciamentos esses, semelhantes ao feito hoje na tribuna pelo deputado Ant\u00f4nio dos Santos (PSC) durante o pequeno expediente da sess\u00e3o \u2013 deputado Ant\u00f4nio dos Santos [&hellip;]<\/p>\n","protected":false},"author":6552,"featured_media":113822,"comment_status":"closed","ping_status":"closed","sticky":false,"template":"","format":"standard","meta":{"footnotes":""},"categories":[15],"tags":[772,4244,4245,10180],"class_list":{"0":"post-113821","1":"post","2":"type-post","3":"status-publish","4":"format-standard","5":"has-post-thumbnail","7":"category-destaques","8":"tag-andre-moura","9":"tag-francisco-gualberto","10":"tag-gualberto","11":"tag-lider-do-governo-na-alese"},"_links":{"self":[{"href":"https:\/\/senoticias.com.br\/se\/wp-json\/wp\/v2\/posts\/113821"}],"collection":[{"href":"https:\/\/senoticias.com.br\/se\/wp-json\/wp\/v2\/posts"}],"about":[{"href":"https:\/\/senoticias.com.br\/se\/wp-json\/wp\/v2\/types\/post"}],"author":[{"embeddable":true,"href":"https:\/\/senoticias.com.br\/se\/wp-json\/wp\/v2\/users\/6552"}],"replies":[{"embeddable":true,"href":"https:\/\/senoticias.com.br\/se\/wp-json\/wp\/v2\/comments?post=113821"}],"version-history":[{"count":0,"href":"https:\/\/senoticias.com.br\/se\/wp-json\/wp\/v2\/posts\/113821\/revisions"}],"wp:featuredmedia":[{"embeddable":true,"href":"https:\/\/senoticias.com.br\/se\/wp-json\/wp\/v2\/media\/113822"}],"wp:attachment":[{"href":"https:\/\/senoticias.com.br\/se\/wp-json\/wp\/v2\/media?parent=113821"}],"wp:term":[{"taxonomy":"category","embeddable":true,"href":"https:\/\/senoticias.com.br\/se\/wp-json\/wp\/v2\/categories?post=113821"},{"taxonomy":"post_tag","embeddable":true,"href":"https:\/\/senoticias.com.br\/se\/wp-json\/wp\/v2\/tags?post=113821"}],"curies":[{"name":"wp","href":"https:\/\/api.w.org\/{rel}","templated":true}]}}