{"id":113812,"date":"2018-06-25T15:35:33","date_gmt":"2018-06-25T18:35:33","guid":{"rendered":"https:\/\/senoticias.com.br\/se\/?p=113812"},"modified":"2018-06-25T15:44:24","modified_gmt":"2018-06-25T18:44:24","slug":"saiba-como-antecipar-a-1a-parcela-do-13o-salario-do-servidor-publico-estadual","status":"publish","type":"post","link":"https:\/\/senoticias.com.br\/se\/saiba-como-antecipar-a-1a-parcela-do-13o-salario-do-servidor-publico-estadual\/","title":{"rendered":"Saiba como antecipar a 1\u00aa parcela do 13\u00ba sal\u00e1rio do servidor p\u00fablico estadual"},"content":{"rendered":"<p style=\"text-align: justify;\"><span style=\"color: #000000;\">O governo de Sergipe anunciou nesta semana que vai pagar aos servidores da ativa, aposentados e pensionistas 50% do 13\u00ba sal\u00e1rio de 2018. De acordo com o governo, o servidor que optar pela forma parcelada da metade do 13\u00ba receber\u00e1 a partir de agosto a primeira das cinco parcelas, e assim se dar\u00e1 m\u00eas a m\u00eas at\u00e9 dezembro.<\/span><\/p>\n<p style=\"text-align: justify;\"><span style=\"color: #000000;\">J\u00e1 o servidor que desejar antecipar as parcelas, poder\u00e1 contratar a linha de cr\u00e9dito oferecida pelo Banese, com toda comodidade que o banco oferece. A antecipa\u00e7\u00e3o da primeira parcela do 13\u00ba \u00e9 mais uma solu\u00e7\u00e3o de cr\u00e9dito que o Banese disponibiliza aos servidores p\u00fablicos com condi\u00e7\u00f5es diferenciadas.<\/span><\/p>\n<p style=\"text-align: justify;\"><span style=\"color: #000000;\">A antecipa\u00e7\u00e3o poder\u00e1 ser feita a partir do dia 02\/07\/2018 nas 63 ag\u00eancias do Banese, em todo o estado, bem como nos Caixas Eletr\u00f4nicos e pelo Internet Banking.<\/span><br \/>\n<span style=\"color: #000000;\">O Banese orienta que o servidor utilize o cr\u00e9dito para sanar necessidades emergenciais como quitar d\u00edvidas mais caras, liquidar contas em atraso e efetuar compras mais urgentes, dentre outras.<\/span><\/p>\n<div id=\"attachment_109234\" style=\"width: 590px\" class=\"wp-caption aligncenter\"><a href=\"https:\/\/senoticias.com.br\/se\/wp-content\/uploads\/2017\/12\/d\u00e9cimo-SENOTICIAS.jpg\"><img loading=\"lazy\" decoding=\"async\" aria-describedby=\"caption-attachment-109234\" class=\"wp-image-109234 size-full\" src=\"https:\/\/senoticias.com.br\/se\/wp-content\/uploads\/2017\/12\/d\u00e9cimo-SENOTICIAS.jpg\" alt=\"\" width=\"580\" height=\"388\" srcset=\"https:\/\/senoticias.com.br\/se\/wp-content\/uploads\/2017\/12\/d\u00e9cimo-SENOTICIAS.jpg 580w, https:\/\/senoticias.com.br\/se\/wp-content\/uploads\/2017\/12\/d\u00e9cimo-SENOTICIAS-300x201.jpg 300w, https:\/\/senoticias.com.br\/se\/wp-content\/uploads\/2017\/12\/d\u00e9cimo-SENOTICIAS-90x60.jpg 90w, https:\/\/senoticias.com.br\/se\/wp-content\/uploads\/2017\/12\/d\u00e9cimo-SENOTICIAS-180x120.jpg 180w, https:\/\/senoticias.com.br\/se\/wp-content\/uploads\/2017\/12\/d\u00e9cimo-SENOTICIAS-95x64.jpg 95w\" sizes=\"(max-width: 580px) 100vw, 580px\" \/><\/a><p id=\"caption-attachment-109234\" class=\"wp-caption-text\">Marcello Casal Jr\/Arquivo\/Ag\u00eancia Brasil<\/p><\/div>\n<p style=\"text-align: justify;\"><strong><span style=\"color: #000000;\">Veja, a seguir, as respostas \u00e0s principais d\u00favidas sobre o adiantamento do 13\u00ba sal\u00e1rio para o servidor:<\/span><\/strong><\/p>\n<p><strong><span style=\"color: #000000;\">1 \u2013 Se o servidor n\u00e3o quiser tomar o empr\u00e9stimo para fazer a antecipa\u00e7\u00e3o, como vai receber a 1\u00aa parcela do 13\u00ba de 2018?<\/span><\/strong><\/p>\n<p><span style=\"color: #000000;\">R \u2013 Em cinco parcelas, de agosto a dezembro de 2018, conforme o an\u00fancio do governo.<\/span><\/p>\n<p><strong><span style=\"color: #000000;\">2 \u2013 Ser\u00e1 poss\u00edvel antecipar tamb\u00e9m a segunda parcela do 13\u00ba sal\u00e1rio de 2018?<\/span><\/strong><\/p>\n<p><span style=\"color: #000000;\">R \u2013 N\u00e3o. A linha de cr\u00e9dito dispon\u00edvel, no momento, \u00e9 destinada \u00e0 antecipa\u00e7\u00e3o da 1\u00aa parcela do 13\u00ba sal\u00e1rio de 2018.<\/span><\/p>\n<p><strong><span style=\"color: #000000;\">3 \u2013 Qual \u00e9 o limite que o servidor poder\u00e1 antecipar?<\/span><\/strong><\/p>\n<p><span style=\"color: #000000;\">R \u2013 O servidor poder\u00e1 antecipar at\u00e9 90% do valor a receber, referente \u00e0 1\u00aa parcela do d\u00e9cimo. Ex: O servidor que tem R$ 1 mil a receber, poder\u00e1 antecipar at\u00e9 R$ 900.<\/span><\/p>\n<p><strong><span style=\"color: #000000;\">4 \u2013 O cliente que possuir idade inferior a 18 anos poder\u00e1 contratar o empr\u00e9stimo?<\/span><\/strong><\/p>\n<p><span style=\"color: #000000;\">R- N\u00e3o. Clientes menores de 18 anos n\u00e3o podem contratar empr\u00e9stimo.<\/span><\/p>\n<p><strong><span style=\"color: #000000;\">5 \u2013 O servidor que n\u00e3o conseguir contratar nos canais de autoatendimento, o que fazer?<\/span><\/strong><\/p>\n<p><span style=\"color: #000000;\">R \u2013 O servidor dever\u00e1 procurar uma das ag\u00eancias, distribu\u00eddas na capital e interior.<\/span><\/p>\n<p><strong><span style=\"color: #000000;\">6 \u2013 O servidor que realizou a portabilidade de sal\u00e1rio poder\u00e1 realizar a contrata\u00e7\u00e3o da antecipa\u00e7\u00e3o da primeira parcela do 13\u00ba sal\u00e1rio 2018?<\/span><\/strong><\/p>\n<p style=\"text-align: justify;\"><span style=\"color: #000000;\">R- Pode. O servidor que fez a portabilidade do sal\u00e1rio dever\u00e1 procurar a ag\u00eancia Banese em que tinha relacionamento antes de fazer a portabilidade.<\/span><\/p>\n<p style=\"text-align: justify;\"><span style=\"color: #000000;\">Obs. O cr\u00e9dito \u00e9 sujeito \u00e0 an\u00e1lise e aprova\u00e7\u00e3o. A opera\u00e7\u00e3o de cr\u00e9dito \u00e9 de responsabilidade do cliente, assim como todas as obriga\u00e7\u00f5es pertinentes ao contrato. A antecipa\u00e7\u00e3o do 13\u00ba n\u00e3o compromete a margem consign\u00e1vel para as demais linhas de cr\u00e9dito, ou seja, o servidor mant\u00e9m os mesmos limites de cheque especial e cr\u00e9dito consignado.<\/span><\/p>\n<p>&nbsp;<\/p>\n<p><a href=\"https:\/\/senoticias.com.br\/se\/wp-content\/uploads\/2018\/06\/Logomarca-fone-SE-4-2-1-1-1.jpg\"><img loading=\"lazy\" decoding=\"async\" class=\"aligncenter wp-image-113688 size-full\" src=\"https:\/\/senoticias.com.br\/se\/wp-content\/uploads\/2018\/06\/Logomarca-fone-SE-4-2-1-1-1.jpg\" alt=\"\" width=\"599\" height=\"78\" srcset=\"https:\/\/senoticias.com.br\/se\/wp-content\/uploads\/2018\/06\/Logomarca-fone-SE-4-2-1-1-1.jpg 599w, https:\/\/senoticias.com.br\/se\/wp-content\/uploads\/2018\/06\/Logomarca-fone-SE-4-2-1-1-1-300x39.jpg 300w\" sizes=\"(max-width: 599px) 100vw, 599px\" \/><\/a><\/p>\n<p><em>Por Ag\u00eancia Sergipe de Not\u00edcias<\/em><\/p>\n","protected":false},"excerpt":{"rendered":"<p>O governo de Sergipe anunciou nesta semana que vai pagar aos servidores da ativa, aposentados e pensionistas 50% do 13\u00ba sal\u00e1rio de 2018. De acordo com o governo, o servidor que optar pela forma parcelada da metade do 13\u00ba receber\u00e1 a partir de agosto a primeira das cinco parcelas, e assim se dar\u00e1 m\u00eas a [&hellip;]<\/p>\n","protected":false},"author":6553,"featured_media":0,"comment_status":"closed","ping_status":"closed","sticky":false,"template":"","format":"standard","meta":{"footnotes":""},"categories":[6],"tags":[9557,761,7667,3227,2002,3539,223,4524],"class_list":{"0":"post-113812","1":"post","2":"type-post","3":"status-publish","4":"format-standard","6":"category-politica","7":"tag-antecipacao","8":"tag-banese","9":"tag-decimo","10":"tag-estado","11":"tag-governo","12":"tag-salario","13":"tag-sergipe","14":"tag-servidor"},"_links":{"self":[{"href":"https:\/\/senoticias.com.br\/se\/wp-json\/wp\/v2\/posts\/113812"}],"collection":[{"href":"https:\/\/senoticias.com.br\/se\/wp-json\/wp\/v2\/posts"}],"about":[{"href":"https:\/\/senoticias.com.br\/se\/wp-json\/wp\/v2\/types\/post"}],"author":[{"embeddable":true,"href":"https:\/\/senoticias.com.br\/se\/wp-json\/wp\/v2\/users\/6553"}],"replies":[{"embeddable":true,"href":"https:\/\/senoticias.com.br\/se\/wp-json\/wp\/v2\/comments?post=113812"}],"version-history":[{"count":0,"href":"https:\/\/senoticias.com.br\/se\/wp-json\/wp\/v2\/posts\/113812\/revisions"}],"wp:attachment":[{"href":"https:\/\/senoticias.com.br\/se\/wp-json\/wp\/v2\/media?parent=113812"}],"wp:term":[{"taxonomy":"category","embeddable":true,"href":"https:\/\/senoticias.com.br\/se\/wp-json\/wp\/v2\/categories?post=113812"},{"taxonomy":"post_tag","embeddable":true,"href":"https:\/\/senoticias.com.br\/se\/wp-json\/wp\/v2\/tags?post=113812"}],"curies":[{"name":"wp","href":"https:\/\/api.w.org\/{rel}","templated":true}]}}