{"id":113802,"date":"2018-06-24T18:46:27","date_gmt":"2018-06-24T21:46:27","guid":{"rendered":"https:\/\/senoticias.com.br\/se\/?p=113802"},"modified":"2018-06-24T18:47:05","modified_gmt":"2018-06-24T21:47:05","slug":"oab-anuncia-novo-recurso-contra-cobranca-de-bagagem-em-avioes","status":"publish","type":"post","link":"https:\/\/senoticias.com.br\/se\/oab-anuncia-novo-recurso-contra-cobranca-de-bagagem-em-avioes\/","title":{"rendered":"OAB anuncia novo recurso contra cobran\u00e7a de bagagem em avi\u00f5es"},"content":{"rendered":"<p style=\"text-align: justify;\">A Ordem dos Advogados do Brasil (OAB) anunciou na sexta-feira (22) um novo recurso, com pedido de decis\u00e3o liminar (provis\u00f3ria), a fim de interromper a taxa extra de cobran\u00e7a de bagagens pelas companhias a\u00e9reas.<\/p>\n<p style=\"text-align: justify;\">Para o presidente nacional da OAB, Cl\u00e1udio Lamachia, \u201cdesde que a taxa foi colocada em pr\u00e1tica, o consumidor tem sido lesado\u201d.<\/p>\n<div id=\"attachment_113803\" style=\"width: 609px\" class=\"wp-caption aligncenter\"><a href=\"https:\/\/senoticias.com.br\/se\/wp-content\/uploads\/2018\/06\/2486429469-fila-aeroporto-agbr-e1529876648246.jpg\"><img loading=\"lazy\" decoding=\"async\" aria-describedby=\"caption-attachment-113803\" class=\"size-full wp-image-113803\" src=\"https:\/\/senoticias.com.br\/se\/wp-content\/uploads\/2018\/06\/2486429469-fila-aeroporto-agbr-e1529876648246.jpg\" alt=\"\" width=\"599\" height=\"398\" \/><\/a><p id=\"caption-attachment-113803\" class=\"wp-caption-text\">OAB considera que a cobran\u00e7a de bagagens pelas companhias a\u00e9reas tem sido lesiva aos consumidores (foto: Jos\u00e9 Cruz\/Ag\u00eancia Brasil)<\/p><\/div>\n<p style=\"text-align: justify;\">O novo recurso foi motivado pelo reajuste no valor da taxa, feito recentemente pelas companhias Azul e Gol. Desde que a autoriza\u00e7\u00e3o para a cobran\u00e7a foi anunciada pela Ag\u00eancia Nacional de Avia\u00e7\u00e3o Civil (Anac), a OAB tem atuado para revogar a medida, que considera \u201clesiva\u201d aos consumidores.<\/p>\n<p style=\"text-align: justify;\">A medida chegou a ser suspensa pela Justi\u00e7a Federal em mar\u00e7o do ano passado, mas a decis\u00e3o liminar foi derrubada no m\u00eas seguinte. A OAB quer que uma nova liminar seja concedida enquanto n\u00e3o \u00e9 julgado o m\u00e9rito final da a\u00e7\u00e3o.<\/p>\n<p style=\"text-align: justify;\">A bagagem despachada come\u00e7ou a ser efetivamente cobrada em 1o de junho de 2017. A primeira companhia a cobrar foi a Azul, no valor m\u00ednimo de R$ 30,00 por mala, pre\u00e7o que agora \u00e9 de R$ 60,00.<\/p>\n<p>&nbsp;<\/p>\n<p><a href=\"https:\/\/senoticias.com.br\/se\/wp-content\/uploads\/2018\/06\/Logomarca-fone-SE-4-2-1-1-1.jpg\"><img loading=\"lazy\" decoding=\"async\" class=\"aligncenter size-full wp-image-113688\" src=\"https:\/\/senoticias.com.br\/se\/wp-content\/uploads\/2018\/06\/Logomarca-fone-SE-4-2-1-1-1.jpg\" alt=\"\" width=\"599\" height=\"78\" srcset=\"https:\/\/senoticias.com.br\/se\/wp-content\/uploads\/2018\/06\/Logomarca-fone-SE-4-2-1-1-1.jpg 599w, https:\/\/senoticias.com.br\/se\/wp-content\/uploads\/2018\/06\/Logomarca-fone-SE-4-2-1-1-1-300x39.jpg 300w\" sizes=\"(max-width: 599px) 100vw, 599px\" \/><\/a><\/p>\n<p>&nbsp;<\/p>\n<p><em><strong>Acompanhe tamb\u00e9m o SE Not\u00edcias no<\/strong><span class=\"apple-converted-space\"><b>\u00a0<\/b><\/span><a href=\"https:\/\/twitter.com\/Senoticias\" target=\"_blank\" rel=\"noopener\"><b>Twitter<\/b><\/a><strong>,<\/strong><span class=\"apple-converted-space\"><b>\u00a0<\/b><\/span><a href=\"https:\/\/www.facebook.com\/senoticias1\" target=\"_blank\" rel=\"noopener\"><b>Facebook<\/b><span class=\"apple-converted-space\"><b>\u00a0<\/b><\/span><\/a><strong>e no<\/strong><span class=\"apple-converted-space\"><b>\u00a0<\/b><\/span><a href=\"https:\/\/www.instagram.com\/senoticias\/\" target=\"_blank\" rel=\"noopener\"><b>Instagram<\/b><\/a><\/em><\/p>\n<p><em>por Felipe Pontes &#8211; Rep\u00f3rter da Ag\u00eancia Brasil<\/em><\/p>\n","protected":false},"excerpt":{"rendered":"<p>A Ordem dos Advogados do Brasil (OAB) anunciou na sexta-feira (22) um novo recurso, com pedido de decis\u00e3o liminar (provis\u00f3ria), a fim de interromper a taxa extra de cobran\u00e7a de bagagens pelas companhias a\u00e9reas. Para o presidente nacional da OAB, Cl\u00e1udio Lamachia, \u201cdesde que a taxa foi colocada em pr\u00e1tica, o consumidor tem sido lesado\u201d. [&hellip;]<\/p>\n","protected":false},"author":6552,"featured_media":113803,"comment_status":"closed","ping_status":"closed","sticky":false,"template":"","format":"standard","meta":{"footnotes":""},"categories":[15,2961],"tags":[6892,10164,331,10163,9694],"class_list":{"0":"post-113802","1":"post","2":"type-post","3":"status-publish","4":"format-standard","5":"has-post-thumbnail","7":"category-destaques","8":"category-nacional","9":"tag-agencia-nacional-de-aviacao-civil","10":"tag-cobranca-de-bagagem-em-avioes","11":"tag-oab","12":"tag-oab-nacional","13":"tag-ordem-dos-advogados-do-brasil"},"_links":{"self":[{"href":"https:\/\/senoticias.com.br\/se\/wp-json\/wp\/v2\/posts\/113802"}],"collection":[{"href":"https:\/\/senoticias.com.br\/se\/wp-json\/wp\/v2\/posts"}],"about":[{"href":"https:\/\/senoticias.com.br\/se\/wp-json\/wp\/v2\/types\/post"}],"author":[{"embeddable":true,"href":"https:\/\/senoticias.com.br\/se\/wp-json\/wp\/v2\/users\/6552"}],"replies":[{"embeddable":true,"href":"https:\/\/senoticias.com.br\/se\/wp-json\/wp\/v2\/comments?post=113802"}],"version-history":[{"count":0,"href":"https:\/\/senoticias.com.br\/se\/wp-json\/wp\/v2\/posts\/113802\/revisions"}],"wp:featuredmedia":[{"embeddable":true,"href":"https:\/\/senoticias.com.br\/se\/wp-json\/wp\/v2\/media\/113803"}],"wp:attachment":[{"href":"https:\/\/senoticias.com.br\/se\/wp-json\/wp\/v2\/media?parent=113802"}],"wp:term":[{"taxonomy":"category","embeddable":true,"href":"https:\/\/senoticias.com.br\/se\/wp-json\/wp\/v2\/categories?post=113802"},{"taxonomy":"post_tag","embeddable":true,"href":"https:\/\/senoticias.com.br\/se\/wp-json\/wp\/v2\/tags?post=113802"}],"curies":[{"name":"wp","href":"https:\/\/api.w.org\/{rel}","templated":true}]}}