{"id":113778,"date":"2018-06-22T14:20:32","date_gmt":"2018-06-22T17:20:32","guid":{"rendered":"https:\/\/senoticias.com.br\/se\/?p=113778"},"modified":"2018-06-23T14:34:01","modified_gmt":"2018-06-23T17:34:01","slug":"abertura-do-forro-caju-sera-hoje-veja-a-programacao","status":"publish","type":"post","link":"https:\/\/senoticias.com.br\/se\/abertura-do-forro-caju-sera-hoje-veja-a-programacao\/","title":{"rendered":"Abertura do Forr\u00f3 Caju acontece nesta sexta-feira; veja a programa\u00e7\u00e3o"},"content":{"rendered":"<p style=\"text-align: justify;\">A cidade recebe nos dias 22, 23, 24, 28, 29 e 30 de junho mais uma edi\u00e7\u00e3o do Forr\u00f3 Caju. Para que o evento aconte\u00e7a de forma organizada, a Prefeitura de Aracaju, atrav\u00e9s das secretarias municipais, n\u00e3o tem medido esfor\u00e7os para oferecer todo o respaldo necess\u00e1rio e garantir a realiza\u00e7\u00e3o de um dos festejos mais aguardados pela popula\u00e7\u00e3o local e turistas. O trabalho conjunto das secretarias \u00e9 de suma import\u00e2ncia para que os seis dias do evento sejam um sucesso e contribuam para manter viva a tradi\u00e7\u00e3o junina da capital.<\/p>\n<div id=\"attachment_113779\" style=\"width: 609px\" class=\"wp-caption aligncenter\"><a href=\"https:\/\/senoticias.com.br\/se\/wp-content\/uploads\/2018\/06\/palco_forro_caju_foto_lizia_martins_12-e1529687836368.jpg\"><img loading=\"lazy\" decoding=\"async\" aria-describedby=\"caption-attachment-113779\" class=\"size-full wp-image-113779\" src=\"https:\/\/senoticias.com.br\/se\/wp-content\/uploads\/2018\/06\/palco_forro_caju_foto_lizia_martins_12-e1529687836368.jpg\" alt=\"\" width=\"599\" height=\"398\" \/><\/a><p id=\"caption-attachment-113779\" class=\"wp-caption-text\">Mestrinho e Samyra agitam abertura do Forr\u00f3 Caju, nesta sexta-feira (foto: L\u00edzia Martins\/AAN)<\/p><\/div>\n<p style=\"text-align: justify;\">Confira a programa\u00e7\u00e3o:<\/p>\n<p><strong>Mercados Centrais<\/strong><\/p>\n<p><strong>Programa\u00e7\u00e3o do palco principal<\/strong><\/p>\n<p><strong>22 de junho (Sexta-feira)<\/strong><\/p>\n<p>20h \u2013 ORQUESTRA SANF\u00d4NICA DE ARACAJU<br \/>\n21h30 \u2013 MESTRINHO<br \/>\n23h \u2013 GAL\u00c3 DO FORR\u00d3<br \/>\n00h30 \u2013 CINTURA FINA<br \/>\n02h \u2013 SAMYRA SHOW<\/p>\n<p><strong>23 de junho (S\u00e1bado)<\/strong><\/p>\n<p>20h \u2013 JO\u00c3O DA PASSARADA<br \/>\n21h30 \u2013 BALAN\u00c7A EU<br \/>\n23h \u2013 MICHEL TEL\u00d3<br \/>\n00h30 \u2013 DANIELZINHO KACETEIRO DO FORR\u00d3<br \/>\n02h \u2013 FORR\u00d3 DOS PLAYS<\/p>\n<p><strong>24 de junho (Domingo)<\/strong><\/p>\n<p>20h \u2013 LOURINHO DO ACORDEON<br \/>\n21h30 \u2013 BANDA ZA\u00cdRAS<br \/>\n23h \u2013 ALCEU VALEN\u00c7A<br \/>\n00h30 \u2013 JOELMA<br \/>\n02h \u2013 FARRA DE BAR\u00c3O<\/p>\n<p><strong>28 de junho (Quinta-feira)<\/strong><\/p>\n<p>20h \u2013 ERIVALDO DE CARIRA<br \/>\n21h30 \u2013 Z\u00c9 TRAMELA<br \/>\n23h \u2013 FL\u00c1VIO JOS\u00c9<br \/>\n00h30 \u2013 LUAN ESTILIZADO<br \/>\n02h \u2013 CALCINHA PRETA<\/p>\n<p><strong>29 de junho (Sexta-feira)<\/strong><\/p>\n<p>20h \u2013 BANDA FOGO NA SAIA<br \/>\n21h30 \u2013 DEVINHO NOVAES<br \/>\n23h \u2013 ADELM\u00c1RIO COELHO<br \/>\n00h30 \u2013 ELBA RAMALHO<br \/>\n02h \u2013 CAVALEIROS DO FORR\u00d3<\/p>\n<p><strong>30 de junho (S\u00e1bado)<\/strong><\/p>\n<p>20h \u2013 AMOROSA<br \/>\n21h30 \u2013 ROJ\u00c3O DIFERENTE<br \/>\n23h \u2013 OS GONZAGAS<br \/>\n00h30 \u2013 JONAS ESTICADO<br \/>\n02h \u2013 ZUER\u00d5ES DO FORR\u00d3<\/p>\n<p><strong>Programa\u00e7\u00e3o Gerson Filho<\/strong><\/p>\n<p><strong>22 de junho (Sexta-feira)<\/strong><\/p>\n<p>20h \u2013 OSMAN DO ACORDEON<br \/>\n21h \u2013 OS MANOS DO FORR\u00d3<br \/>\n22h \u2013 GLAUBERT SANTOS<br \/>\n23h \u2013 ANT\u00d4NIO CARLOS DO ARACAJU<br \/>\n01h20 \u2013 LOURIVAL MENDES<\/p>\n<p><strong>23 de junho (S\u00e1bado)<\/strong><\/p>\n<p>20h \u2013 ROBERTINHO DOS 8 BAIXOS<br \/>\n21h20 \u2013 LUIZ PAULO<br \/>\n22h40 \u2013 HIQUINHO DO AL\u00c9M MAR<br \/>\n23h50 \u2013 SENA<br \/>\n01h20 \u2013 WILSON CORDEIRO<\/p>\n<p><strong>24 de junho (Domingo)<\/strong><\/p>\n<p>20h \u2013 GRUPO VIVACE<br \/>\n21h20 \u2013 EDGARD DO ACORDEON<br \/>\n22h40 \u2013 LUCAS CAMPELO<br \/>\n23h50 \u2013 JOESIA RAMOS<br \/>\n01h20 \u2013 FORR\u00d3 BOM D+<\/p>\n<p><strong>28 de junho (Quinta-feira)<\/strong><\/p>\n<p>20h \u2013 SE AVEXE N\u00c3O<br \/>\n21h20 \u2013 FERNANDO CRATEUS<br \/>\n22h40 \u2013 FORR\u00d3 PARAXAXA<br \/>\n23h50 \u2013 SERGIVAL<br \/>\n01h20 \u2013 BOBINHOS DO FORR\u00d3<\/p>\n<p><strong>29 de junho (Sexta-feira)<\/strong><\/p>\n<p>20h \u2013 Z\u00c9 AM\u00c9RICO DE CAMPO DO BRITO<br \/>\n21h20 \u2013 Z\u00c9 ROSENDO E MARLUCE<br \/>\n22h40 \u2013 THAIS NOGUEIRA<br \/>\n01h20 \u2013 TRIO FORR\u00d3OP\u00c7\u00c3O<\/p>\n<p><strong>30 de junho (S\u00e1bado)<\/strong><\/p>\n<p>20h \u2013 EUG\u00caNIO BISPO<br \/>\n21h20 \u2013 JOSEANE DY JOSA<br \/>\n22h40 \u2013 CANDIERO DE PRATA<br \/>\n23h50 \u2013 CASACA DE COURO<br \/>\n01h20 \u2013 OS BRASAS NORDESTINOS<\/p>\n<p><strong>Programa\u00e7\u00e3o Palco Clemilda<\/strong><\/p>\n<p><strong>20 de junho (Quarta-feira)<\/strong><\/p>\n<p>16h \u2013 ZABUMBA DO REI DE V\u00d3 LOURDES<br \/>\n17h30 \u2013 NAN\u00c3 TRIO<br \/>\n19h \u2013 ABERTURA DO F\u00d3RUM DO FORR\u00d3 \u2013 CCA<br \/>\n21h30 \u2013 SHOW DE SILV\u00c9RIO PESSOA<\/p>\n<p><strong>21 de junho (Quinta-feira)<\/strong><\/p>\n<p>16h \u2013 OS TR\u00caS MULEKES<br \/>\n17h30 \u2013 FORR\u00d3 SIRI NA LATA<br \/>\n19h \u2013 F\u00d3RUM DO FORR\u00d3 \u2013 CCA<br \/>\n20h0 \u2013 S\u00c9RGIO LUCAS<\/p>\n<p><strong>22 de junho (Sexta-feira)<\/strong><\/p>\n<p>16h \u2013 KARMEN CORREIA<br \/>\n18h \u2013 PATRICIA POLAYNE<br \/>\n20h \u2013 XAMEGO DE MENINA<\/p>\n<p><strong>23 de junho (S\u00e1bado)<\/strong><\/p>\n<p>16h \u2013 TRIO VOZ DE OURO E BANDA<br \/>\n18h \u2013 FORR\u00d3 OS P\u00c9-DE-CANA<br \/>\n20h \u2013 SOFIVA BAI\u00d5ES<\/p>\n<p><strong>24 de junho (Domingo<\/strong><\/p>\n<p>16h \u2013 TRIO FALA S\u00c9RIO<br \/>\n18h \u2013 TRIO ITAPO\u00c3<\/p>\n<p><strong>28 de junho (Quinta-feira)<\/strong><\/p>\n<p>16h \u2013 GALEGO DO ACORDEON<br \/>\n18h \u2013 XOTE MULEKE<br \/>\n20h \u2013 ROBSON MELO<\/p>\n<p><strong>29 de junho (Sexta-feira )<\/strong><\/p>\n<p>16h \u2013 CHIC\u00c3O DA PRAIA<br \/>\n18h \u2013 JOBA FORR\u00d3 RALA COXA<br \/>\n20h \u2013 SILVANO PRADO<\/p>\n<p><strong>Programa\u00e7\u00e3o nos bairros<\/strong><\/p>\n<p><strong>14 de junho ( Quinta-feira)<\/strong><\/p>\n<p>Coroa do Meio \u2013 Pra\u00e7a Museu do Mangue<br \/>\n18h \u2013 CAPUNGA DO FORR\u00d3<br \/>\n20h \u2013 TONHO BAIXINHO E TRIO AVE RARA<\/p>\n<p><strong>In\u00e1cio Barbosa \u2013 Pra\u00e7a dos Nacionalistas<\/strong><\/p>\n<p>18h \u2013 TRIO CACIMBA<br \/>\n20h \u2013 QUADRILHA CACIMBA NOVA<br \/>\n20h30 \u2013 MIMI DO ACORDEON<\/p>\n<p><strong>23 de junho (S\u00e1bado)<\/strong><\/p>\n<p><strong>Mosqueiro \u2013 Orla P\u00f4r do Sol<\/strong><\/p>\n<p>19h \u2013 LUIZ RODRIGUES E RETALHOS NORDESTINOS<br \/>\n21h \u2013 QUADRILHA APAGA FOGUEIRA<br \/>\n21h30 \u2013 VALTINHO DO ACORDEON<\/p>\n<p><strong>24 de junho (Domingo)<\/strong><\/p>\n<p><strong>Am\u00e9rica \u2013 Pra\u00e7a Tancredo Neves<\/strong><\/p>\n<p>18h \u2013 TRIO ITAPORANGA<br \/>\n20h \u2013 QUADRILHA ASA BRANCA<br \/>\n20h30 \u2013 CEBOLINHA DO FORR\u00d3 BIS<br \/>\n27 de junho (Quarta-feira)<\/p>\n<p><strong>Augusto Franco \u2013 Pra\u00e7a Acr\u00edsio Garcez<\/strong><\/p>\n<p>18h \u2013 GERV\u00c1SIO DA PARA\u00cdBA<br \/>\n19h30 \u2013 QUADRILHA PENEIROU XEREM<br \/>\n20h \u2013 DR. ED<\/p>\n<p>21h30 \u2013 FORR\u00d3 10<\/p>\n<p><strong>Sexta-feira &#8211; 22\/06\u00a0<\/strong><\/p>\n<p><strong>Palco Luiz Gonzaga (Palco principal\/Pra\u00e7a de Eventos Hilton Lopes)<\/strong><\/p>\n<p>20h &#8211; Orquestra Sanf\u00f4nica de Aracaju<br \/>\n21h30 &#8211; Mestrinho<br \/>\n23h &#8211; Gal\u00e3 do Forr\u00f3<br \/>\n0h30 &#8211; Cintura Fina<br \/>\n2h &#8211; Samyra Show<\/p>\n<p><strong>Palco Gerson Filho (Palco alternativo\/Pra\u00e7a de Eventos Hilton Lopes)<\/strong><\/p>\n<p>20h &#8211; Osman do Acordeon<br \/>\n21h &#8211; Os Manos do Forr\u00f3<br \/>\n22h &#8211; Glaubert Santos<br \/>\n23h &#8211; Casaca de Couro<br \/>\n1h20 &#8211; Lourival Mendes<\/p>\n<p><strong>Palco Clemilda (Pra\u00e7a General Valad\u00e3o)<\/strong><\/p>\n<p>16h &#8211; Hpito<br \/>\n17h &#8211; Quadrilha Junina<br \/>\n17h30 &#8211; Quadrilha Junina<br \/>\n18h -Karmen Correia<br \/>\n20h &#8211; Patr\u00edcia Polayne<\/p>\n<p>&nbsp;<\/p>\n<p><a href=\"https:\/\/senoticias.com.br\/se\/wp-content\/uploads\/2018\/06\/Logomarca-fone-SE-4-2-1-1-1.jpg\"><img loading=\"lazy\" decoding=\"async\" class=\"aligncenter size-full wp-image-113688\" src=\"https:\/\/senoticias.com.br\/se\/wp-content\/uploads\/2018\/06\/Logomarca-fone-SE-4-2-1-1-1.jpg\" alt=\"\" width=\"599\" height=\"78\" srcset=\"https:\/\/senoticias.com.br\/se\/wp-content\/uploads\/2018\/06\/Logomarca-fone-SE-4-2-1-1-1.jpg 599w, https:\/\/senoticias.com.br\/se\/wp-content\/uploads\/2018\/06\/Logomarca-fone-SE-4-2-1-1-1-300x39.jpg 300w\" sizes=\"(max-width: 599px) 100vw, 599px\" \/><\/a><\/p>\n<p>&nbsp;<\/p>\n<p><em><strong>Acompanhe tamb\u00e9m o SE Not\u00edcias no<\/strong><span class=\"apple-converted-space\"><b>\u00a0<\/b><\/span><a href=\"https:\/\/twitter.com\/Senoticias\" target=\"_blank\" rel=\"noopener\"><b>Twitter<\/b><\/a><strong>,<\/strong><span class=\"apple-converted-space\"><b>\u00a0<\/b><\/span><a href=\"https:\/\/www.facebook.com\/senoticias1\" target=\"_blank\" rel=\"noopener\"><b>Facebook<\/b><span class=\"apple-converted-space\"><b>\u00a0<\/b><\/span><\/a><strong>e no<\/strong><span class=\"apple-converted-space\"><b>\u00a0<\/b><\/span><a href=\"https:\/\/www.instagram.com\/senoticias\/\" target=\"_blank\" rel=\"noopener\"><b>Instagram<\/b><\/a><\/em><\/p>\n<p><em>Com informa\u00e7\u00f5es da Ag\u00eancia Aracaju de Not\u00edcias<\/em><\/p>\n","protected":false},"excerpt":{"rendered":"<p>A cidade recebe nos dias 22, 23, 24, 28, 29 e 30 de junho mais uma edi\u00e7\u00e3o do Forr\u00f3 Caju. Para que o evento aconte\u00e7a de forma organizada, a Prefeitura de Aracaju, atrav\u00e9s das secretarias municipais, n\u00e3o tem medido esfor\u00e7os para oferecer todo o respaldo necess\u00e1rio e garantir a realiza\u00e7\u00e3o de um dos festejos mais [&hellip;]<\/p>\n","protected":false},"author":6552,"featured_media":113779,"comment_status":"closed","ping_status":"closed","sticky":false,"template":"","format":"standard","meta":{"footnotes":""},"categories":[21],"tags":[698,4138,9207,213],"class_list":{"0":"post-113778","1":"post","2":"type-post","3":"status-publish","4":"format-standard","5":"has-post-thumbnail","7":"category-entretenimento","8":"tag-edvaldo-nogueira","9":"tag-forro-caju","10":"tag-forro-caju-2018","11":"tag-prefeitura-de-aracaju"},"_links":{"self":[{"href":"https:\/\/senoticias.com.br\/se\/wp-json\/wp\/v2\/posts\/113778"}],"collection":[{"href":"https:\/\/senoticias.com.br\/se\/wp-json\/wp\/v2\/posts"}],"about":[{"href":"https:\/\/senoticias.com.br\/se\/wp-json\/wp\/v2\/types\/post"}],"author":[{"embeddable":true,"href":"https:\/\/senoticias.com.br\/se\/wp-json\/wp\/v2\/users\/6552"}],"replies":[{"embeddable":true,"href":"https:\/\/senoticias.com.br\/se\/wp-json\/wp\/v2\/comments?post=113778"}],"version-history":[{"count":0,"href":"https:\/\/senoticias.com.br\/se\/wp-json\/wp\/v2\/posts\/113778\/revisions"}],"wp:featuredmedia":[{"embeddable":true,"href":"https:\/\/senoticias.com.br\/se\/wp-json\/wp\/v2\/media\/113779"}],"wp:attachment":[{"href":"https:\/\/senoticias.com.br\/se\/wp-json\/wp\/v2\/media?parent=113778"}],"wp:term":[{"taxonomy":"category","embeddable":true,"href":"https:\/\/senoticias.com.br\/se\/wp-json\/wp\/v2\/categories?post=113778"},{"taxonomy":"post_tag","embeddable":true,"href":"https:\/\/senoticias.com.br\/se\/wp-json\/wp\/v2\/tags?post=113778"}],"curies":[{"name":"wp","href":"https:\/\/api.w.org\/{rel}","templated":true}]}}