{"id":113727,"date":"2018-06-19T16:05:22","date_gmt":"2018-06-19T19:05:22","guid":{"rendered":"https:\/\/senoticias.com.br\/se\/?p=113727"},"modified":"2018-06-20T19:26:14","modified_gmt":"2018-06-20T22:26:14","slug":"dois-homens-sao-detidos-pela-prf-na-br-101-em-sao-cristovao","status":"publish","type":"post","link":"https:\/\/senoticias.com.br\/se\/dois-homens-sao-detidos-pela-prf-na-br-101-em-sao-cristovao\/","title":{"rendered":"Dois homens s\u00e3o detidos pela PRF na BR 101, em S\u00e3o Crist\u00f3v\u00e3o"},"content":{"rendered":"<p class=\"m_7420779686294818608gmail-Standard\" style=\"text-align: justify;\">Uma equipe PRF prendeu na manh\u00e3 de hoje, 19, dois homens pela pr\u00e1tica de furto de equipamentos eletr\u00f4nicos. A a\u00e7\u00e3o aconteceu no Km 105 da BR 101, no munic\u00edpio de S\u00e3o Crist\u00f3v\u00e3o(SE).<\/p>\n<div id=\"attachment_113728\" style=\"width: 609px\" class=\"wp-caption aligncenter\"><a href=\"https:\/\/senoticias.com.br\/se\/wp-content\/uploads\/2018\/06\/Dois-homens-s\u00e3o-detidos-pela-PRF-na-BR-101-19.06.2018.jpeg\"><img loading=\"lazy\" decoding=\"async\" aria-describedby=\"caption-attachment-113728\" class=\"size-full wp-image-113728\" src=\"https:\/\/senoticias.com.br\/se\/wp-content\/uploads\/2018\/06\/Dois-homens-s\u00e3o-detidos-pela-PRF-na-BR-101-19.06.2018-e1529434677170.jpeg\" alt=\"\" width=\"599\" height=\"718\" \/><\/a><p id=\"caption-attachment-113728\" class=\"wp-caption-text\">Dois homens s\u00e3o detidos pela PRF na BR 101 em S\u00e3o Crist\u00f3v\u00e3o (foto: PRF\/SE)<\/p><\/div>\n<p class=\"m_7420779686294818608gmail-Standard\" style=\"text-align: justify;\"><span class=\"m_7420779686294818608gmail-Internetlink\">A central de informa\u00e7\u00f5es operacionais da PRF recebeu na manh\u00e3 de hoje a informa\u00e7\u00e3o, atrav\u00e9s do 191 (n\u00famero de emerg\u00eancia da PRF), de que dois homens furtaram na madrugada, duas TVs, uma filmadora, dois microfones com sistema de som e um notebook, todos pertencentes a uma escola no povoado Salobra, em Sim\u00e3o Dias\/SE. Policiais Rodovi\u00e1rios Federais foram acionados e imediatamente iniciaram rondas em busca dos suspeitos, quando abordaram um \u00f4nibus que realizava o transporte intermunicipal de passageiros e seguia de Aracaju para Itabaianinha.<\/span><\/p>\n<p class=\"m_7420779686294818608gmail-Standard\" style=\"text-align: justify;\"><span class=\"m_7420779686294818608gmail-Internetlink\"> Durante inspe\u00e7\u00e3o, os policiais encontraram os equipamentos furtados e dois passageiros que estavam de posse da mercadoria. Eles confirmaram o furto do material ocorrido na madrugada. Os dois homens, de 24 e 37 anos, foram detidos e encaminhados \u00e0 Delegacia de Pol\u00edcia Civil.<\/span><\/p>\n<p>&nbsp;<\/p>\n<p><a href=\"https:\/\/senoticias.com.br\/se\/wp-content\/uploads\/2018\/06\/Logomarca-fone-SE-4-2-1-1.jpg\"><img loading=\"lazy\" decoding=\"async\" class=\"aligncenter size-full wp-image-113435\" src=\"https:\/\/senoticias.com.br\/se\/wp-content\/uploads\/2018\/06\/Logomarca-fone-SE-4-2-1-1.jpg\" alt=\"\" width=\"599\" height=\"78\" srcset=\"https:\/\/senoticias.com.br\/se\/wp-content\/uploads\/2018\/06\/Logomarca-fone-SE-4-2-1-1.jpg 599w, https:\/\/senoticias.com.br\/se\/wp-content\/uploads\/2018\/06\/Logomarca-fone-SE-4-2-1-1-300x39.jpg 300w\" sizes=\"(max-width: 599px) 100vw, 599px\" \/><\/a><\/p>\n<p>&nbsp;<\/p>\n<p><em><strong>Acompanhe tamb\u00e9m o SE Not\u00edcias no<\/strong><span class=\"apple-converted-space\"><b>\u00a0<\/b><\/span><a href=\"https:\/\/twitter.com\/Senoticias\" target=\"_blank\" rel=\"noopener\"><b>Twitter<\/b><\/a><strong>,<\/strong><span class=\"apple-converted-space\"><b>\u00a0<\/b><\/span><a href=\"https:\/\/www.facebook.com\/senoticias1\" target=\"_blank\" rel=\"noopener\"><b>Facebook<\/b><span class=\"apple-converted-space\"><b>\u00a0<\/b><\/span><\/a><strong>e no<\/strong><span class=\"apple-converted-space\"><b>\u00a0<\/b><\/span><a href=\"https:\/\/www.instagram.com\/senoticias\/\" target=\"_blank\" rel=\"noopener\"><b>Instagram<\/b><\/a><\/em><\/p>\n<p>&nbsp;<\/p>\n<p><em>Superintend\u00eancia Regional em Sergipe<\/em><br \/>\n<em>Assessoria de Comunica\u00e7\u00e3o Social<\/em><\/p>\n<p>&nbsp;<\/p>\n","protected":false},"excerpt":{"rendered":"<p>Uma equipe PRF prendeu na manh\u00e3 de hoje, 19, dois homens pela pr\u00e1tica de furto de equipamentos eletr\u00f4nicos. A a\u00e7\u00e3o aconteceu no Km 105 da BR 101, no munic\u00edpio de S\u00e3o Crist\u00f3v\u00e3o(SE). A central de informa\u00e7\u00f5es operacionais da PRF recebeu na manh\u00e3 de hoje a informa\u00e7\u00e3o, atrav\u00e9s do 191 (n\u00famero de emerg\u00eancia da PRF), de [&hellip;]<\/p>\n","protected":false},"author":6552,"featured_media":113728,"comment_status":"closed","ping_status":"closed","sticky":false,"template":"","format":"standard","meta":{"footnotes":""},"categories":[15,7],"tags":[10132,7830,77,335],"class_list":{"0":"post-113727","1":"post","2":"type-post","3":"status-publish","4":"format-standard","5":"has-post-thumbnail","7":"category-destaques","8":"category-policia","9":"tag-br-101-em-sao-cristovao","10":"tag-policiais-rodoviarios-federais","11":"tag-prf","12":"tag-sao-cristovao"},"_links":{"self":[{"href":"https:\/\/senoticias.com.br\/se\/wp-json\/wp\/v2\/posts\/113727"}],"collection":[{"href":"https:\/\/senoticias.com.br\/se\/wp-json\/wp\/v2\/posts"}],"about":[{"href":"https:\/\/senoticias.com.br\/se\/wp-json\/wp\/v2\/types\/post"}],"author":[{"embeddable":true,"href":"https:\/\/senoticias.com.br\/se\/wp-json\/wp\/v2\/users\/6552"}],"replies":[{"embeddable":true,"href":"https:\/\/senoticias.com.br\/se\/wp-json\/wp\/v2\/comments?post=113727"}],"version-history":[{"count":0,"href":"https:\/\/senoticias.com.br\/se\/wp-json\/wp\/v2\/posts\/113727\/revisions"}],"wp:featuredmedia":[{"embeddable":true,"href":"https:\/\/senoticias.com.br\/se\/wp-json\/wp\/v2\/media\/113728"}],"wp:attachment":[{"href":"https:\/\/senoticias.com.br\/se\/wp-json\/wp\/v2\/media?parent=113727"}],"wp:term":[{"taxonomy":"category","embeddable":true,"href":"https:\/\/senoticias.com.br\/se\/wp-json\/wp\/v2\/categories?post=113727"},{"taxonomy":"post_tag","embeddable":true,"href":"https:\/\/senoticias.com.br\/se\/wp-json\/wp\/v2\/tags?post=113727"}],"curies":[{"name":"wp","href":"https:\/\/api.w.org\/{rel}","templated":true}]}}