{"id":113721,"date":"2018-06-19T14:20:41","date_gmt":"2018-06-19T17:20:41","guid":{"rendered":"https:\/\/senoticias.com.br\/se\/?p=113721"},"modified":"2018-06-19T14:20:41","modified_gmt":"2018-06-19T17:20:41","slug":"belivaldo-chagas-recebe-demandas-da-ex-prefeita-gracinha-vereadores-e-liderancas-de-itaporanga-dajuda","status":"publish","type":"post","link":"https:\/\/senoticias.com.br\/se\/belivaldo-chagas-recebe-demandas-da-ex-prefeita-gracinha-vereadores-e-liderancas-de-itaporanga-dajuda\/","title":{"rendered":"Belivaldo Chagas recebe demandas da ex-prefeita Gracinha, vereadores e lideran\u00e7as de Itaporanga D&#8217;Ajuda"},"content":{"rendered":"<p style=\"text-align: justify;\">Seguran\u00e7a P\u00fablica; transporte intermunicipal; recupera\u00e7\u00e3o da Rodovia Arnaldo Garcez; perfura\u00e7\u00e3o de Po\u00e7os Artesianos; pavimenta\u00e7\u00e3o asf\u00e1ltica nas ruas e conjuntos da cidade; constru\u00e7\u00e3o do Atracadouro da Ilha Mem de S\u00e1 e desenvolvimento tur\u00edstico para a regi\u00e3o.<\/p>\n<div id=\"attachment_113722\" style=\"width: 609px\" class=\"wp-caption aligncenter\"><a href=\"https:\/\/senoticias.com.br\/se\/wp-content\/uploads\/2018\/06\/untitled-2.png\"><img loading=\"lazy\" decoding=\"async\" aria-describedby=\"caption-attachment-113722\" class=\"size-full wp-image-113722\" src=\"https:\/\/senoticias.com.br\/se\/wp-content\/uploads\/2018\/06\/untitled-2-e1529428509904.png\" alt=\"\" width=\"599\" height=\"449\" \/><\/a><p id=\"caption-attachment-113722\" class=\"wp-caption-text\">O governador Belivaldo Chagas, recebeu na tarde desta segunda-feira (18), no Pal\u00e1cio de despachos, a ex-prefeita Gracinha, vereadores e lideran\u00e7as pol\u00edticas de Itaporanga (foto: divulga\u00e7\u00e3o)<\/p><\/div>\n<p style=\"text-align: justify;\">Essas foram as principais demandas apresentadas ontem, 18, por lideran\u00e7as pol\u00edticas de Itaporanga D&#8217;ajuda ao governador Belivaldo Chagas.<\/p>\n<p style=\"text-align: justify;\">Participaram da reuni\u00e3o, a <strong>ex-prefeita Gracinha Garcez<\/strong>, acompanhada dos vereadores Ricardo Possid\u00f4nio, Thiago Luduvice, Renatinho de Z\u00e9 de Lili e Nena do Gravat\u00e1, os suplentes de vereador Timinha e Wallace, al\u00e9m dos ex-vereadores C\u00e9sar de Beb\u00e9 e J\u00fanior Garcez.\u00a0 O presidente do diret\u00f3rio estadual do Partido dos Trabalhadores em Sergipe, <strong>Rog\u00e9rio Carvalho<\/strong>, tamb\u00e9m participou da reuni\u00e3o.<\/p>\n<p style=\"text-align: justify;\">Na oportunidade, todos agradeceram ao Governador Belivaldo Chagas pela aten\u00e7\u00e3o e encaminhamento das demandas apresentadas.<\/p>\n<p style=\"text-align: justify;\">&#8220;Nunca deixaremos de lutar e trabalhar por melhorias para nossa Itaporanga. Esse \u00e9 um compromisso permanente que tenho com o meu querido povo&#8221;, afirmou Gracinha.<\/p>\n<p>&nbsp;<\/p>\n<p><a href=\"https:\/\/senoticias.com.br\/se\/wp-content\/uploads\/2018\/06\/Logomarca-fone-SE-4-2-1-1-1.jpg\"><img loading=\"lazy\" decoding=\"async\" class=\"aligncenter size-full wp-image-113688\" src=\"https:\/\/senoticias.com.br\/se\/wp-content\/uploads\/2018\/06\/Logomarca-fone-SE-4-2-1-1-1.jpg\" alt=\"\" width=\"599\" height=\"78\" srcset=\"https:\/\/senoticias.com.br\/se\/wp-content\/uploads\/2018\/06\/Logomarca-fone-SE-4-2-1-1-1.jpg 599w, https:\/\/senoticias.com.br\/se\/wp-content\/uploads\/2018\/06\/Logomarca-fone-SE-4-2-1-1-1-300x39.jpg 300w\" sizes=\"(max-width: 599px) 100vw, 599px\" \/><\/a><\/p>\n<p>&nbsp;<\/p>\n<p><em><strong>Acompanhe tamb\u00e9m o SE Not\u00edcias no<\/strong><span class=\"apple-converted-space\"><b>\u00a0<\/b><\/span><a href=\"https:\/\/twitter.com\/Senoticias\" target=\"_blank\" rel=\"noopener\"><b>Twitter<\/b><\/a><strong>,<\/strong><span class=\"apple-converted-space\"><b>\u00a0<\/b><\/span><a href=\"https:\/\/www.facebook.com\/senoticias1\" target=\"_blank\" rel=\"noopener\"><b>Facebook<\/b><span class=\"apple-converted-space\"><b>\u00a0<\/b><\/span><\/a><strong>e no<\/strong><span class=\"apple-converted-space\"><b>\u00a0<\/b><\/span><a href=\"https:\/\/www.instagram.com\/senoticias\/\" target=\"_blank\" rel=\"noopener\"><b>Instagram<\/b><\/a><\/em><\/p>\n<p><strong><em>Reda\u00e7\u00e3o SE Not\u00edcias<\/em><\/strong><\/p>\n<p>&nbsp;<\/p>\n<p>&nbsp;<\/p>\n<p>&nbsp;<\/p>\n<p>&nbsp;<\/p>\n<p>&nbsp;<\/p>\n<p>&nbsp;<\/p>\n<p>&nbsp;<\/p>\n<p>&nbsp;<\/p>\n<p>&nbsp;<\/p>\n<p>&nbsp;<\/p>\n<p>&nbsp;<\/p>\n<p>&nbsp;<\/p>\n<p>&nbsp;<\/p>\n<p>&nbsp;<\/p>\n<p>&nbsp;<\/p>\n<p>&nbsp;<\/p>\n<p>&nbsp;<\/p>\n<p>&nbsp;<\/p>\n<p>&nbsp;<\/p>\n<p>&nbsp;<\/p>\n<p><em><strong>Acompanhe tamb\u00e9m o SE Not\u00edcias no<\/strong><span class=\"apple-converted-space\"><b>\u00a0<\/b><\/span><a href=\"https:\/\/twitter.com\/Senoticias\" target=\"_blank\" rel=\"noopener\"><b>Twitter<\/b><\/a><strong>,<\/strong><span class=\"apple-converted-space\"><b>\u00a0<\/b><\/span><a href=\"https:\/\/www.facebook.com\/senoticias1\" target=\"_blank\" rel=\"noopener\"><b>Facebook<\/b><span class=\"apple-converted-space\"><b>\u00a0<\/b><\/span><\/a><strong>e no<\/strong><span class=\"apple-converted-space\"><b>\u00a0<\/b><\/span><a href=\"https:\/\/www.instagram.com\/senoticias\/\" target=\"_blank\" rel=\"noopener\"><b>Instagram<\/b><\/a><\/em><\/p>\n","protected":false},"excerpt":{"rendered":"<p>Seguran\u00e7a P\u00fablica; transporte intermunicipal; recupera\u00e7\u00e3o da Rodovia Arnaldo Garcez; perfura\u00e7\u00e3o de Po\u00e7os Artesianos; pavimenta\u00e7\u00e3o asf\u00e1ltica nas ruas e conjuntos da cidade; constru\u00e7\u00e3o do Atracadouro da Ilha Mem de S\u00e1 e desenvolvimento tur\u00edstico para a regi\u00e3o. Essas foram as principais demandas apresentadas ontem, 18, por lideran\u00e7as pol\u00edticas de Itaporanga D&#8217;ajuda ao governador Belivaldo Chagas. Participaram da [&hellip;]<\/p>\n","protected":false},"author":6552,"featured_media":113722,"comment_status":"closed","ping_status":"closed","sticky":false,"template":"","format":"standard","meta":{"footnotes":""},"categories":[6],"tags":[2806,10131,9463,2306],"class_list":{"0":"post-113721","1":"post","2":"type-post","3":"status-publish","4":"format-standard","5":"has-post-thumbnail","7":"category-politica","8":"tag-belivaldo-chagas","9":"tag-ex-prefeita-gracinha-garcez","10":"tag-governador-belivaldo-chagas","11":"tag-itaporanga-dajuda"},"_links":{"self":[{"href":"https:\/\/senoticias.com.br\/se\/wp-json\/wp\/v2\/posts\/113721"}],"collection":[{"href":"https:\/\/senoticias.com.br\/se\/wp-json\/wp\/v2\/posts"}],"about":[{"href":"https:\/\/senoticias.com.br\/se\/wp-json\/wp\/v2\/types\/post"}],"author":[{"embeddable":true,"href":"https:\/\/senoticias.com.br\/se\/wp-json\/wp\/v2\/users\/6552"}],"replies":[{"embeddable":true,"href":"https:\/\/senoticias.com.br\/se\/wp-json\/wp\/v2\/comments?post=113721"}],"version-history":[{"count":0,"href":"https:\/\/senoticias.com.br\/se\/wp-json\/wp\/v2\/posts\/113721\/revisions"}],"wp:featuredmedia":[{"embeddable":true,"href":"https:\/\/senoticias.com.br\/se\/wp-json\/wp\/v2\/media\/113722"}],"wp:attachment":[{"href":"https:\/\/senoticias.com.br\/se\/wp-json\/wp\/v2\/media?parent=113721"}],"wp:term":[{"taxonomy":"category","embeddable":true,"href":"https:\/\/senoticias.com.br\/se\/wp-json\/wp\/v2\/categories?post=113721"},{"taxonomy":"post_tag","embeddable":true,"href":"https:\/\/senoticias.com.br\/se\/wp-json\/wp\/v2\/tags?post=113721"}],"curies":[{"name":"wp","href":"https:\/\/api.w.org\/{rel}","templated":true}]}}