{"id":113694,"date":"2018-06-17T19:09:10","date_gmt":"2018-06-17T22:09:10","guid":{"rendered":"https:\/\/senoticias.com.br\/se\/?p=113694"},"modified":"2018-06-17T19:10:42","modified_gmt":"2018-06-17T22:10:42","slug":"governador-participa-de-comemoracoes-juninas-em-moita-bonita-e-itaporanga","status":"publish","type":"post","link":"https:\/\/senoticias.com.br\/se\/governador-participa-de-comemoracoes-juninas-em-moita-bonita-e-itaporanga\/","title":{"rendered":"Governador participa de comemora\u00e7\u00f5es juninas em Moita Bonita e Itaporanga"},"content":{"rendered":"<p style=\"text-align: justify;\">Logo ap\u00f3s participar das apresenta\u00e7\u00f5es art\u00edsticas em Aracaju, Belivaldo Chagas seguiu para o interior do Estado com o objetivo de conferir de perto a\u00e7\u00f5es importantes realizadas no Col\u00e9gio Estadual Djenal Tavares de Queiroz, na cidade de Moita Bonita. H\u00e1 20 anos,\u00a0na mesma rua onde fica localizada a escola, acontece o\u00a0tradicional Festival das Barracas,um verdadeiro\u00a0encontro cultural que abrange m\u00fasica, arte, apresenta\u00e7\u00f5es art\u00edsticas e comidas t\u00edpicas.\u00a0A montagem do tradicional Arrai\u00e1 envolve cerca de 400 alunos, equipe diretiva e corpo docente da escola e \u00e9 o momento de maior intera\u00e7\u00e3o entre as turmas, que se preparam h\u00e1 meses antes da culmin\u00e2ncia no dia das apresenta\u00e7\u00f5es.<\/p>\n<div id=\"attachment_113695\" style=\"width: 609px\" class=\"wp-caption aligncenter\"><a href=\"https:\/\/senoticias.com.br\/se\/wp-content\/uploads\/2018\/06\/779fa96c5547d003db9ee41d2c507712-e1529273156521.jpeg\"><img loading=\"lazy\" decoding=\"async\" aria-describedby=\"caption-attachment-113695\" class=\"size-full wp-image-113695\" src=\"https:\/\/senoticias.com.br\/se\/wp-content\/uploads\/2018\/06\/779fa96c5547d003db9ee41d2c507712-e1529273156521.jpeg\" alt=\"\" width=\"599\" height=\"421\" \/><\/a><p id=\"caption-attachment-113695\" class=\"wp-caption-text\">Belivaldo participa de comemora\u00e7\u00f5es juninas em Itaporanga D&#8217; Ajuda (foto: Marcelle Cristinne\/ASN)<\/p><\/div>\n<p style=\"text-align: justify;\">&#8220;Trata-se de um evento totalmente organizado pelos alunos e com o apoio dos professores. Al\u00e9m da constru\u00e7\u00e3o das barracas tem\u00e1ticas, as apresenta\u00e7\u00f5es art\u00edsticas tamb\u00e9m fazem parte da avalia\u00e7\u00e3o. E comemorar 20 anos de tradi\u00e7\u00e3o com a presen\u00e7a do governador Belivaldo Chagas \u00e9 uma grande satisfa\u00e7\u00e3o. \u00c9 muito importante para n\u00f3s t\u00ea-lo aqui na nossa festa&#8221;, declarou a diretora da unidade de ensino da cidade, Deidiane de Jesus Andrade.<\/p>\n<p style=\"text-align: justify;\">O governador fez quest\u00e3o de conhecer cada uma das barracas e aproveitou a oportunidade para se aproximar dos alunos e da popula\u00e7\u00e3o em geral. &#8220;\u00c9 um momento importante para esses jovens alunos, de modo que todo o reconhecimento pelo belo trabalho realizado por eles \u00e9 v\u00e1lido. Todos os envolvidos na organiza\u00e7\u00e3o e execu\u00e7\u00e3o do evento est\u00e3o de parab\u00e9ns. Considero muito importante que trabalhos com esse sejam desenvolvidos para que a escola fortale\u00e7a ainda mais sua rela\u00e7\u00e3o com a comunidade de um modo geral. Fico feliz em testemunhar esse trabalho feito com tanto capricho. Parab\u00e9ns \u00e0\u00a0todos!&#8221;, destacou Belivaldo.<\/p>\n<p style=\"text-align: justify;\">De Moita Bonita, o governador se dirigiu \u00e0 cidade de Itaporanga D&#8217;Ajuda e foi recebido pela ex-prefeita Gracinha. Belivaldo participou dos festejos juninos realizados na cidade, que estava repleta, mesmo diante de muita chuva. A programa\u00e7\u00e3o da noite contou com as apresenta\u00e7\u00f5es das bandas: Mastruz com leite, Saia Rodada, Cavalo de Pau e Unha Pintada.<\/p>\n<p><strong>Presen\u00e7as<\/strong><\/p>\n<p style=\"text-align: justify;\">Durante a visita do governador \u00e0 cidade de Moita Bonita acompanharam o presidente da Assembleia Legislativa, o deputado estadual Luciano Bispo; o ex-deputado federal, M\u00e1rcio Macedo; Edmilson de Sind\u00f4, os vereadores\u00a0Lenecreide Ferraz,\u00a0Gilvan Fonseca, Jorge de Sind\u00f4 e Tuba\u00edna; o ex-prefeito de Carira Diogo Machado, a ex-prefeita Uita Barreto, de Ribeir\u00f3polis; vereadores Fabinho e Pororoca de Ribeir\u00f3polis; Ivoni e Cabe\u00e7a de Porco, de Itabaiana.<\/p>\n<p style=\"text-align: justify;\">J\u00e1 na cidade de Itaporanga, participaram o ex-governador Jackson Barreto; os deputados federais F\u00e1bio Reis e Fabio Mitidieri; o ex-deputado Rog\u00e9rio Carvalho; vereadores de Itaporanga: Renatinho de Z\u00e9 de Lili, Nena do Gravat\u00e1, Wallace da Nova Descoberta, Thiago Luduvice, Tonho de Luquinha; ex-vereadores:\u00a0C\u00e9sar de Beb\u00e9;\u00a0Peu; al\u00e9m do vereador de S\u00e3o Crist\u00f3v\u00e3o, Diego Prado.<\/p>\n<p><a href=\"https:\/\/senoticias.com.br\/se\/wp-content\/uploads\/2018\/06\/Logomarca-fone-SE-4-2-1-1-1.jpg\"><img loading=\"lazy\" decoding=\"async\" class=\"aligncenter size-full wp-image-113688\" src=\"https:\/\/senoticias.com.br\/se\/wp-content\/uploads\/2018\/06\/Logomarca-fone-SE-4-2-1-1-1.jpg\" alt=\"\" width=\"599\" height=\"78\" srcset=\"https:\/\/senoticias.com.br\/se\/wp-content\/uploads\/2018\/06\/Logomarca-fone-SE-4-2-1-1-1.jpg 599w, https:\/\/senoticias.com.br\/se\/wp-content\/uploads\/2018\/06\/Logomarca-fone-SE-4-2-1-1-1-300x39.jpg 300w\" sizes=\"(max-width: 599px) 100vw, 599px\" \/><\/a><\/p>\n<p>&nbsp;<\/p>\n<p><em><strong>Acompanhe tamb\u00e9m o SE Not\u00edcias no<\/strong><span class=\"apple-converted-space\"><b>\u00a0<\/b><\/span><a href=\"https:\/\/twitter.com\/Senoticias\" target=\"_blank\" rel=\"noopener\"><b>Twitter<\/b><\/a><strong>,<\/strong><span class=\"apple-converted-space\"><b>\u00a0<\/b><\/span><a href=\"https:\/\/www.facebook.com\/senoticias1\" target=\"_blank\" rel=\"noopener\"><b>Facebook<\/b><span class=\"apple-converted-space\"><b>\u00a0<\/b><\/span><\/a><strong>e no<\/strong><span class=\"apple-converted-space\"><b>\u00a0<\/b><\/span><a href=\"https:\/\/www.instagram.com\/senoticias\/\" target=\"_blank\" rel=\"noopener\"><b>Instagram<\/b><\/a><\/em><\/p>\n<p>&nbsp;<\/p>\n<p><em>Ag\u00eancia Sergipe de Not\u00edcias<\/em><\/p>\n","protected":false},"excerpt":{"rendered":"<p>Logo ap\u00f3s participar das apresenta\u00e7\u00f5es art\u00edsticas em Aracaju, Belivaldo Chagas seguiu para o interior do Estado com o objetivo de conferir de perto a\u00e7\u00f5es importantes realizadas no Col\u00e9gio Estadual Djenal Tavares de Queiroz, na cidade de Moita Bonita. H\u00e1 20 anos,\u00a0na mesma rua onde fica localizada a escola, acontece o\u00a0tradicional Festival das Barracas,um verdadeiro\u00a0encontro cultural [&hellip;]<\/p>\n","protected":false},"author":6552,"featured_media":113695,"comment_status":"closed","ping_status":"closed","sticky":false,"template":"","format":"standard","meta":{"footnotes":""},"categories":[6],"tags":[2806,6236,9959],"class_list":{"0":"post-113694","1":"post","2":"type-post","3":"status-publish","4":"format-standard","5":"has-post-thumbnail","7":"category-politica","8":"tag-belivaldo-chagas","9":"tag-gracinha","10":"tag-sao-joao-2018"},"_links":{"self":[{"href":"https:\/\/senoticias.com.br\/se\/wp-json\/wp\/v2\/posts\/113694"}],"collection":[{"href":"https:\/\/senoticias.com.br\/se\/wp-json\/wp\/v2\/posts"}],"about":[{"href":"https:\/\/senoticias.com.br\/se\/wp-json\/wp\/v2\/types\/post"}],"author":[{"embeddable":true,"href":"https:\/\/senoticias.com.br\/se\/wp-json\/wp\/v2\/users\/6552"}],"replies":[{"embeddable":true,"href":"https:\/\/senoticias.com.br\/se\/wp-json\/wp\/v2\/comments?post=113694"}],"version-history":[{"count":0,"href":"https:\/\/senoticias.com.br\/se\/wp-json\/wp\/v2\/posts\/113694\/revisions"}],"wp:featuredmedia":[{"embeddable":true,"href":"https:\/\/senoticias.com.br\/se\/wp-json\/wp\/v2\/media\/113695"}],"wp:attachment":[{"href":"https:\/\/senoticias.com.br\/se\/wp-json\/wp\/v2\/media?parent=113694"}],"wp:term":[{"taxonomy":"category","embeddable":true,"href":"https:\/\/senoticias.com.br\/se\/wp-json\/wp\/v2\/categories?post=113694"},{"taxonomy":"post_tag","embeddable":true,"href":"https:\/\/senoticias.com.br\/se\/wp-json\/wp\/v2\/tags?post=113694"}],"curies":[{"name":"wp","href":"https:\/\/api.w.org\/{rel}","templated":true}]}}