{"id":113692,"date":"2018-06-17T18:21:51","date_gmt":"2018-06-17T21:21:51","guid":{"rendered":"https:\/\/senoticias.com.br\/se\/?p=113692"},"modified":"2018-06-17T18:30:02","modified_gmt":"2018-06-17T21:30:02","slug":"113692-2","status":"publish","type":"post","link":"https:\/\/senoticias.com.br\/se\/113692-2\/","title":{"rendered":"Iphan e mais sete \u00f3rg\u00e3os abrem inscri\u00e7\u00f5es nesta segunda para quase 800 vagas"},"content":{"rendered":"<p style=\"text-align: justify;\">Pelo menos oito \u00f3rg\u00e3os abrem inscri\u00e7\u00f5es nesta segunda-feira (18) para quase 800. Os cargos dispon\u00edveis s\u00e3o para todos os n\u00edveis de escolaridade. Os sal\u00e1rios chegam a R$ 7.063,82 .<\/p>\n<p style=\"text-align: justify;\">O maior concurso \u00e9 do Instituto do Patrim\u00f4nio Hist\u00f3rico e Art\u00edstico Nacional (Iphan). Ao todo s\u00e3o 411 vagas &#8211; 280 de n\u00edvel superior e 131 de n\u00edvel m\u00e9dio.<\/p>\n<div id=\"attachment_113549\" style=\"width: 609px\" class=\"wp-caption aligncenter\"><a href=\"https:\/\/senoticias.com.br\/se\/wp-content\/uploads\/2018\/06\/concurso-e1528504348621.jpg\"><img loading=\"lazy\" decoding=\"async\" aria-describedby=\"caption-attachment-113549\" class=\"size-full wp-image-113549\" src=\"https:\/\/senoticias.com.br\/se\/wp-content\/uploads\/2018\/06\/concurso-e1528504348621.jpg\" alt=\"\" width=\"599\" height=\"396\" \/><\/a><p id=\"caption-attachment-113549\" class=\"wp-caption-text\">Cargos s\u00e3o de todos os n\u00edveis de escolaridade; sal\u00e1rios chegam a R$ 7.063,82 (foto: arquivo\/Ag\u00eancia Brasil)<\/p><\/div>\n<p>Veja abaixo os detalhes dos concursos:<\/p>\n<div class=\"mc-column content-text active-extra-styles\" data-block-type=\"raw\" data-block-weight=\"8\" data-block-id=\"6\">\n<div class=\"content-intertitle\">\n<h2><span style=\"font-size: 12pt;\">Instituto do Patrim\u00f4nio Hist\u00f3rico e Art\u00edstico Nacional (Iphan)<\/span><\/h2>\n<\/div>\n<\/div>\n<div class=\"mc-column content-text active-extra-styles\" data-block-type=\"raw\" data-block-weight=\"19\" data-block-id=\"7\">\n<ul class=\"content-unordered-list\">\n<li>Inscri\u00e7\u00f5es: at\u00e9 09\/07\/2018<\/li>\n<li>411 vagas<\/li>\n<li>Sal\u00e1rios de at\u00e9 R$ 5.035,29<\/li>\n<li>Cargos de n\u00edvel m\u00e9dio e superior<\/li>\n<li><a href=\"http:\/\/www.cespe.unb.br\/CONcursos\/IPHAN_18\/arquivos\/ED_1_2018_IPHAN_18_ABERTURA.PDF\" target=\"_blank\" rel=\"noopener\">Veja o edital<\/a><\/li>\n<\/ul>\n<\/div>\n<div class=\"mc-column content-text active-extra-styles\" data-block-type=\"raw\" data-block-weight=\"4\" data-block-id=\"8\">\n<div class=\"content-intertitle\">\n<h2><span style=\"font-size: 12pt;\">Prefeitura de Mariana (MG)<\/span><\/h2>\n<div class=\"wall\">\n<div class=\"mc-column content-text active-extra-styles\" data-block-type=\"raw\" data-block-weight=\"19\" data-block-id=\"9\">\n<ul class=\"content-unordered-list\">\n<li>Inscri\u00e7\u00f5es: at\u00e9 09\/07\/2018<\/li>\n<li>312 vagas<\/li>\n<li>Sal\u00e1rios de at\u00e9 R$ 6.828,68<\/li>\n<li>Cargos de n\u00edvel m\u00e9dio e superior<\/li>\n<li><a href=\"http:\/\/www.mariana.mg.gov.br\/noticia\/4590\/prefeitura-de-mariana-oferece-aproximadamente-300-vagas-em-processo-seletivo\" target=\"_blank\" rel=\"noopener\">Veja o edital<\/a><\/li>\n<\/ul>\n<\/div>\n<div class=\"mc-column content-text active-extra-styles\" data-block-type=\"raw\" data-block-weight=\"4\" data-block-id=\"10\">\n<div class=\"content-intertitle\">\n<h2><span style=\"font-size: 12pt;\">Prefeitura de Fund\u00e3o (ES)<\/span><\/h2>\n<\/div>\n<\/div>\n<div class=\"mc-column content-text active-extra-styles\" data-block-type=\"raw\" data-block-weight=\"17\" data-block-id=\"11\">\n<ul class=\"content-unordered-list\">\n<li>Inscri\u00e7\u00f5es: at\u00e9 19\/06\/2018<\/li>\n<li>2 vagas<\/li>\n<li>Sal\u00e1rios de at\u00e9 R$ 1.695,10<\/li>\n<li>Cargos de n\u00edvel fundamental<\/li>\n<li><a href=\"http:\/\/www.fundao.es.gov.br\/Arquivo\/Documents\/COC\/EDITAL-SEMGER%20N%C2%BA%20001-2108%20-%20OPERADOR%20DE%20M%C3%81QUINA%20%20-processo%20seletivo%20atualizado.pdf\" target=\"_blank\" rel=\"noopener\">Veja o edital<\/a><\/li>\n<\/ul>\n<\/div>\n<div class=\"mc-column content-text active-extra-styles\" data-block-type=\"raw\" data-block-weight=\"6\" data-block-id=\"12\">\n<div class=\"content-intertitle\">\n<h2><span style=\"font-size: 12pt;\">C\u00e2mara do Carmo do Cajuru (MG)<\/span><\/h2>\n<\/div>\n<\/div>\n<div class=\"mc-column content-text active-extra-styles\" data-block-type=\"raw\" data-block-weight=\"17\" data-block-id=\"13\">\n<ul class=\"content-unordered-list\">\n<li>Inscri\u00e7\u00f5es: at\u00e9 19\/07\/2018<\/li>\n<li>2 vagas<\/li>\n<li>Sal\u00e1rios de at\u00e9 R$ 2.890,86<\/li>\n<li>Cargos de n\u00edvel superior<\/li>\n<li><a href=\"http:\/\/www.fumarc.com.br\/concursos\/detalhe\/concurso-publico\/118\" target=\"_blank\" rel=\"noopener\">Veja o edital<\/a><\/li>\n<\/ul>\n<\/div>\n<div class=\"mc-column content-text active-extra-styles\" data-block-type=\"raw\" data-block-weight=\"5\" data-block-id=\"14\">\n<div class=\"content-intertitle\">\n<h2><span style=\"font-size: 12pt;\">Prefeitura do Ros\u00e1rio Oeste (MT)<\/span><\/h2>\n<\/div>\n<\/div>\n<div class=\"mc-column content-text active-extra-styles\" data-block-type=\"raw\" data-block-weight=\"13\" data-block-id=\"15\">\n<ul class=\"content-unordered-list\">\n<li>Inscri\u00e7\u00f5es: at\u00e9 29\/06\/2018<\/li>\n<li>11 vagas<\/li>\n<li>Sal\u00e1rios de at\u00e9 R$ 1.014,11<\/li>\n<li><a href=\"https:\/\/www.rosariooeste.mt.gov.br\/sic-processo-seletivo-2\/ano-de-2018\/processo-seletivo-n%C2%BA-003-2018\/6461-processo-seletivo-n%C2%BA-003-2018-edital-de-abertura\/file\" target=\"_blank\" rel=\"noopener\">Veja o edital<\/a><\/li>\n<\/ul>\n<\/div>\n<div class=\"mc-column content-text active-extra-styles\" data-block-type=\"raw\" data-block-weight=\"6\" data-block-id=\"16\">\n<div class=\"content-intertitle\">\n<h2><span style=\"font-size: 12pt;\">Prefeitura de Pato de Minas (MG)<\/span><\/h2>\n<\/div>\n<\/div>\n<div class=\"mc-column content-text active-extra-styles\" data-block-type=\"raw\" data-block-weight=\"17\" data-block-id=\"17\">\n<ul class=\"content-unordered-list\">\n<li>Inscri\u00e7\u00f5es: at\u00e9 22\/06\/2018<\/li>\n<li>25 vagas<\/li>\n<li>Sal\u00e1rios de at\u00e9 R$ 7.063,82<\/li>\n<li>Cargos de n\u00edvel superior<\/li>\n<li><a href=\"http:\/\/www.patosdeminas.mg.gov.br\/processosseletivos\/arquivos\/2018\/EDITAL005-MEDICOSESPECIALISTAS.pdf\" target=\"_blank\" rel=\"noopener\">Veja o edital<\/a><\/li>\n<\/ul>\n<\/div>\n<div class=\"mc-column content-text active-extra-styles\" data-block-type=\"raw\" data-block-weight=\"5\" data-block-id=\"18\">\n<div class=\"content-intertitle\">\n<h2><span style=\"font-size: 12pt;\">Companhia Pontagrossense de servi\u00e7os (PR)<\/span><\/h2>\n<\/div>\n<\/div>\n<div class=\"mc-column content-text active-extra-styles\" data-block-type=\"raw\" data-block-weight=\"19\" data-block-id=\"19\">\n<ul class=\"content-unordered-list\">\n<li>Inscri\u00e7\u00f5es: at\u00e9 17\/07\/2018<\/li>\n<li>2 vagas<\/li>\n<li>Sal\u00e1rios de at\u00e9 R$ 3.636,39<\/li>\n<li>Cargos de n\u00edvel m\u00e9dio e superior<\/li>\n<li><a href=\"http:\/\/www.concursosfau.com.br\/novo\/concurso\/CPS-%20PG\" target=\"_blank\" rel=\"noopener\">Veja o edital<\/a><\/li>\n<\/ul>\n<\/div>\n<div class=\"mc-column content-text active-extra-styles\" data-block-type=\"raw\" data-block-weight=\"5\" data-block-id=\"20\">\n<div class=\"content-intertitle\">\n<h2><span style=\"font-size: 12pt;\">Prefeitura de Lagoa Santa (GO)<\/span><\/h2>\n<\/div>\n<\/div>\n<div class=\"content-ads content-ads--reveal\" data-block-type=\"ads\" data-block-id=\"21\">\n<div id=\"banner_materia2\" class=\"tag-manager-publicidade-container has-reveal has-ad-lazyload tag-manager-publicidade-banner_materia2 tag-manager-publicidade-container--carregado tag-manager-publicidade-container--visivel\" data-id=\"banner_materia2\" data-google-query-id=\"CKuyj4rQ29sCFUgehwodgP8BZw\" data-cid=\"138236237518\" data-lid=\"4699729841\">\n<div id=\"google_ads_iframe_\/95377733\/tvg_G1\/Economia_2__container__\"><\/div>\n<\/div>\n<\/div>\n<\/div>\n<div data-track-category=\"fim do conteudo\" data-track-action=\"ultimo chunk conteudo\" data-track-noninteraction=\"false\" data-track-scroll=\"entrada completa viewport\">\n<div class=\"mc-column content-text active-extra-styles\" data-block-type=\"raw\" data-block-weight=\"19\" data-block-id=\"22\">\n<ul class=\"content-unordered-list\">\n<li>Inscri\u00e7\u00f5es: at\u00e9 09\/07\/2018<\/li>\n<li>2 vagas<\/li>\n<li>Sal\u00e1rios de at\u00e9 R$ 1.132,33<\/li>\n<li>Cargos de n\u00edvel m\u00e9dio e superior<\/li>\n<li><a href=\"http:\/\/lagoasanta.go.gov.br\/wp-content\/uploads\/2018\/05\/14-EDITAL-PROCESSO-SELETIVO.pdf\" target=\"_blank\" rel=\"noopener\">Veja o edital<\/a><\/li>\n<\/ul>\n<\/div>\n<\/div>\n<\/div>\n<p><a href=\"https:\/\/senoticias.com.br\/se\/wp-content\/uploads\/2018\/06\/Logomarca-fone-SE-4-2-1-1-1.jpg\"><img loading=\"lazy\" decoding=\"async\" class=\"aligncenter size-full wp-image-113688\" src=\"https:\/\/senoticias.com.br\/se\/wp-content\/uploads\/2018\/06\/Logomarca-fone-SE-4-2-1-1-1.jpg\" alt=\"\" width=\"599\" height=\"78\" srcset=\"https:\/\/senoticias.com.br\/se\/wp-content\/uploads\/2018\/06\/Logomarca-fone-SE-4-2-1-1-1.jpg 599w, https:\/\/senoticias.com.br\/se\/wp-content\/uploads\/2018\/06\/Logomarca-fone-SE-4-2-1-1-1-300x39.jpg 300w\" sizes=\"(max-width: 599px) 100vw, 599px\" \/><\/a><\/p>\n<\/div>\n<p>&nbsp;<\/p>\n<p><em><strong>Acompanhe tamb\u00e9m o SE Not\u00edcias no<\/strong><span class=\"apple-converted-space\"><b>\u00a0<\/b><\/span><a href=\"https:\/\/twitter.com\/Senoticias\" target=\"_blank\" rel=\"noopener\"><b>Twitter<\/b><\/a><strong>,<\/strong><span class=\"apple-converted-space\"><b>\u00a0<\/b><\/span><a href=\"https:\/\/www.facebook.com\/senoticias1\" target=\"_blank\" rel=\"noopener\"><b>Facebook<\/b><span class=\"apple-converted-space\"><b>\u00a0<\/b><\/span><\/a><strong>e no<\/strong><span class=\"apple-converted-space\"><b>\u00a0<\/b><\/span><a href=\"https:\/\/www.instagram.com\/senoticias\/\" target=\"_blank\" rel=\"noopener\"><b>Instagram<\/b><\/a><\/em><\/p>\n<p>&nbsp;<\/p>\n<p><em>Por <strong>G1<\/strong><\/em><\/p>\n","protected":false},"excerpt":{"rendered":"<p>Pelo menos oito \u00f3rg\u00e3os abrem inscri\u00e7\u00f5es nesta segunda-feira (18) para quase 800. Os cargos dispon\u00edveis s\u00e3o para todos os n\u00edveis de escolaridade. Os sal\u00e1rios chegam a R$ 7.063,82 . O maior concurso \u00e9 do Instituto do Patrim\u00f4nio Hist\u00f3rico e Art\u00edstico Nacional (Iphan). Ao todo s\u00e3o 411 vagas &#8211; 280 de n\u00edvel superior e 131 de [&hellip;]<\/p>\n","protected":false},"author":6552,"featured_media":113549,"comment_status":"closed","ping_status":"closed","sticky":false,"template":"","format":"standard","meta":{"footnotes":""},"categories":[9,15],"tags":[10116,53],"class_list":{"0":"post-113692","1":"post","2":"type-post","3":"status-publish","4":"format-standard","5":"has-post-thumbnail","7":"category-concursos","8":"category-destaques","9":"tag-concurso-iphan","10":"tag-concursos-2"},"_links":{"self":[{"href":"https:\/\/senoticias.com.br\/se\/wp-json\/wp\/v2\/posts\/113692"}],"collection":[{"href":"https:\/\/senoticias.com.br\/se\/wp-json\/wp\/v2\/posts"}],"about":[{"href":"https:\/\/senoticias.com.br\/se\/wp-json\/wp\/v2\/types\/post"}],"author":[{"embeddable":true,"href":"https:\/\/senoticias.com.br\/se\/wp-json\/wp\/v2\/users\/6552"}],"replies":[{"embeddable":true,"href":"https:\/\/senoticias.com.br\/se\/wp-json\/wp\/v2\/comments?post=113692"}],"version-history":[{"count":0,"href":"https:\/\/senoticias.com.br\/se\/wp-json\/wp\/v2\/posts\/113692\/revisions"}],"wp:featuredmedia":[{"embeddable":true,"href":"https:\/\/senoticias.com.br\/se\/wp-json\/wp\/v2\/media\/113549"}],"wp:attachment":[{"href":"https:\/\/senoticias.com.br\/se\/wp-json\/wp\/v2\/media?parent=113692"}],"wp:term":[{"taxonomy":"category","embeddable":true,"href":"https:\/\/senoticias.com.br\/se\/wp-json\/wp\/v2\/categories?post=113692"},{"taxonomy":"post_tag","embeddable":true,"href":"https:\/\/senoticias.com.br\/se\/wp-json\/wp\/v2\/tags?post=113692"}],"curies":[{"name":"wp","href":"https:\/\/api.w.org\/{rel}","templated":true}]}}