{"id":113682,"date":"2018-06-16T08:44:59","date_gmt":"2018-06-16T11:44:59","guid":{"rendered":"https:\/\/senoticias.com.br\/se\/?p=113682"},"modified":"2018-06-16T08:47:08","modified_gmt":"2018-06-16T11:47:08","slug":"113682-2","status":"publish","type":"post","link":"https:\/\/senoticias.com.br\/se\/113682-2\/","title":{"rendered":"Cinco homens morrem em opera\u00e7\u00e3o do Cope em Propri\u00e1"},"content":{"rendered":"<p>&nbsp;<\/p>\n<p>&nbsp;<\/p>\n<p>&nbsp;<\/p>\n<p>&nbsp;<\/p>\n<p>&nbsp;<\/p>\n<p>&nbsp;<\/p>\n<p>Na noite desta sexta, 15, policiais do Complexo de Opera\u00e7\u00f5es Especiais (Cope) realizaram uma opera\u00e7\u00e3o de combate ao tr\u00e1fico de drogas e homic\u00eddios no munic\u00edpio de Propri\u00e1.<\/p>\n<p style=\"text-align: justify;\">Na a\u00e7\u00e3o, cinco homens que estavam em um ve\u00edculo a fim de cometer mais um crime na regi\u00e3o, n\u00e3o obedeceram a ordem de parada e atiraram contra os policiais, iniciando um confronto.<\/p>\n<div id=\"attachment_113683\" style=\"width: 609px\" class=\"wp-caption aligncenter\"><a href=\"https:\/\/senoticias.com.br\/se\/wp-content\/uploads\/2018\/06\/COPE-SSPSE-e1529149193455.png\"><img loading=\"lazy\" decoding=\"async\" aria-describedby=\"caption-attachment-113683\" class=\"size-full wp-image-113683\" src=\"https:\/\/senoticias.com.br\/se\/wp-content\/uploads\/2018\/06\/COPE-SSPSE-e1529149193455.png\" alt=\"\" width=\"599\" height=\"549\" \/><\/a><p id=\"caption-attachment-113683\" class=\"wp-caption-text\">Segundo a Pol\u00edcia Civil, com os suspeitos foram apreendidas armas e drogas (foto: SSP\/SE)<\/p><\/div>\n<p style=\"text-align: justify;\">Um dos homens, o ex-presidi\u00e1rio conhecido por <strong>TITA<\/strong>, estava entre os ocupantes e est\u00e1 envolvido na morte do ex-policial militar <strong>Z\u00c9 NETO<\/strong>, assassinado recentemente. H\u00e1 ainda a suspeita de participa\u00e7\u00e3o destes na invas\u00e3o do hospital de Propri\u00e1 nesta semana.<\/p>\n<p style=\"text-align: justify;\">Na troca de tiros, os indiv\u00edduos foram socorridos ao Hospital Regional de Propri\u00e1 ainda com vida, mas n\u00e3o resistiram aos ferimentos e morreram.<\/p>\n<p style=\"text-align: justify;\">Com eles foram apreendidas armas e drogas.\u201cO Secret\u00e1rio de Seguran\u00e7a Jo\u00e3o Eloy e a Delegada Geral Katarina Feitosa pediram prioridade do COPE naquela regi\u00e3o ap\u00f3s os \u00faltimos crimes ocorridos.\u201d, informou o Coordenador Operacional, o delegado Andr\u00e9 David. As investiga\u00e7\u00f5es continuam.<\/p>\n<p><em><strong>Acompanhe tamb\u00e9m o SE Not\u00edcias no<\/strong><span class=\"apple-converted-space\"><b>\u00a0<\/b><\/span><a href=\"https:\/\/twitter.com\/Senoticias\" target=\"_blank\" rel=\"noopener\"><b>Twitter<\/b><\/a><strong>,<\/strong><span class=\"apple-converted-space\"><b>\u00a0<\/b><\/span><a href=\"https:\/\/www.facebook.com\/senoticias1\" target=\"_blank\" rel=\"noopener\"><b>Facebook<\/b><span class=\"apple-converted-space\"><b>\u00a0<\/b><\/span><\/a><strong>e no<\/strong><span class=\"apple-converted-space\"><b>\u00a0<\/b><\/span><a href=\"https:\/\/www.instagram.com\/senoticias\/\" target=\"_blank\" rel=\"noopener\"><b>Instagram<\/b><\/a><\/em><\/p>\n<p>&nbsp;<\/p>\n<p><a href=\"https:\/\/senoticias.com.br\/se\/wp-content\/uploads\/2018\/06\/Logomarca-fone-SE-4-2-1-1.jpg\"><img loading=\"lazy\" decoding=\"async\" class=\"aligncenter size-full wp-image-113435\" src=\"https:\/\/senoticias.com.br\/se\/wp-content\/uploads\/2018\/06\/Logomarca-fone-SE-4-2-1-1.jpg\" alt=\"\" width=\"599\" height=\"78\" srcset=\"https:\/\/senoticias.com.br\/se\/wp-content\/uploads\/2018\/06\/Logomarca-fone-SE-4-2-1-1.jpg 599w, https:\/\/senoticias.com.br\/se\/wp-content\/uploads\/2018\/06\/Logomarca-fone-SE-4-2-1-1-300x39.jpg 300w\" sizes=\"(max-width: 599px) 100vw, 599px\" \/><\/a><\/p>\n<p>&nbsp;<\/p>\n<p><em>Com informa\u00e7\u00f5es da SSP\/SE<\/em><\/p>\n","protected":false},"excerpt":{"rendered":"<p>&nbsp; &nbsp; &nbsp; &nbsp; &nbsp; &nbsp; Na noite desta sexta, 15, policiais do Complexo de Opera\u00e7\u00f5es Especiais (Cope) realizaram uma opera\u00e7\u00e3o de combate ao tr\u00e1fico de drogas e homic\u00eddios no munic\u00edpio de Propri\u00e1. Na a\u00e7\u00e3o, cinco homens que estavam em um ve\u00edculo a fim de cometer mais um crime na regi\u00e3o, n\u00e3o obedeceram a ordem [&hellip;]<\/p>\n","protected":false},"author":6552,"featured_media":0,"comment_status":"closed","ping_status":"closed","sticky":false,"template":"","format":"standard","meta":{"footnotes":""},"categories":[15,7],"tags":[10110,612,78,709],"class_list":{"0":"post-113682","1":"post","2":"type-post","3":"status-publish","4":"format-standard","6":"category-destaques","7":"category-policia","8":"tag-cinco-mortos-em-propria","9":"tag-cope","10":"tag-policia-civil","11":"tag-propria"},"_links":{"self":[{"href":"https:\/\/senoticias.com.br\/se\/wp-json\/wp\/v2\/posts\/113682"}],"collection":[{"href":"https:\/\/senoticias.com.br\/se\/wp-json\/wp\/v2\/posts"}],"about":[{"href":"https:\/\/senoticias.com.br\/se\/wp-json\/wp\/v2\/types\/post"}],"author":[{"embeddable":true,"href":"https:\/\/senoticias.com.br\/se\/wp-json\/wp\/v2\/users\/6552"}],"replies":[{"embeddable":true,"href":"https:\/\/senoticias.com.br\/se\/wp-json\/wp\/v2\/comments?post=113682"}],"version-history":[{"count":0,"href":"https:\/\/senoticias.com.br\/se\/wp-json\/wp\/v2\/posts\/113682\/revisions"}],"wp:attachment":[{"href":"https:\/\/senoticias.com.br\/se\/wp-json\/wp\/v2\/media?parent=113682"}],"wp:term":[{"taxonomy":"category","embeddable":true,"href":"https:\/\/senoticias.com.br\/se\/wp-json\/wp\/v2\/categories?post=113682"},{"taxonomy":"post_tag","embeddable":true,"href":"https:\/\/senoticias.com.br\/se\/wp-json\/wp\/v2\/tags?post=113682"}],"curies":[{"name":"wp","href":"https:\/\/api.w.org\/{rel}","templated":true}]}}