{"id":113646,"date":"2018-06-13T15:20:01","date_gmt":"2018-06-13T18:20:01","guid":{"rendered":"https:\/\/senoticias.com.br\/se\/?p=113646"},"modified":"2018-06-13T15:38:33","modified_gmt":"2018-06-13T18:38:33","slug":"escolas-de-socorro-passam-a-ter-mais-autonomia-financeira","status":"publish","type":"post","link":"https:\/\/senoticias.com.br\/se\/escolas-de-socorro-passam-a-ter-mais-autonomia-financeira\/","title":{"rendered":"Escolas de Socorro passam a ter mais autonomia financeira"},"content":{"rendered":"<p style=\"text-align: justify;\"><span style=\"color: #000000;\">Por iniciativa da Prefeitura de Socorro, atrav\u00e9s da Secretaria Municipal da Educa\u00e7\u00e3o (Semed), foi criado o Programa de Repasse de Recursos Financeiros \u00e0s Escolas (Prefe), por meio da Lei 1209, de 16 de junho de 2017, que estabelece normas e procedimentos para repasse de recursos financeiros diretamente \u00e0s Unidades da Rede P\u00fablica Municipal de Ensino, com utiliza\u00e7\u00e3o de recursos pr\u00f3prios do munic\u00edpio.<\/span><\/p>\n<div id=\"attachment_113647\" style=\"width: 609px\" class=\"wp-caption aligncenter\"><a href=\"https:\/\/senoticias.com.br\/se\/wp-content\/uploads\/2018\/06\/socorro-escolas-SENOTICIAS-e1528913917149.jpeg\"><img loading=\"lazy\" decoding=\"async\" aria-describedby=\"caption-attachment-113647\" class=\"wp-image-113647 size-full\" src=\"https:\/\/senoticias.com.br\/se\/wp-content\/uploads\/2018\/06\/socorro-escolas-SENOTICIAS-e1528913917149.jpeg\" alt=\"\" width=\"599\" height=\"400\" \/><\/a><p id=\"caption-attachment-113647\" class=\"wp-caption-text\">Os repasses ser\u00e3o feitos em, no m\u00ednimo, duas vezes ao ano e s\u00e3o oriundos do Programa de Repasse de Recursos Financeiros \u00e0s Escolas (Prefe). Foto: Ant\u00f4nio Carlos\/ANSocorro<\/p><\/div>\n<p style=\"text-align: justify;\"><span style=\"color: #000000;\">Na manh\u00e3 desta quarta-feira, 13, diretores e presidentes de conselhos se reuniram para receber o primeiro repasse do Programa. \u201cA finalidade do Prefe \u00e9 dar maior autonomia \u00e0s escolas, permitindo que sejam adquiridos materiais de consumo, realizar pequenos reparos, dentre outras possibilidades. Anualmente ser\u00e3o feitos, pelo menos, dois repasses para as escolas. Tudo isso com recursos pr\u00f3prios\u201d, explicou a secret\u00e1ria da Educa\u00e7\u00e3o, Marieta Barbosa.<\/span><\/p>\n<p style=\"text-align: justify;\"><span style=\"color: #000000;\">O valor a ser repassado para cada escola, depende de crit\u00e9rios estabelecidos na Lei, a exemplo do n\u00famero de alunos matriculados. As creches, no entanto, mesmo possuindo um n\u00famero baixo de matr\u00edculas, recebem um acr\u00e9scimo, devido ao gasto financeiro ser bastante consider\u00e1vel. \u201cEsse momento \u00e9 hist\u00f3rico. Mesmo diante da crise que o pa\u00eds enfrenta, a prefeitura sempre se empenhou para fazer o melhor. Como diretora de creche, estou muito feliz por receber esse recurso, que ir\u00e1, sem d\u00favidas, ajudar a melhorar ainda mais o desenvolvimento das nossas crian\u00e7as\u201d, agradeceu Anick Danielle.<\/span><\/p>\n<p style=\"text-align: justify;\"><span style=\"color: #000000;\">Presente no evento, o prefeito Padre Inaldo ressaltou que, mesmo diante da crise, \u00e9 preciso buscar solu\u00e7\u00f5es para melhorar os mais diversos setores da prefeitura. \u201cN\u00e3o podemos ficar de bra\u00e7os cruzados. Foi com muito esfor\u00e7o que conseguimos criar esse programa, porque sabemos que ele ser\u00e1 muito importante para nossa educa\u00e7\u00e3o. Agrade\u00e7o a todos que se somaram e que v\u00eam desempenhando um excelente trabalho no munic\u00edpio\u201d.<\/span><\/p>\n<p>&nbsp;<\/p>\n<p><a href=\"https:\/\/senoticias.com.br\/se\/wp-content\/uploads\/2018\/06\/Logomarca-fone-SE-4-2-1-1.jpg\"><img loading=\"lazy\" decoding=\"async\" class=\"aligncenter wp-image-113435 size-full\" src=\"https:\/\/senoticias.com.br\/se\/wp-content\/uploads\/2018\/06\/Logomarca-fone-SE-4-2-1-1.jpg\" alt=\"\" width=\"599\" height=\"78\" srcset=\"https:\/\/senoticias.com.br\/se\/wp-content\/uploads\/2018\/06\/Logomarca-fone-SE-4-2-1-1.jpg 599w, https:\/\/senoticias.com.br\/se\/wp-content\/uploads\/2018\/06\/Logomarca-fone-SE-4-2-1-1-300x39.jpg 300w\" sizes=\"(max-width: 599px) 100vw, 599px\" \/><\/a><\/p>\n<p><em>Por Ag\u00eancia Nosso Senhora do Socorro de Not\u00edcias<\/em><\/p>\n<p><em><strong>Acompanhe tamb\u00e9m o SE Not\u00edcias no<\/strong><span class=\"apple-converted-space\"><b>\u00a0<\/b><\/span><a href=\"https:\/\/twitter.com\/Senoticias\" target=\"_blank\" rel=\"noopener\"><b>Twitter<\/b><\/a><strong>,<\/strong><span class=\"apple-converted-space\"><b>\u00a0<\/b><\/span><a href=\"https:\/\/www.facebook.com\/senoticias1\" target=\"_blank\" rel=\"noopener\"><b>Facebook<\/b><span class=\"apple-converted-space\"><b>\u00a0<\/b><\/span><\/a><strong>e no<\/strong><span class=\"apple-converted-space\"><b>\u00a0<\/b><\/span><a href=\"https:\/\/www.instagram.com\/senoticias\/\" target=\"_blank\" rel=\"noopener\"><b>Instagram<\/b><\/a><\/em><\/p>\n","protected":false},"excerpt":{"rendered":"<p>Por iniciativa da Prefeitura de Socorro, atrav\u00e9s da Secretaria Municipal da Educa\u00e7\u00e3o (Semed), foi criado o Programa de Repasse de Recursos Financeiros \u00e0s Escolas (Prefe), por meio da Lei 1209, de 16 de junho de 2017, que estabelece normas e procedimentos para repasse de recursos financeiros diretamente \u00e0s Unidades da Rede P\u00fablica Municipal de Ensino, [&hellip;]<\/p>\n","protected":false},"author":6553,"featured_media":0,"comment_status":"closed","ping_status":"closed","sticky":false,"template":"","format":"standard","meta":{"footnotes":""},"categories":[6],"tags":[1306,3194,7794,1913,3926,223,2746],"class_list":{"0":"post-113646","1":"post","2":"type-post","3":"status-publish","4":"format-standard","6":"category-politica","7":"tag-educacao","8":"tag-escolas","9":"tag-financeiro","10":"tag-padre-inaldo","11":"tag-recursos","12":"tag-sergipe","13":"tag-socorro"},"_links":{"self":[{"href":"https:\/\/senoticias.com.br\/se\/wp-json\/wp\/v2\/posts\/113646"}],"collection":[{"href":"https:\/\/senoticias.com.br\/se\/wp-json\/wp\/v2\/posts"}],"about":[{"href":"https:\/\/senoticias.com.br\/se\/wp-json\/wp\/v2\/types\/post"}],"author":[{"embeddable":true,"href":"https:\/\/senoticias.com.br\/se\/wp-json\/wp\/v2\/users\/6553"}],"replies":[{"embeddable":true,"href":"https:\/\/senoticias.com.br\/se\/wp-json\/wp\/v2\/comments?post=113646"}],"version-history":[{"count":0,"href":"https:\/\/senoticias.com.br\/se\/wp-json\/wp\/v2\/posts\/113646\/revisions"}],"wp:attachment":[{"href":"https:\/\/senoticias.com.br\/se\/wp-json\/wp\/v2\/media?parent=113646"}],"wp:term":[{"taxonomy":"category","embeddable":true,"href":"https:\/\/senoticias.com.br\/se\/wp-json\/wp\/v2\/categories?post=113646"},{"taxonomy":"post_tag","embeddable":true,"href":"https:\/\/senoticias.com.br\/se\/wp-json\/wp\/v2\/tags?post=113646"}],"curies":[{"name":"wp","href":"https:\/\/api.w.org\/{rel}","templated":true}]}}