{"id":113643,"date":"2018-06-13T15:11:13","date_gmt":"2018-06-13T18:11:13","guid":{"rendered":"https:\/\/senoticias.com.br\/se\/?p=113643"},"modified":"2018-06-13T15:39:41","modified_gmt":"2018-06-13T18:39:41","slug":"forro-caju-encerra-nesta-quinta-feira-prazo-para-cadastramento-de-empresas-de-estacionamento","status":"publish","type":"post","link":"https:\/\/senoticias.com.br\/se\/forro-caju-encerra-nesta-quinta-feira-prazo-para-cadastramento-de-empresas-de-estacionamento\/","title":{"rendered":"Forr\u00f3 Caju: encerra nesta quinta-feira prazo para cadastramento de empresas de estacionamento"},"content":{"rendered":"<p style=\"text-align: justify;\"><span style=\"color: #000000;\">Empresas interessadas em prestar o servi\u00e7o de explora\u00e7\u00e3o, administra\u00e7\u00e3o e gerenciamento de estacionamento, na \u00e1rea situada entre o Mercado Municipal Maria Virg\u00ednia Leite Franco (antigo Albano Franco) e o terminal de \u00f4nibus do Mercado, durante o Forr\u00f3 Caju 2018, t\u00eam at\u00e9 esta quinta-feira, 15, das 8h \u00e0s 12h e das 14h \u00e0s 17h, para comparecer \u00e0 Ger\u00eancia de Contrata\u00e7\u00e3o (GERCON) da Empresa Municipal de Servi\u00e7os Urbanos (Emsurb) e efetuar o cadastramento. Na oportunidade, devem apresentar documenta\u00e7\u00e3o exigida no Edital de Chamada P\u00fablica n\u00ba 02\/2018.<\/span><\/p>\n<div id=\"attachment_113644\" style=\"width: 509px\" class=\"wp-caption aligncenter\"><a href=\"https:\/\/senoticias.com.br\/se\/wp-content\/uploads\/2018\/06\/forro_caju-e1528913414254.png\"><img loading=\"lazy\" decoding=\"async\" aria-describedby=\"caption-attachment-113644\" class=\"wp-image-113644\" src=\"https:\/\/senoticias.com.br\/se\/wp-content\/uploads\/2018\/06\/forro_caju-e1528913414254.png\" alt=\"\" width=\"499\" height=\"461\" \/><\/a><p id=\"caption-attachment-113644\" class=\"wp-caption-text\">Arte: Secom\/PMA<\/p><\/div>\n<p style=\"text-align: justify;\"><span style=\"color: #000000;\">J\u00e1 no dia 18 de junho, \u00e0s 9h, tamb\u00e9m no Parque da Sementeira, a Emsurb realiza o sorteio para tal fim. A a\u00e7\u00e3o ser\u00e1 aberta ao p\u00fablico.<\/span><\/p>\n<p style=\"text-align: justify;\"><span style=\"color: #000000;\">O Forr\u00f3 Caju 2018 acontece nos dias 22, 23, 24, 28, 29 e 30 deste m\u00eas, na pra\u00e7a de Eventos dos Mercados Centrais. Mais informa\u00e7\u00f5es atrav\u00e9s do n\u00famero (79) 3021-9908.<\/span><\/p>\n<p><a href=\"http:\/\/www.aracaju.se.gov.br\/userfiles\/pdf\/2018\/editais\/emsurb\/Edital-de-Chamada-Publica-n02-2018-Forro-Caju.pdf\"><span style=\"color: #000000;\">Confira aqui o edital e a lista completa dos documentos necess\u00e1rios para a realiza\u00e7\u00e3o do cadastro.<\/span><\/a><\/p>\n<p>&nbsp;<\/p>\n<p><a href=\"https:\/\/senoticias.com.br\/se\/wp-content\/uploads\/2018\/06\/Logomarca-fone-SE-4-2-1-1.jpg\"><img loading=\"lazy\" decoding=\"async\" class=\"aligncenter wp-image-113435 size-full\" src=\"https:\/\/senoticias.com.br\/se\/wp-content\/uploads\/2018\/06\/Logomarca-fone-SE-4-2-1-1.jpg\" alt=\"\" width=\"599\" height=\"78\" srcset=\"https:\/\/senoticias.com.br\/se\/wp-content\/uploads\/2018\/06\/Logomarca-fone-SE-4-2-1-1.jpg 599w, https:\/\/senoticias.com.br\/se\/wp-content\/uploads\/2018\/06\/Logomarca-fone-SE-4-2-1-1-300x39.jpg 300w\" sizes=\"(max-width: 599px) 100vw, 599px\" \/><\/a><\/p>\n<p>Por Ag\u00eancia Aracaju de Not\u00edcias<\/p>\n<p><em><strong>Acompanhe tamb\u00e9m o SE Not\u00edcias no<\/strong><span class=\"apple-converted-space\"><b>\u00a0<\/b><\/span><a href=\"https:\/\/twitter.com\/Senoticias\" target=\"_blank\" rel=\"noopener\"><b>Twitter<\/b><\/a><strong>,<\/strong><span class=\"apple-converted-space\"><b>\u00a0<\/b><\/span><a href=\"https:\/\/www.facebook.com\/senoticias1\" target=\"_blank\" rel=\"noopener\"><b>Facebook<\/b><span class=\"apple-converted-space\"><b>\u00a0<\/b><\/span><\/a><strong>e no<\/strong><span class=\"apple-converted-space\"><b>\u00a0<\/b><\/span><a href=\"https:\/\/www.instagram.com\/senoticias\/\" target=\"_blank\" rel=\"noopener\"><b>Instagram<\/b><\/a><\/em><\/p>\n","protected":false},"excerpt":{"rendered":"<p>Empresas interessadas em prestar o servi\u00e7o de explora\u00e7\u00e3o, administra\u00e7\u00e3o e gerenciamento de estacionamento, na \u00e1rea situada entre o Mercado Municipal Maria Virg\u00ednia Leite Franco (antigo Albano Franco) e o terminal de \u00f4nibus do Mercado, durante o Forr\u00f3 Caju 2018, t\u00eam at\u00e9 esta quinta-feira, 15, das 8h \u00e0s 12h e das 14h \u00e0s 17h, para comparecer [&hellip;]<\/p>\n","protected":false},"author":6553,"featured_media":0,"comment_status":"closed","ping_status":"closed","sticky":false,"template":"","format":"standard","meta":{"footnotes":""},"categories":[6],"tags":[371,339,3666,1745,4138,2884,1007,223],"class_list":{"0":"post-113643","1":"post","2":"type-post","3":"status-publish","4":"format-standard","6":"category-politica","7":"tag-371","8":"tag-aracaju","9":"tag-estacionamento","10":"tag-festa","11":"tag-forro-caju","12":"tag-prefeitura","13":"tag-sao-joao","14":"tag-sergipe"},"_links":{"self":[{"href":"https:\/\/senoticias.com.br\/se\/wp-json\/wp\/v2\/posts\/113643"}],"collection":[{"href":"https:\/\/senoticias.com.br\/se\/wp-json\/wp\/v2\/posts"}],"about":[{"href":"https:\/\/senoticias.com.br\/se\/wp-json\/wp\/v2\/types\/post"}],"author":[{"embeddable":true,"href":"https:\/\/senoticias.com.br\/se\/wp-json\/wp\/v2\/users\/6553"}],"replies":[{"embeddable":true,"href":"https:\/\/senoticias.com.br\/se\/wp-json\/wp\/v2\/comments?post=113643"}],"version-history":[{"count":0,"href":"https:\/\/senoticias.com.br\/se\/wp-json\/wp\/v2\/posts\/113643\/revisions"}],"wp:attachment":[{"href":"https:\/\/senoticias.com.br\/se\/wp-json\/wp\/v2\/media?parent=113643"}],"wp:term":[{"taxonomy":"category","embeddable":true,"href":"https:\/\/senoticias.com.br\/se\/wp-json\/wp\/v2\/categories?post=113643"},{"taxonomy":"post_tag","embeddable":true,"href":"https:\/\/senoticias.com.br\/se\/wp-json\/wp\/v2\/tags?post=113643"}],"curies":[{"name":"wp","href":"https:\/\/api.w.org\/{rel}","templated":true}]}}