{"id":113622,"date":"2018-06-12T16:21:55","date_gmt":"2018-06-12T19:21:55","guid":{"rendered":"https:\/\/senoticias.com.br\/se\/?p=113622"},"modified":"2018-06-12T17:57:13","modified_gmt":"2018-06-12T20:57:13","slug":"emsurb-fiscaliza-comercio-de-fogueiras-na-capital","status":"publish","type":"post","link":"https:\/\/senoticias.com.br\/se\/emsurb-fiscaliza-comercio-de-fogueiras-na-capital\/","title":{"rendered":"Emsurb fiscaliza com\u00e9rcio de fogueiras na capital"},"content":{"rendered":"<p style=\"text-align: justify;\"><span style=\"color: #000000;\">Umas das principais tradi\u00e7\u00f5es das festas juninas do Nordeste \u00e9 acender a fogueira, em especial no dia de S\u00e3o Jo\u00e3o. Em Aracaju n\u00e3o \u00e9 diferente. Com o intuito de fiscalizar e disponibilizar locais adequados para a comercializa\u00e7\u00e3o do produto, a Prefeitura de Aracaju, atrav\u00e9s da Empresa Municipal de Servi\u00e7os Urbanos (Emsurb), vem atuando nos principais pontos de venda na capital.<\/span><\/p>\n<p style=\"text-align: justify;\"><span style=\"color: #000000;\">\u201cSolicitamos o registro da origem da madeira que ser\u00e1 comercializada, bem como os documentos pessoais do interessado para, em seguida, conceder o termo de libera\u00e7\u00e3o do espa\u00e7o p\u00fablico, mediante pagamento da taxa de ocupa\u00e7\u00e3o, que varia de acordo com o tamanho da \u00e1rea requisitada\u201d, explicou o diretor de Espa\u00e7os P\u00fablicos, Bira Rabelo.<\/span><\/p>\n<div id=\"attachment_113623\" style=\"width: 609px\" class=\"wp-caption aligncenter\"><a href=\"https:\/\/senoticias.com.br\/se\/wp-content\/uploads\/2018\/06\/20180612_emsurb_comercio_de_fogueiras_31-e1528831147442.jpg\"><img loading=\"lazy\" decoding=\"async\" aria-describedby=\"caption-attachment-113623\" class=\"wp-image-113623 size-full\" src=\"https:\/\/senoticias.com.br\/se\/wp-content\/uploads\/2018\/06\/20180612_emsurb_comercio_de_fogueiras_31-e1528831147442.jpg\" alt=\"\" width=\"599\" height=\"399\" \/><\/a><p id=\"caption-attachment-113623\" class=\"wp-caption-text\">Foto: Marcos Rodrigues<\/p><\/div>\n<p style=\"text-align: justify;\"><span style=\"color: #000000;\">Em Aracaju, esses locais se concentram na avenida Her\u00e1clito Rolemberg, no conjunto Augusto Franco, e na pra\u00e7a Ranulfo Prata (em frente ao Cemit\u00e9rio da Cruz Vermelha), no bairro Get\u00falio Vargas. Ainda segundo o diretor, a autoriza\u00e7\u00e3o em espa\u00e7os adequados tem o objetivo de dar melhores condi\u00e7\u00f5es de trabalho aos comerciantes e mais op\u00e7\u00f5es aos cidad\u00e3os, que procuram comprar a fogueira e os demais produtos dos festejos juninos. \u201cDurante as semanas que antecedem o per\u00edodo junino, intensificamos a fiscaliza\u00e7\u00e3o para proibir a venda em locais inadequados, como cal\u00e7adas e demais espa\u00e7os p\u00fablicos sem estrutura para esse tipo de com\u00e9rcio\u201d, informou.<\/span><\/p>\n<p><strong><span style=\"color: #000000;\">Com\u00e9rcio legal<\/span><\/strong><\/p>\n<p style=\"text-align: justify;\"><span style=\"color: #000000;\">Comercializando fogueiras h\u00e1 mais de dez anos no conjunto Augusto Franco, Jos\u00e9 Enaldo Santos, comentou sobre a import\u00e2ncia de vender de forma autorizada e com produtos legais. \u201cTodos os anos vou com anteced\u00eancia at\u00e9 a Emsurb para solicitar a libera\u00e7\u00e3o do local onde vou vender minha mercadoria. S\u00f3 trabalho com madeira permitida pelo Ibama, como o eucalipto e outras \u00e1rvores frut\u00edferas. Espero conseguir vender tudo at\u00e9 o S\u00e3o Pedro\u201d, destacou.<\/span><\/p>\n<p style=\"text-align: justify;\"><span style=\"color: #000000;\">\u201cA organiza\u00e7\u00e3o do local nos ajuda a garantir boas vendas, pois os clientes preferem lugares com maior facilidade de estacionamento e que tenha outros produtos juninos por perto, como a Ceasa\u201d, explicou, Jos\u00e9 Ant\u00f4nio Santos, que comercializa fogueiras na pra\u00e7a Ranulfo Prata h\u00e1 mais de 30 anos.<\/span><\/p>\n<p>&nbsp;<\/p>\n<p><a href=\"https:\/\/senoticias.com.br\/se\/wp-content\/uploads\/2018\/06\/Logomarca-fone-SE-4-2-1-1.jpg\"><img loading=\"lazy\" decoding=\"async\" class=\"aligncenter wp-image-113435 size-full\" src=\"https:\/\/senoticias.com.br\/se\/wp-content\/uploads\/2018\/06\/Logomarca-fone-SE-4-2-1-1.jpg\" alt=\"\" width=\"599\" height=\"78\" srcset=\"https:\/\/senoticias.com.br\/se\/wp-content\/uploads\/2018\/06\/Logomarca-fone-SE-4-2-1-1.jpg 599w, https:\/\/senoticias.com.br\/se\/wp-content\/uploads\/2018\/06\/Logomarca-fone-SE-4-2-1-1-300x39.jpg 300w\" sizes=\"(max-width: 599px) 100vw, 599px\" \/><\/a><\/p>\n<p>&nbsp;<\/p>\n<p><em><strong>Acompanhe tamb\u00e9m o SE Not\u00edcias no<\/strong><span class=\"apple-converted-space\"><b>\u00a0<\/b><\/span><a href=\"https:\/\/twitter.com\/Senoticias\" target=\"_blank\" rel=\"noopener\"><b>Twitter<\/b><\/a><strong>,<\/strong><span class=\"apple-converted-space\"><b>\u00a0<\/b><\/span><a href=\"https:\/\/www.facebook.com\/senoticias1\" target=\"_blank\" rel=\"noopener\"><b>Facebook<\/b><span class=\"apple-converted-space\"><b>\u00a0<\/b><\/span><\/a><strong>e no<\/strong><span class=\"apple-converted-space\"><b>\u00a0<\/b><\/span><a href=\"https:\/\/www.instagram.com\/senoticias\/\" target=\"_blank\" rel=\"noopener\"><b>Instagram<\/b><\/a><\/em><\/p>\n<p><em>Por Ag\u00eancia Aracaju de Not\u00edcias<\/em><\/p>\n","protected":false},"excerpt":{"rendered":"<p>Umas das principais tradi\u00e7\u00f5es das festas juninas do Nordeste \u00e9 acender a fogueira, em especial no dia de S\u00e3o Jo\u00e3o. Em Aracaju n\u00e3o \u00e9 diferente. Com o intuito de fiscalizar e disponibilizar locais adequados para a comercializa\u00e7\u00e3o do produto, a Prefeitura de Aracaju, atrav\u00e9s da Empresa Municipal de Servi\u00e7os Urbanos (Emsurb), vem atuando nos principais [&hellip;]<\/p>\n","protected":false},"author":6553,"featured_media":0,"comment_status":"closed","ping_status":"closed","sticky":false,"template":"","format":"standard","meta":{"footnotes":""},"categories":[6],"tags":[339,3078,3012,10090,1007,223],"class_list":{"0":"post-113622","1":"post","2":"type-post","3":"status-publish","4":"format-standard","6":"category-politica","7":"tag-aracaju","8":"tag-emsurb","9":"tag-fiscalizacao","10":"tag-fogueiras","11":"tag-sao-joao","12":"tag-sergipe"},"_links":{"self":[{"href":"https:\/\/senoticias.com.br\/se\/wp-json\/wp\/v2\/posts\/113622"}],"collection":[{"href":"https:\/\/senoticias.com.br\/se\/wp-json\/wp\/v2\/posts"}],"about":[{"href":"https:\/\/senoticias.com.br\/se\/wp-json\/wp\/v2\/types\/post"}],"author":[{"embeddable":true,"href":"https:\/\/senoticias.com.br\/se\/wp-json\/wp\/v2\/users\/6553"}],"replies":[{"embeddable":true,"href":"https:\/\/senoticias.com.br\/se\/wp-json\/wp\/v2\/comments?post=113622"}],"version-history":[{"count":0,"href":"https:\/\/senoticias.com.br\/se\/wp-json\/wp\/v2\/posts\/113622\/revisions"}],"wp:attachment":[{"href":"https:\/\/senoticias.com.br\/se\/wp-json\/wp\/v2\/media?parent=113622"}],"wp:term":[{"taxonomy":"category","embeddable":true,"href":"https:\/\/senoticias.com.br\/se\/wp-json\/wp\/v2\/categories?post=113622"},{"taxonomy":"post_tag","embeddable":true,"href":"https:\/\/senoticias.com.br\/se\/wp-json\/wp\/v2\/tags?post=113622"}],"curies":[{"name":"wp","href":"https:\/\/api.w.org\/{rel}","templated":true}]}}