{"id":113615,"date":"2018-06-12T15:56:34","date_gmt":"2018-06-12T18:56:34","guid":{"rendered":"https:\/\/senoticias.com.br\/se\/?p=113615"},"modified":"2018-06-12T15:56:34","modified_gmt":"2018-06-12T18:56:34","slug":"frentista-fundat-oferta-vaga-de-emprego-para-pessoa-com-deficiencia","status":"publish","type":"post","link":"https:\/\/senoticias.com.br\/se\/frentista-fundat-oferta-vaga-de-emprego-para-pessoa-com-deficiencia\/","title":{"rendered":"Frentista: Fundat oferta vaga de emprego para pessoa com defici\u00eancia"},"content":{"rendered":"<p style=\"text-align: justify\"><span style=\"color: #000000\">A Ag\u00eancia do Trabalhador, setor da Funda\u00e7\u00e3o Municipal de Forma\u00e7\u00e3o para o Trabalho (Fundat) respons\u00e1vel pelo encaminhamento ao mercado de trabalho, est\u00e1 com mais uma oportunidade de emprego direcionada \u00e0 pessoa com defici\u00eancia. Desta vez, a fun\u00e7\u00e3o \u00e9 para frentista e para concorrer \u00e0 vaga \u00e9 necess\u00e1rio ter o ensino m\u00e9dio completo e o curso NR-20.<\/span><\/p>\n<div id=\"attachment_74754\" style=\"width: 606px\" class=\"wp-caption aligncenter\"><a href=\"https:\/\/senoticias.com.br\/se\/wp-content\/uploads\/2015\/01\/imagem_fundat-e1459636214617.jpg\"><img loading=\"lazy\" decoding=\"async\" aria-describedby=\"caption-attachment-74754\" class=\"wp-image-74754 size-full\" src=\"https:\/\/senoticias.com.br\/se\/wp-content\/uploads\/2015\/01\/imagem_fundat-e1459636214617.jpg\" alt=\"\" width=\"596\" height=\"448\" \/><\/a><p id=\"caption-attachment-74754\" class=\"wp-caption-text\">Foto: Divulga\u00e7\u00e3o<\/p><\/div>\n<p style=\"text-align: justify\"><span style=\"color: #000000\">Os interessados em participar do processo seletivo devem comparecer \u00e0 sede da Fundat, localizada na rua Pacatuba, 104, Centro, ou ao Espa\u00e7o Fundat do shopping Riomar, situado na avenida Delmiro Gouveia, 400, bairro Coroa do Meio. O hor\u00e1rio de atendimento da sede da Fundat \u00e9 das 7h30 \u00e0s 17h, e do Espa\u00e7o Fundat \u00e9 das 10h \u00e0s 18h.<\/span><\/p>\n<p style=\"text-align: justify\"><span style=\"color: #000000\">Para mais informa\u00e7\u00f5es, entrar em contato atrav\u00e9s do telefone (79) 3179-1395.<\/span><\/p>\n<p>&nbsp;<\/p>\n<p><a href=\"https:\/\/senoticias.com.br\/se\/wp-content\/uploads\/2018\/06\/Logomarca-fone-SE-4-2-1-1.jpg\"><img loading=\"lazy\" decoding=\"async\" class=\"aligncenter wp-image-113435 size-full\" src=\"https:\/\/senoticias.com.br\/se\/wp-content\/uploads\/2018\/06\/Logomarca-fone-SE-4-2-1-1.jpg\" alt=\"\" width=\"599\" height=\"78\" srcset=\"https:\/\/senoticias.com.br\/se\/wp-content\/uploads\/2018\/06\/Logomarca-fone-SE-4-2-1-1.jpg 599w, https:\/\/senoticias.com.br\/se\/wp-content\/uploads\/2018\/06\/Logomarca-fone-SE-4-2-1-1-300x39.jpg 300w\" sizes=\"(max-width: 599px) 100vw, 599px\" \/><\/a><\/p>\n<p>Por Ag\u00eancia Aracaju de Not\u00edcias<\/p>\n","protected":false},"excerpt":{"rendered":"<p>A Ag\u00eancia do Trabalhador, setor da Funda\u00e7\u00e3o Municipal de Forma\u00e7\u00e3o para o Trabalho (Fundat) respons\u00e1vel pelo encaminhamento ao mercado de trabalho, est\u00e1 com mais uma oportunidade de emprego direcionada \u00e0 pessoa com defici\u00eancia. Desta vez, a fun\u00e7\u00e3o \u00e9 para frentista e para concorrer \u00e0 vaga \u00e9 necess\u00e1rio ter o ensino m\u00e9dio completo e o curso [&hellip;]<\/p>\n","protected":false},"author":6553,"featured_media":0,"comment_status":"closed","ping_status":"closed","sticky":false,"template":"","format":"standard","meta":{"footnotes":""},"categories":[15,10],"tags":[339,54,10087,641,223,3028],"class_list":{"0":"post-113615","1":"post","2":"type-post","3":"status-publish","4":"format-standard","6":"category-destaques","7":"category-empregos","8":"tag-aracaju","9":"tag-empregos-2","10":"tag-frentista","11":"tag-fundat","12":"tag-sergipe","13":"tag-vagas"},"_links":{"self":[{"href":"https:\/\/senoticias.com.br\/se\/wp-json\/wp\/v2\/posts\/113615"}],"collection":[{"href":"https:\/\/senoticias.com.br\/se\/wp-json\/wp\/v2\/posts"}],"about":[{"href":"https:\/\/senoticias.com.br\/se\/wp-json\/wp\/v2\/types\/post"}],"author":[{"embeddable":true,"href":"https:\/\/senoticias.com.br\/se\/wp-json\/wp\/v2\/users\/6553"}],"replies":[{"embeddable":true,"href":"https:\/\/senoticias.com.br\/se\/wp-json\/wp\/v2\/comments?post=113615"}],"version-history":[{"count":0,"href":"https:\/\/senoticias.com.br\/se\/wp-json\/wp\/v2\/posts\/113615\/revisions"}],"wp:attachment":[{"href":"https:\/\/senoticias.com.br\/se\/wp-json\/wp\/v2\/media?parent=113615"}],"wp:term":[{"taxonomy":"category","embeddable":true,"href":"https:\/\/senoticias.com.br\/se\/wp-json\/wp\/v2\/categories?post=113615"},{"taxonomy":"post_tag","embeddable":true,"href":"https:\/\/senoticias.com.br\/se\/wp-json\/wp\/v2\/tags?post=113615"}],"curies":[{"name":"wp","href":"https:\/\/api.w.org\/{rel}","templated":true}]}}