{"id":113598,"date":"2018-06-11T17:40:48","date_gmt":"2018-06-11T20:40:48","guid":{"rendered":"https:\/\/senoticias.com.br\/se\/?p=113598"},"modified":"2018-06-11T17:40:48","modified_gmt":"2018-06-11T20:40:48","slug":"ministro-da-saude-autoriza-mais-de-r56-milhoes-em-investimentos-para-saude-publica-de-sergipe","status":"publish","type":"post","link":"https:\/\/senoticias.com.br\/se\/ministro-da-saude-autoriza-mais-de-r56-milhoes-em-investimentos-para-saude-publica-de-sergipe\/","title":{"rendered":"Ministro da Sa\u00fade autoriza mais de R$56 milh\u00f5es em investimentos para sa\u00fade p\u00fablica de Sergipe"},"content":{"rendered":"<p style=\"text-align: justify\">\u201c<span style=\"color: #000000\">Essa verba servir\u00e1 de refor\u00e7o para melhorar as condi\u00e7\u00f5es de atendimento nas nossas unidades hospitalares, a rede como um todo vai sair beneficiada\u201d. Assim definiu o governador Belivaldo Chagas quando se referiu aos investimentos que ser\u00e3o realizados na \u00e1rea da Sa\u00fade ap\u00f3s a libera\u00e7\u00e3o do repasse realizada pelo ministro da Sa\u00fade, Gilberto Occhi, durante sua passagem por Sergipe nesta segunda-feira (11).<\/span><\/p>\n<p style=\"text-align: justify\"><span style=\"color: #000000\">Foram liberados R$ 56.873.247,00 para o custeio do Sistema \u00danico de Sa\u00fade no Estado. Na oportunidade, o ministro tamb\u00e9m assinou o Termo de Doa\u00e7\u00e3o de ve\u00edculos a seis munic\u00edpios sergipanos. As caminhonetes ser\u00e3o destinadas ao trabalho no Combate a Endemias, nos munic\u00edpios de Campo do Brito, Ribeir\u00f3polis, Propri\u00e1, Santana de S\u00e3o Francisco, Santo Amaro das Brotas e Canhoba. O investimento do Minist\u00e9rio da Sa\u00fade nos ve\u00edculos \u00e9 de R$ 656.400,00.<\/span><\/p>\n<div id=\"attachment_113599\" style=\"width: 609px\" class=\"wp-caption aligncenter\"><a href=\"https:\/\/senoticias.com.br\/se\/wp-content\/uploads\/2018\/06\/e01941bec66c9c4ec02ffecfb1efbda3-e1528749576252.jpeg\"><img loading=\"lazy\" decoding=\"async\" aria-describedby=\"caption-attachment-113599\" class=\"wp-image-113599 size-full\" src=\"https:\/\/senoticias.com.br\/se\/wp-content\/uploads\/2018\/06\/e01941bec66c9c4ec02ffecfb1efbda3-e1528749576252.jpeg\" alt=\"\" width=\"599\" height=\"406\" \/><\/a><p id=\"caption-attachment-113599\" class=\"wp-caption-text\">Foto: Marcelle Cristinne\/ASN<\/p><\/div>\n<p style=\"text-align: justify\"><span style=\"color: #000000\">&#8220;Deste montante, R$50,8 milh\u00f5es v\u00e3o direto para o governo do Estado para que ele possa fazer repasse para os hospitais que t\u00eam contrato com o governo. E R$ 6 milh\u00f5es para o munic\u00edpio de Socorro. Eu quero ressaltar que al\u00e9m de ser um apoio do governo Federal, essa \u00e9 uma decis\u00e3o da bancada federal, de todos os deputados e senadores, que destinaram de suas emendas impositivas, uma emenda da bancada de Sergipe para a Sa\u00fade&#8221;, declarou o ministro.<\/span><\/p>\n<p style=\"text-align: justify\"><span style=\"color: #000000\">Os R$ 56.873.247,00 s\u00e3o referentes \u00e0 Emenda de Bancada para o Estado de Sergipe (MAC\/PAB). Os recursos s\u00e3o destinados \u00e0 utiliza\u00e7\u00e3o em incremento tempor\u00e1rio no custeio das a\u00e7\u00f5es e servi\u00e7os P\u00fablicos de Sa\u00fade, nas despesas para o funcionamento dos hospitais de alta e m\u00e9dia complexidade da rede p\u00fablica estadual.<\/span><\/p>\n<p style=\"text-align: justify\"><span style=\"color: #000000\">&#8220;Essa ajuda \u00e9 de grande import\u00e2ncia. Num momento de dificuldade o qual estamos passando, poder receber esse recurso para o custeio \u00e9 uma ajuda significativa. Chegou na hora certa e ser\u00e1 investido, principalmente, nos hospitais regionais&#8221;, celebrou o secret\u00e1rio de Estado da Sa\u00fade, Valberto Lima.<\/span><\/p>\n<p style=\"text-align: justify\"><span style=\"color: #000000\">Para o prefeito da cidade de Santo Amaro, Genivaldo dos Santos, a chegada do ve\u00edculo intensificar\u00e1 as a\u00e7\u00f5es da pasta municipal. &#8220;Diante da situa\u00e7\u00e3o que os munic\u00edpios est\u00e3o passando todo recurso \u00e9 bem-vindo, ainda mais na \u00e1rea da Sa\u00fade. Esses recursos ser\u00e3o aplicados nas \u00e1reas de endemias e nas outras \u00e1reas pertinentes. Vamos investir na \u00e1rea que estamos mais necessitando&#8221;, afirmou.<\/span><\/p>\n<p style=\"text-align: justify\"><span style=\"color: #000000\">&#8220;Em Socorro, temos 27 postos, 19 precisam de reforma, cadeiras, ar-condicionado, computadores, materiais que melhorem a qualidade do servi\u00e7o prestado \u00e0 comunidade. Esses recursos ser\u00e3o empregados para manuten\u00e7\u00e3o, para melhorar a sa\u00fade do nosso povo. Os recursos chegam de imediato, essa semana ainda deve estar na conta&#8221;, explicou o prefeito de Nossa Senhora do Socorro, Inaldo da Silva.<\/span><\/p>\n<p style=\"text-align: justify\"><strong><span style=\"color: #000000\">Uni\u00e3o da bancada<\/span><\/strong><\/p>\n<p style=\"text-align: justify\"><span style=\"color: #000000\">Os investimentos liberados pelo governo Federal, atrav\u00e9s do Minist\u00e9rio da Sa\u00fade, como foi destacado pelo ministro, foram fruto de Emenda da Bancada Federal. O deputado federal La\u00e9rcio Oliveira ressaltou a import\u00e2ncia da uni\u00e3o em prol dos sergipanos. &#8220;O nosso principal olhar tem que estar voltado para a Sa\u00fade. A bancada federal se uniu, e o esfor\u00e7o de todos promoveu este momento. Esse \u00e9 um exemplo maior do que podemos ao unir nossas for\u00e7as, sem cor partid\u00e1ria, ideologia. A gente precisa baixar nossas bandeiras e olhar as necessidades da popula\u00e7\u00e3o. N\u00f3s precisamos fazer isso na a\u00e7\u00e3o social, na seguran\u00e7a, na educa\u00e7\u00e3o&#8221;.<\/span><\/p>\n<p style=\"text-align: justify\"><span style=\"color: #000000\">Belivaldo Chagas tamb\u00e9m exaltou a uni\u00e3o dos parlamentares sergipanos em prol do fortalecimento da rede p\u00fablica de sa\u00fade e destacou a atua\u00e7\u00e3o direta do deputado federal La\u00e9rcio Oliveira na libera\u00e7\u00e3o de recursos. &#8220;Quero, neste momento, agradecer ao ministro Occhi por estar aqui hoje trazendo esse recursos e agradecer, principalmente, a bancada federal de Sergipe, composta pelos tr\u00eas senadores e pelos oito deputados federais, sem os quais n\u00e3o ter\u00edamos condi\u00e7\u00f5es de receber esses recursos no dia de hoje. Sei do trabalho da bancada. Recebi telefonema do deputado La\u00e9rcio Oliveira informando do repasse do minist\u00e9rio da Sa\u00fade e marcando esse encontro. Essa verba servir\u00e1 de refor\u00e7o para melhorar as condi\u00e7\u00f5es de atendimento nas nossas unidades hospitalares, a rede como um todo vai sair beneficiada. A gente vai refor\u00e7ar o atendimento do Huse, aqui em Aracaju, e contemplar as unidades hospitalares localizadas nas diversas regi\u00f5es do interior do estado. Conseguindo fazer com que a rede consiga funcionar como um todo, automaticamente, a popula\u00e7\u00e3o que vai sair ganhando com isso&#8221;.<\/span><\/p>\n<p style=\"text-align: justify\"><span style=\"color: #000000\">&#8220;O nosso estado vem sofrendo bastante, principalmente, com a falta de recursos. E esse, com certeza, trar\u00e1 al\u00edvio os hospitais regionais e ao Huse. A bancada federal est\u00e1 de parab\u00e9ns pela uni\u00e3o, e o trabalho do governador Belivaldo Chagas e do ex-governador Jackson Barreto foi fundamental para que pudesse estar recebendo esses recursos. O ministro imediatamente atendeu a solicita\u00e7\u00e3o da nossa bancada&#8221;, destacou em seu discurso o deputado F\u00e1bio Reis.<\/span><\/p>\n<p style=\"text-align: justify\"><strong><span style=\"color: #000000\">CER IV<\/span><\/strong><\/p>\n<p style=\"text-align: justify\"><span style=\"color: #000000\">Durante sua visita ao estado, o ministro da Sa\u00fade visitou o Centro Especializado em Reabilita\u00e7\u00e3o IV &#8211; CER IV. Com 95% da obra executada, o CER IV ocupar\u00e1 uma \u00e1rea total de 27.785 m\u00b2, sendo que 7.176 m\u00b2 de \u00e1rea constru\u00edda. A estrutura f\u00edsica foi conclu\u00edda, restando a implanta\u00e7\u00e3o das instala\u00e7\u00f5es el\u00e9tricas e finaliza\u00e7\u00e3o da pintura e revestimentos.<\/span><\/p>\n<p style=\"text-align: justify\"><span style=\"color: #000000\">O CER IV est\u00e1 or\u00e7ado em R$ 23,5 milh\u00f5es, sendo R$ 18,8 milh\u00f5es do Minist\u00e9rio da Sa\u00fade, atrav\u00e9s de emenda parlamentar, e R$ 4,7 milh\u00f5es de contrapartida estadual, provenientes do Proinveste. Est\u00e3o previstos cerca R$ 5 milh\u00f5es para aquisi\u00e7\u00e3o de equipamentos. Em junho de 2017, o governo do Estado recebeu Parecer Favor\u00e1vel do Minist\u00e9rio da Sa\u00fade, assegurando R$ 2 milh\u00f5es para a compra de equipamentos. O restante dos R$ 5 milh\u00f5es ser\u00e1 despendido pelo governo do Estado.<\/span><\/p>\n<p style=\"text-align: justify\"><span style=\"color: #000000\">Cerca de 2.500 usu\u00e1rios por m\u00eas est\u00e3o previstos para receber atendimento no Centro de Reabilita\u00e7\u00e3o. Os usu\u00e1rios contar\u00e3o com brinquedoteca, biblioteca adaptada, sala de v\u00eddeo, campo de futebol, gin\u00e1sio de fisioterapia ortop\u00e9dica, duas piscinas cobertas e aquecidas para pacientes em tratamento de hidroterapia e anfiteatro.<\/span><\/p>\n<p style=\"text-align: justify\"><span style=\"color: #000000\">&#8220;A expectativa \u00e9 que, dando tudo certo, possamos ver isso aqui funcionando nos pr\u00f3ximos 120 dias. A obra em si ser\u00e1 conclu\u00edda nos pr\u00f3ximos 40 dias, mas o funcionamento do Centro somente ocorrer\u00e1 quando tivermos a garantia de que todos os equipamentos estar\u00e3o aqui&#8221;, destacou o governador Belivaldo Chagas.<\/span><\/p>\n<p style=\"text-align: justify\"><span style=\"color: #000000\">Para o ministro da Sa\u00fade, o Centro Especializado ser\u00e1 refer\u00eancia no atendimento \u00e0s pessoas com defici\u00eancia dentro e fora de Sergipe. &#8220;Esse \u00e9 um local que vai cuidar dessas pessoas, dando a elas uma recupera\u00e7\u00e3o para que possam levar uma vida cada vez mais normal. Aqui, o Minist\u00e9rio est\u00e1 investido mais de R$ 20 milh\u00f5es na constru\u00e7\u00e3o e na coloca\u00e7\u00e3o dos equipamentos necess\u00e1rios. O pr\u00f3ximo passo, a partir do momento que estiver funcionando, o Minist\u00e9rio da Sa\u00fade tamb\u00e9m ajudar\u00e1 a bancar as despesas desse Centro, junto com o Estado e, eventualmente, os munic\u00edpios se assim for pactuado. Essa obra ir\u00e1 transformar o estado de Sergipe em refer\u00eancia no atendimento \u00e0 reabilita\u00e7\u00e3o das pessoas que aqui buscarem esse servi\u00e7o. \u00c9 uma grande obra que muito em breve estar\u00e1 equipada e atendendo a popula\u00e7\u00e3o&#8221;, ressaltou Gilberto Occhi.<\/span><\/p>\n<p style=\"text-align: justify\"><span style=\"color: #000000\">Representando a Comiss\u00e3o Estadual de Acessibilidade e Mobilidade, Leonel Aquino reconheceu o empenho do governo do Estado. &#8220;\u00c9 um marco que n\u00f3s agradecemos de cora\u00e7\u00e3o ao governo, pois aqui teremos uma qualidade de vida melhor, aqui todo tipo de tratamento ser\u00e1 feito, ent\u00e3o, n\u00f3s teremos um conforto maior. J\u00e1 est\u00e3o come\u00e7ando a respeitar o deficiente. Este governo est\u00e1 fazendo isso! N\u00f3s nos sentimos muito felizes por que estamos sendo respeitados&#8221;.<\/span><\/p>\n<p style=\"text-align: justify\">\n<p><a href=\"https:\/\/senoticias.com.br\/se\/wp-content\/uploads\/2018\/06\/Logomarca-fone-SE-4-2-1-1.jpg\"><img loading=\"lazy\" decoding=\"async\" class=\"aligncenter wp-image-113435 size-full\" src=\"https:\/\/senoticias.com.br\/se\/wp-content\/uploads\/2018\/06\/Logomarca-fone-SE-4-2-1-1.jpg\" alt=\"\" width=\"599\" height=\"78\" srcset=\"https:\/\/senoticias.com.br\/se\/wp-content\/uploads\/2018\/06\/Logomarca-fone-SE-4-2-1-1.jpg 599w, https:\/\/senoticias.com.br\/se\/wp-content\/uploads\/2018\/06\/Logomarca-fone-SE-4-2-1-1-300x39.jpg 300w\" sizes=\"(max-width: 599px) 100vw, 599px\" \/><\/a><\/p>\n<p>Por ASN<\/p>\n","protected":false},"excerpt":{"rendered":"<p>\u201cEssa verba servir\u00e1 de refor\u00e7o para melhorar as condi\u00e7\u00f5es de atendimento nas nossas unidades hospitalares, a rede como um todo vai sair beneficiada\u201d. Assim definiu o governador Belivaldo Chagas quando se referiu aos investimentos que ser\u00e3o realizados na \u00e1rea da Sa\u00fade ap\u00f3s a libera\u00e7\u00e3o do repasse realizada pelo ministro da Sa\u00fade, Gilberto Occhi, durante sua [&hellip;]<\/p>\n","protected":false},"author":6553,"featured_media":0,"comment_status":"closed","ping_status":"closed","sticky":false,"template":"","format":"standard","meta":{"footnotes":""},"categories":[15,6],"tags":[3565,2002,2833,2168,1304,223,4776],"class_list":{"0":"post-113598","1":"post","2":"type-post","3":"status-publish","4":"format-standard","6":"category-destaques","7":"category-politica","8":"tag-belivaldo","9":"tag-governo","10":"tag-ministro","11":"tag-politica","12":"tag-saude","13":"tag-sergipe","14":"tag-verba"},"_links":{"self":[{"href":"https:\/\/senoticias.com.br\/se\/wp-json\/wp\/v2\/posts\/113598"}],"collection":[{"href":"https:\/\/senoticias.com.br\/se\/wp-json\/wp\/v2\/posts"}],"about":[{"href":"https:\/\/senoticias.com.br\/se\/wp-json\/wp\/v2\/types\/post"}],"author":[{"embeddable":true,"href":"https:\/\/senoticias.com.br\/se\/wp-json\/wp\/v2\/users\/6553"}],"replies":[{"embeddable":true,"href":"https:\/\/senoticias.com.br\/se\/wp-json\/wp\/v2\/comments?post=113598"}],"version-history":[{"count":0,"href":"https:\/\/senoticias.com.br\/se\/wp-json\/wp\/v2\/posts\/113598\/revisions"}],"wp:attachment":[{"href":"https:\/\/senoticias.com.br\/se\/wp-json\/wp\/v2\/media?parent=113598"}],"wp:term":[{"taxonomy":"category","embeddable":true,"href":"https:\/\/senoticias.com.br\/se\/wp-json\/wp\/v2\/categories?post=113598"},{"taxonomy":"post_tag","embeddable":true,"href":"https:\/\/senoticias.com.br\/se\/wp-json\/wp\/v2\/tags?post=113598"}],"curies":[{"name":"wp","href":"https:\/\/api.w.org\/{rel}","templated":true}]}}