{"id":113559,"date":"2018-06-09T13:12:42","date_gmt":"2018-06-09T16:12:42","guid":{"rendered":"https:\/\/senoticias.com.br\/se\/?p=113559"},"modified":"2018-06-09T13:16:08","modified_gmt":"2018-06-09T16:16:08","slug":"ministro-da-saude-gilberto-occhi-vira-a-sergipe-para-liberar-recursos-para-a-saude-do-estado-na-segunda-11","status":"publish","type":"post","link":"https:\/\/senoticias.com.br\/se\/ministro-da-saude-gilberto-occhi-vira-a-sergipe-para-liberar-recursos-para-a-saude-do-estado-na-segunda-11\/","title":{"rendered":"Ministro da Sa\u00fade vem assinar conv\u00eanio com o Governo de Sergipe na segunda-feira, 11"},"content":{"rendered":"<p style=\"text-align: justify;\">O governador Belivaldo Chagas vai receber, na segunda-feira (11), a visita do ministro da Sa\u00fade, Gilberto Occhi, que vir\u00e1 ao estado para liberar recursos para a Secretaria de Estado da Sa\u00fade. A cerim\u00f4nia de assinatura dos recursos ser\u00e1 realizada na Sala de Situa\u00e7\u00e3o do Pal\u00e1cio dos Despachos, \u00e0s 9h.<\/p>\n<div id=\"attachment_113560\" style=\"width: 609px\" class=\"wp-caption aligncenter\"><a href=\"https:\/\/senoticias.com.br\/se\/wp-content\/uploads\/2018\/06\/Ochi-e1528560597853.jpg\"><img loading=\"lazy\" decoding=\"async\" aria-describedby=\"caption-attachment-113560\" class=\"size-full wp-image-113560\" src=\"https:\/\/senoticias.com.br\/se\/wp-content\/uploads\/2018\/06\/Ochi-e1528560597853.jpg\" alt=\"\" width=\"599\" height=\"399\" \/><\/a><p id=\"caption-attachment-113560\" class=\"wp-caption-text\">Gilberto Occhi tamb\u00e9m vai visitar as obras do CER IV e o funcionamento do servi\u00e7o de radioterapia do Huse (foto: Antonio Cruz \/ Ag\u00eancia Brasil)<\/p><\/div>\n<p style=\"text-align: justify;\">O repasse, de R$ 50.873.247,00, ser\u00e1 feito \u00e0 Secretaria de Estado da Sa\u00fade, atrav\u00e9s do Fundo Estadual de Sa\u00fade, e \u00e9 referente a emenda de bancada efetivada pelo Minist\u00e9rio da Sa\u00fade atrav\u00e9s da Portaria \u00a0N\u00ba 1.621, de 05 de junho de 2018, publicada no Di\u00e1rio Oficial da Uni\u00e3o de 06 de junho.<\/p>\n<p style=\"text-align: justify;\">A Portaria 1.621\/2018 tamb\u00e9m destina R$ 3.000.000,00 \u00e0 Nossa Senhora do Socorro para custeio atrav\u00e9s do Fundo Municipal de Sa\u00fade do munic\u00edpio. O recurso s\u00e3o destinados \u00e0 utiliza\u00e7\u00e3o em incremento tempor\u00e1rio no custeio das a\u00e7\u00f5es e servi\u00e7os P\u00fablicos de Sa\u00fade, ou seja, nas despesas para o funcionamento dos hospitais de alta e media complexidade da rede p\u00fablica estadual.<\/p>\n<p style=\"text-align: justify;\"><strong>Visitas<\/strong><\/p>\n<p style=\"text-align: justify;\">Ap\u00f3s a assinatura, \u00e0s 10h,\u00a0Gilberto Occhi visitar\u00e1 as obras do Centro Especializado de Reabilita\u00e7\u00e3o IV (CER IV), que j\u00e1 est\u00e1 com 90% das obras executadas e ocupar\u00e1 uma \u00e1rea total de 27,7 metros quadrados.<\/p>\n<p style=\"text-align: justify;\">O CER IV est\u00e1 or\u00e7ado em R$ 25 milh\u00f5es, sendo R$ 4,7 milh\u00f5es de contrapartida estadual, provenientes do Proinveste. Est\u00e3o previstos ainda R$ 4,3 milh\u00f5es para aquisi\u00e7\u00e3o de equipamentos, totalizado um investimento superior a R$ 29,3 milh\u00f5es. O espa\u00e7o ter\u00e1 capacidade de atendimento de 700 pacientes\/m\u00eas.<\/p>\n<p style=\"text-align: justify;\">Em seguida, \u00e0s 10h30, o ministro visita o servi\u00e7o de radioterapia do Hospital de Urg\u00eancias de Sergipe (Huse).<\/p>\n<p>&nbsp;<\/p>\n<p>&nbsp;<\/p>\n<p><a href=\"https:\/\/senoticias.com.br\/se\/wp-content\/uploads\/2018\/06\/Logomarca-fone-SE-4-2-1-1.jpg\"><img loading=\"lazy\" decoding=\"async\" class=\"aligncenter size-full wp-image-113435\" src=\"https:\/\/senoticias.com.br\/se\/wp-content\/uploads\/2018\/06\/Logomarca-fone-SE-4-2-1-1.jpg\" alt=\"\" width=\"599\" height=\"78\" srcset=\"https:\/\/senoticias.com.br\/se\/wp-content\/uploads\/2018\/06\/Logomarca-fone-SE-4-2-1-1.jpg 599w, https:\/\/senoticias.com.br\/se\/wp-content\/uploads\/2018\/06\/Logomarca-fone-SE-4-2-1-1-300x39.jpg 300w\" sizes=\"(max-width: 599px) 100vw, 599px\" \/><\/a><\/p>\n<p>&nbsp;<\/p>\n<p><em><strong>Acompanhe tamb\u00e9m o SE Not\u00edcias no<\/strong><span class=\"apple-converted-space\"><b>\u00a0<\/b><\/span><a href=\"https:\/\/twitter.com\/Senoticias\" target=\"_blank\" rel=\"noopener\"><b>Twitter<\/b><\/a><strong>,<\/strong><span class=\"apple-converted-space\"><b>\u00a0<\/b><\/span><a href=\"https:\/\/www.facebook.com\/senoticias1\" target=\"_blank\" rel=\"noopener\"><b>Facebook<\/b><span class=\"apple-converted-space\"><b>\u00a0<\/b><\/span><\/a><strong>e no<\/strong><span class=\"apple-converted-space\"><b>\u00a0<\/b><\/span><a href=\"https:\/\/www.instagram.com\/senoticias\/\" target=\"_blank\" rel=\"noopener\"><b>Instagram<\/b><\/a><\/em><\/p>\n<p><em>Informa\u00e7\u00f5es da Ag\u00eancia Sergipe de Not\u00edcias<\/em><\/p>\n","protected":false},"excerpt":{"rendered":"<p>O governador Belivaldo Chagas vai receber, na segunda-feira (11), a visita do ministro da Sa\u00fade, Gilberto Occhi, que vir\u00e1 ao estado para liberar recursos para a Secretaria de Estado da Sa\u00fade. A cerim\u00f4nia de assinatura dos recursos ser\u00e1 realizada na Sala de Situa\u00e7\u00e3o do Pal\u00e1cio dos Despachos, \u00e0s 9h. O repasse, de R$ 50.873.247,00, ser\u00e1 [&hellip;]<\/p>\n","protected":false},"author":6552,"featured_media":113560,"comment_status":"closed","ping_status":"closed","sticky":false,"template":"","format":"standard","meta":{"footnotes":""},"categories":[15],"tags":[2806,10069,6876,448,1869],"class_list":{"0":"post-113559","1":"post","2":"type-post","3":"status-publish","4":"format-standard","5":"has-post-thumbnail","7":"category-destaques","8":"tag-belivaldo-chagas","9":"tag-centro-especializado-de-reabilitacao-iv","10":"tag-gilberto-occhi","11":"tag-governo-de-sergipe","12":"tag-ministro-da-saude"},"_links":{"self":[{"href":"https:\/\/senoticias.com.br\/se\/wp-json\/wp\/v2\/posts\/113559"}],"collection":[{"href":"https:\/\/senoticias.com.br\/se\/wp-json\/wp\/v2\/posts"}],"about":[{"href":"https:\/\/senoticias.com.br\/se\/wp-json\/wp\/v2\/types\/post"}],"author":[{"embeddable":true,"href":"https:\/\/senoticias.com.br\/se\/wp-json\/wp\/v2\/users\/6552"}],"replies":[{"embeddable":true,"href":"https:\/\/senoticias.com.br\/se\/wp-json\/wp\/v2\/comments?post=113559"}],"version-history":[{"count":0,"href":"https:\/\/senoticias.com.br\/se\/wp-json\/wp\/v2\/posts\/113559\/revisions"}],"wp:featuredmedia":[{"embeddable":true,"href":"https:\/\/senoticias.com.br\/se\/wp-json\/wp\/v2\/media\/113560"}],"wp:attachment":[{"href":"https:\/\/senoticias.com.br\/se\/wp-json\/wp\/v2\/media?parent=113559"}],"wp:term":[{"taxonomy":"category","embeddable":true,"href":"https:\/\/senoticias.com.br\/se\/wp-json\/wp\/v2\/categories?post=113559"},{"taxonomy":"post_tag","embeddable":true,"href":"https:\/\/senoticias.com.br\/se\/wp-json\/wp\/v2\/tags?post=113559"}],"curies":[{"name":"wp","href":"https:\/\/api.w.org\/{rel}","templated":true}]}}