{"id":113524,"date":"2018-06-07T16:41:19","date_gmt":"2018-06-07T19:41:19","guid":{"rendered":"https:\/\/senoticias.com.br\/se\/?p=113524"},"modified":"2018-06-07T17:30:25","modified_gmt":"2018-06-07T20:30:25","slug":"prefeitura-de-socorro-fara-caravana-da-saude-no-conjunto-fernando-collor","status":"publish","type":"post","link":"https:\/\/senoticias.com.br\/se\/prefeitura-de-socorro-fara-caravana-da-saude-no-conjunto-fernando-collor\/","title":{"rendered":"Prefeitura de Socorro far\u00e1 Caravana da Sa\u00fade no conjunto Fernando Collor"},"content":{"rendered":"<p style=\"text-align: justify;\"><span style=\"color: #000000;\">A Prefeitura de Nossa Senhora do Socorro, em parceria com a Associa\u00e7\u00e3o Sa\u00fade em Movimento (ASM), realizar\u00e1, no pr\u00f3ximo domingo, 10, o projeto \u201cCaravana Sa\u00fade Brasil\u201d, das 8h \u00e0s 14h, na Unidade B\u00e1sica de Sa\u00fade Gabriel Alves, localizada no conjunto Fernando Collor.<\/span><\/p>\n<p style=\"text-align: justify;\"><span style=\"color: #000000;\">O evento visa ao bom atendimento e o cuidado humanizado para os socorrenses com o compromisso da garantia de acessibilidade, igualdade e integralidade.<\/span><\/p>\n<div id=\"attachment_113525\" style=\"width: 609px\" class=\"wp-caption aligncenter\"><a href=\"https:\/\/senoticias.com.br\/se\/wp-content\/uploads\/2018\/06\/image-e1528400420676.png\"><img loading=\"lazy\" decoding=\"async\" aria-describedby=\"caption-attachment-113525\" class=\"wp-image-113525 size-full\" src=\"https:\/\/senoticias.com.br\/se\/wp-content\/uploads\/2018\/06\/image-e1528400420676.png\" alt=\"\" width=\"599\" height=\"599\" \/><\/a><p id=\"caption-attachment-113525\" class=\"wp-caption-text\">Foto: ANSocorro<\/p><\/div>\n<p style=\"text-align: justify;\"><span style=\"color: #000000;\">Durante a manh\u00e3 de promo\u00e7\u00e3o \u00e0 sa\u00fade, v\u00e1rios exames e consultas ser\u00e3o ofertados, como ultrassonografia, eletrocardiograma, ecocardiograma, pediatria, otorrinolaringologia, ginecologia, oftalmologia e cardiologia. Al\u00e9m deles, orienta\u00e7\u00f5es e testes r\u00e1pidos ser\u00e3o realizados na unidade.<\/span><\/p>\n<p style=\"text-align: justify;\"><span style=\"color: #000000;\">Os socorrenses que comparecerem \u00e0 UBS Gabriel Alves dever\u00e3o levar os seguintes documentos: RG, CPF, cart\u00e3o do SUS, comprovante de resid\u00eancia e, para a realiza\u00e7\u00e3o de exames, a solicita\u00e7\u00e3o do m\u00e9dico.<\/span><\/p>\n<p>&nbsp;<\/p>\n<p><a href=\"https:\/\/senoticias.com.br\/se\/wp-content\/uploads\/2018\/06\/Logomarca-fone-SE-4-2-1-1.jpg\"><img loading=\"lazy\" decoding=\"async\" class=\"aligncenter wp-image-113435 size-full\" src=\"https:\/\/senoticias.com.br\/se\/wp-content\/uploads\/2018\/06\/Logomarca-fone-SE-4-2-1-1.jpg\" alt=\"\" width=\"599\" height=\"78\" srcset=\"https:\/\/senoticias.com.br\/se\/wp-content\/uploads\/2018\/06\/Logomarca-fone-SE-4-2-1-1.jpg 599w, https:\/\/senoticias.com.br\/se\/wp-content\/uploads\/2018\/06\/Logomarca-fone-SE-4-2-1-1-300x39.jpg 300w\" sizes=\"(max-width: 599px) 100vw, 599px\" \/><\/a><\/p>\n<div><em><strong>Acompanhe tamb\u00e9m o SE Not\u00edcias no<\/strong><span class=\"apple-converted-space\"><b>\u00a0<\/b><\/span><a href=\"https:\/\/twitter.com\/Senoticias\" target=\"_blank\" rel=\"noopener\"><b>Twitter<\/b><\/a><strong>,<\/strong><span class=\"apple-converted-space\"><b>\u00a0<\/b><\/span><a href=\"https:\/\/www.facebook.com\/senoticias1\" target=\"_blank\" rel=\"noopener\"><b>Facebook<\/b><span class=\"apple-converted-space\"><b>\u00a0<\/b><\/span><\/a><strong>e no<\/strong><span class=\"apple-converted-space\"><b>\u00a0<\/b><\/span><a href=\"https:\/\/www.instagram.com\/senoticias\/\" target=\"_blank\" rel=\"noopener\"><b>Instagram<\/b><\/a><\/em><\/div>\n<div><\/div>\n<p>Por ANSocorro<\/p>\n","protected":false},"excerpt":{"rendered":"<p>A Prefeitura de Nossa Senhora do Socorro, em parceria com a Associa\u00e7\u00e3o Sa\u00fade em Movimento (ASM), realizar\u00e1, no pr\u00f3ximo domingo, 10, o projeto \u201cCaravana Sa\u00fade Brasil\u201d, das 8h \u00e0s 14h, na Unidade B\u00e1sica de Sa\u00fade Gabriel Alves, localizada no conjunto Fernando Collor. O evento visa ao bom atendimento e o cuidado humanizado para os socorrenses [&hellip;]<\/p>\n","protected":false},"author":6553,"featured_media":0,"comment_status":"closed","ping_status":"closed","sticky":false,"template":"","format":"standard","meta":{"footnotes":""},"categories":[38],"tags":[5073,4882,1304,223,2746],"class_list":{"0":"post-113524","1":"post","2":"type-post","3":"status-publish","4":"format-standard","6":"category-municipios","7":"tag-caravana","8":"tag-fernando-collor","9":"tag-saude","10":"tag-sergipe","11":"tag-socorro"},"_links":{"self":[{"href":"https:\/\/senoticias.com.br\/se\/wp-json\/wp\/v2\/posts\/113524"}],"collection":[{"href":"https:\/\/senoticias.com.br\/se\/wp-json\/wp\/v2\/posts"}],"about":[{"href":"https:\/\/senoticias.com.br\/se\/wp-json\/wp\/v2\/types\/post"}],"author":[{"embeddable":true,"href":"https:\/\/senoticias.com.br\/se\/wp-json\/wp\/v2\/users\/6553"}],"replies":[{"embeddable":true,"href":"https:\/\/senoticias.com.br\/se\/wp-json\/wp\/v2\/comments?post=113524"}],"version-history":[{"count":0,"href":"https:\/\/senoticias.com.br\/se\/wp-json\/wp\/v2\/posts\/113524\/revisions"}],"wp:attachment":[{"href":"https:\/\/senoticias.com.br\/se\/wp-json\/wp\/v2\/media?parent=113524"}],"wp:term":[{"taxonomy":"category","embeddable":true,"href":"https:\/\/senoticias.com.br\/se\/wp-json\/wp\/v2\/categories?post=113524"},{"taxonomy":"post_tag","embeddable":true,"href":"https:\/\/senoticias.com.br\/se\/wp-json\/wp\/v2\/tags?post=113524"}],"curies":[{"name":"wp","href":"https:\/\/api.w.org\/{rel}","templated":true}]}}