{"id":113516,"date":"2018-06-07T16:14:53","date_gmt":"2018-06-07T19:14:53","guid":{"rendered":"https:\/\/senoticias.com.br\/se\/?p=113516"},"modified":"2018-06-07T17:06:12","modified_gmt":"2018-06-07T20:06:12","slug":"estado-convoca-professores-de-biologia-fisica-e-arte-para-contratacao-temporaria-imediata","status":"publish","type":"post","link":"https:\/\/senoticias.com.br\/se\/estado-convoca-professores-de-biologia-fisica-e-arte-para-contratacao-temporaria-imediata\/","title":{"rendered":"Estado convoca professores de Biologia, F\u00edsica e Arte para contrata\u00e7\u00e3o tempor\u00e1ria imediata"},"content":{"rendered":"<p style=\"text-align: justify\"><span style=\"color: #000000\">A Secretaria de Estado do Planejamento, Or\u00e7amento e Gest\u00e3o (Seplag) convoca os professores habilitados e classificados no Processo Seletivo Simplificado n\u00ba 1, realizado em 2017, para fins de per\u00edcia m\u00e9dia e entrega da documenta\u00e7\u00e3o. A contrata\u00e7\u00e3o \u00e9 imediata e dever\u00e1 exercer \u00e0s fun\u00e7\u00f5es na Rede Estadual de Ensino, de acordo com a escolha da diretoria regional de educa\u00e7\u00e3o a \u00e9poca do PSS.<\/span><\/p>\n<div id=\"attachment_113517\" style=\"width: 609px\" class=\"wp-caption aligncenter\"><a href=\"https:\/\/senoticias.com.br\/se\/wp-content\/uploads\/2018\/06\/convoca\u00e7\u00e3o-de-professores-SENOTICIAS.jpg\"><img loading=\"lazy\" decoding=\"async\" aria-describedby=\"caption-attachment-113517\" class=\"wp-image-113517 size-full\" src=\"https:\/\/senoticias.com.br\/se\/wp-content\/uploads\/2018\/06\/convoca\u00e7\u00e3o-de-professores-SENOTICIAS-e1528398852853.jpg\" alt=\"\" width=\"599\" height=\"407\" \/><\/a><p id=\"caption-attachment-113517\" class=\"wp-caption-text\">Foto: Janaina Santos\/Seed<\/p><\/div>\n<p style=\"text-align: justify\"><span style=\"color: #000000\">Os documentos dever\u00e3o ser apresentados no dia 11 de junho, na Ger\u00eancia de Concursos da Seplag, localizada na rua Dr. Leonardo Leite (antiga Vila Cristina), 346, bairro S\u00e3o Jos\u00e9, em Aracaju, das 8h \u00e0s 12h. A per\u00edcia m\u00e9dica ser\u00e1 realizada no dia 19 de junho, \u00e0s 7h.<\/span><\/p>\n<p style=\"text-align: justify\"><span style=\"color: #000000\">A documenta\u00e7\u00e3o exigida est\u00e1 relacionada na convoca\u00e7\u00e3o que dever\u00e1 ser acessada no link da <a href=\"http:\/\/seplag.se.gov.br\/wp-content\/uploads\/2018\/06\/26%C2%AA-Convoca%C3%A7%C3%A3o.pdf\">p\u00e1gina oficial da Seplag<\/a>.<\/span><\/p>\n<p style=\"text-align: justify\"><span style=\"color: #000000\">Jorge Costa, diretor de Recursos Humanos da Seed, explica que o processo seletivo simplificado \u00e9 realizado em car\u00e1ter emerg\u00eancia para professor tempor\u00e1rio, como forma de suprir a vaga de professores que est\u00e3o afastados por licen\u00e7a m\u00e9dica, de licencia pr\u00eamio e afastamentos para curso.<\/span><\/p>\n<p style=\"text-align: justify\"><a href=\"http:\/\/seplag.se.gov.br\/wp-content\/uploads\/2018\/06\/26%C2%AA-Convoca%C3%A7%C3%A3o.pdf\"><span style=\"color: #000000\">Veja a lista completa dos classificados<\/span><\/a><\/p>\n<p>&nbsp;<\/p>\n<p><a href=\"https:\/\/senoticias.com.br\/se\/wp-content\/uploads\/2018\/06\/Logomarca-fone-SE-4-2-1-1.jpg\"><img loading=\"lazy\" decoding=\"async\" class=\"aligncenter wp-image-113435 size-full\" src=\"https:\/\/senoticias.com.br\/se\/wp-content\/uploads\/2018\/06\/Logomarca-fone-SE-4-2-1-1.jpg\" alt=\"\" width=\"599\" height=\"78\" srcset=\"https:\/\/senoticias.com.br\/se\/wp-content\/uploads\/2018\/06\/Logomarca-fone-SE-4-2-1-1.jpg 599w, https:\/\/senoticias.com.br\/se\/wp-content\/uploads\/2018\/06\/Logomarca-fone-SE-4-2-1-1-300x39.jpg 300w\" sizes=\"(max-width: 599px) 100vw, 599px\" \/><\/a><\/p>\n<div><em><strong>Acompanhe tamb\u00e9m o SE Not\u00edcias no<\/strong><span class=\"apple-converted-space\"><b>\u00a0<\/b><\/span><a href=\"https:\/\/twitter.com\/Senoticias\" target=\"_blank\" rel=\"noopener\"><b>Twitter<\/b><\/a><strong>,<\/strong><span class=\"apple-converted-space\"><b>\u00a0<\/b><\/span><a href=\"https:\/\/www.facebook.com\/senoticias1\" target=\"_blank\" rel=\"noopener\"><b>Facebook<\/b><span class=\"apple-converted-space\"><b>\u00a0<\/b><\/span><\/a><strong>e no<\/strong><span class=\"apple-converted-space\"><b>\u00a0<\/b><\/span><a href=\"https:\/\/www.instagram.com\/senoticias\/\" target=\"_blank\" rel=\"noopener\"><b>Instagram<\/b><\/a><\/em><\/div>\n<div><\/div>\n<p>Por ASN<\/p>\n","protected":false},"excerpt":{"rendered":"<p>A Secretaria de Estado do Planejamento, Or\u00e7amento e Gest\u00e3o (Seplag) convoca os professores habilitados e classificados no Processo Seletivo Simplificado n\u00ba 1, realizado em 2017, para fins de per\u00edcia m\u00e9dia e entrega da documenta\u00e7\u00e3o. A contrata\u00e7\u00e3o \u00e9 imediata e dever\u00e1 exercer \u00e0s fun\u00e7\u00f5es na Rede Estadual de Ensino, de acordo com a escolha da diretoria [&hellip;]<\/p>\n","protected":false},"author":6553,"featured_media":0,"comment_status":"closed","ping_status":"closed","sticky":false,"template":"","format":"standard","meta":{"footnotes":""},"categories":[9,15,10],"tags":[339,5572,2002,3357,223],"class_list":{"0":"post-113516","1":"post","2":"type-post","3":"status-publish","4":"format-standard","6":"category-concursos","7":"category-destaques","8":"category-empregos","9":"tag-aracaju","10":"tag-convocacao","11":"tag-governo","12":"tag-professores","13":"tag-sergipe"},"_links":{"self":[{"href":"https:\/\/senoticias.com.br\/se\/wp-json\/wp\/v2\/posts\/113516"}],"collection":[{"href":"https:\/\/senoticias.com.br\/se\/wp-json\/wp\/v2\/posts"}],"about":[{"href":"https:\/\/senoticias.com.br\/se\/wp-json\/wp\/v2\/types\/post"}],"author":[{"embeddable":true,"href":"https:\/\/senoticias.com.br\/se\/wp-json\/wp\/v2\/users\/6553"}],"replies":[{"embeddable":true,"href":"https:\/\/senoticias.com.br\/se\/wp-json\/wp\/v2\/comments?post=113516"}],"version-history":[{"count":0,"href":"https:\/\/senoticias.com.br\/se\/wp-json\/wp\/v2\/posts\/113516\/revisions"}],"wp:attachment":[{"href":"https:\/\/senoticias.com.br\/se\/wp-json\/wp\/v2\/media?parent=113516"}],"wp:term":[{"taxonomy":"category","embeddable":true,"href":"https:\/\/senoticias.com.br\/se\/wp-json\/wp\/v2\/categories?post=113516"},{"taxonomy":"post_tag","embeddable":true,"href":"https:\/\/senoticias.com.br\/se\/wp-json\/wp\/v2\/tags?post=113516"}],"curies":[{"name":"wp","href":"https:\/\/api.w.org\/{rel}","templated":true}]}}