{"id":113465,"date":"2018-06-05T16:27:30","date_gmt":"2018-06-05T19:27:30","guid":{"rendered":"https:\/\/senoticias.com.br\/se\/?p=113465"},"modified":"2018-06-05T16:34:09","modified_gmt":"2018-06-05T19:34:09","slug":"tce-orienta-orgaos-do-estado-sobre-transparencia-na-divulgacao-de-informacoes","status":"publish","type":"post","link":"https:\/\/senoticias.com.br\/se\/tce-orienta-orgaos-do-estado-sobre-transparencia-na-divulgacao-de-informacoes\/","title":{"rendered":"TCE orienta \u00f3rg\u00e3os do Estado sobre transpar\u00eancia na divulga\u00e7\u00e3o de informa\u00e7\u00f5es"},"content":{"rendered":"<p style=\"text-align: justify;\">Servidores de secretarias do Estado, Controladoria Geral (CGE), empresas p\u00fablicas, Funda\u00e7\u00f5es, entre outras entidades, acompanharam na manh\u00e3 desta ter\u00e7a-feira, 5, no audit\u00f3rio da Adema, uma explana\u00e7\u00e3o sobre a Resolu\u00e7\u00e3o n\u00ba 311\/2018, do Tribunal de Contas do Estado (TCE), que trata da disponibiliza\u00e7\u00e3o de dados e informa\u00e7\u00f5es nos portais da transpar\u00eancia das unidades jurisdicionadas, assim como procedimentos de avalia\u00e7\u00e3o, fiscaliza\u00e7\u00e3o e san\u00e7\u00f5es a serem adotados pela Corte de Contas.<\/p>\n<div id=\"attachment_113467\" style=\"width: 609px\" class=\"wp-caption aligncenter\"><a href=\"https:\/\/senoticias.com.br\/se\/wp-content\/uploads\/2018\/06\/121-e1528226993633.jpg\"><img loading=\"lazy\" decoding=\"async\" aria-describedby=\"caption-attachment-113467\" class=\"size-full wp-image-113467\" src=\"https:\/\/senoticias.com.br\/se\/wp-content\/uploads\/2018\/06\/121-e1528226993633.jpg\" alt=\"\" width=\"599\" height=\"399\" \/><\/a><p id=\"caption-attachment-113467\" class=\"wp-caption-text\">T\u00e9cnico orienta \u00f3rg\u00e3os do Estado sobre transpar\u00eancia na divulga\u00e7\u00e3o de informa\u00e7\u00f5es (foto: Dicom\/TCE)<\/p><\/div>\n<p style=\"text-align: justify;\">Feita pela equipe da Diretoria de Controle Externo de Obras e Servi\u00e7os (Dceos), a apresenta\u00e7\u00e3o ocorreu em meio ao evento da CGE voltado a implementar unidades de controle interno em \u00f3rg\u00e3os estaduais. &#8220;A CGE realizou este evento tratando do sistema de controle interno do estado de Sergipe e fomos convidados para falar sobre transpar\u00eancia, com foco na recente resolu\u00e7\u00e3o do TCE que trata deste assunto&#8221;, comentou o coordenador de auditoria operacional do TCE, Fernando Marcelino.<\/p>\n<p style=\"text-align: justify;\">&#8220;\u00c9 uma orienta\u00e7\u00e3o para tratar dos procedimentos di\u00e1rios que as unidades ter\u00e3o que realizar para deixar suas informa\u00e7\u00f5es acess\u00edveis ao cidad\u00e3o; o objetivo \u00e9 que, ao entrar em qualquer portal governamental, o cidad\u00e3o tenha acesso simples e claro a todas as informa\u00e7\u00f5es e atos administrativos do setor p\u00fablico\u201d, acrescentou o coordenador. A explana\u00e7\u00e3o foi acompanhada tamb\u00e9m pela diretora da Dceos, Ana Stella Porto\u200b.<\/p>\n<p style=\"text-align: justify;\">Entre os objetivos da regulamenta\u00e7\u00e3o est\u00e3o a padroniza\u00e7\u00e3o de conceitos e procedimentos e a defini\u00e7\u00e3o de crit\u00e9rios de fiscaliza\u00e7\u00e3o, avalia\u00e7\u00e3o e classifica\u00e7\u00e3o dos portais, estabelecendo-se o \u00edndice de transpar\u00eancia mediante crit\u00e9rios pr\u00e9-definidos de transpar\u00eancia ativa, passiva e boas pr\u00e1ticas.<\/p>\n<p style=\"text-align: justify;\">Assessor executivo da GCE, Ant\u00f4nio \u00c1lvaro de Carvalho destacou que a participa\u00e7\u00e3o do Tribunal \u00e9 essencial para o plano de um futuro sistema de controle interno que pretende colocar em pr\u00e1tica at\u00e9 dezembro desse ano. Durante a reuni\u00e3o desta manh\u00e3, estabeleceu-se que at\u00e9 o pr\u00f3ximo dia 12 de junho os \u00f3rg\u00e3os que ir\u00e3o fazer parte do sistema devem indicar um representante para a unidade de controle de gest\u00e3o.<\/p>\n<p style=\"text-align: justify;\">\u201cO Tribunal de Contas \u00e9 determinante para alcan\u00e7armos nossos objetivos de controle interno. Para implementa\u00e7\u00e3o dessas unidades de controle em cada \u00f3rg\u00e3o existe um item de transpar\u00eancia, o que coincidiu com a resolu\u00e7\u00e3o 311 do Tribunal. Hoje, em conjunto, demos in\u00edcio \u00e0 implanta\u00e7\u00e3o desse sistema\u201d, disse.<\/p>\n<p>&nbsp;<\/p>\n<p><a href=\"https:\/\/senoticias.com.br\/se\/wp-content\/uploads\/2018\/06\/Logomarca-fone-SE-4-2-1-1.jpg\"><img loading=\"lazy\" decoding=\"async\" class=\"aligncenter size-full wp-image-113435\" src=\"https:\/\/senoticias.com.br\/se\/wp-content\/uploads\/2018\/06\/Logomarca-fone-SE-4-2-1-1.jpg\" alt=\"\" width=\"599\" height=\"78\" srcset=\"https:\/\/senoticias.com.br\/se\/wp-content\/uploads\/2018\/06\/Logomarca-fone-SE-4-2-1-1.jpg 599w, https:\/\/senoticias.com.br\/se\/wp-content\/uploads\/2018\/06\/Logomarca-fone-SE-4-2-1-1-300x39.jpg 300w\" sizes=\"(max-width: 599px) 100vw, 599px\" \/><\/a><\/p>\n<p>&nbsp;<\/p>\n<p><em><strong>Acompanhe tamb\u00e9m o SE Not\u00edcias no<\/strong><span class=\"apple-converted-space\"><b>\u00a0<\/b><\/span><a href=\"https:\/\/twitter.com\/Senoticias\" target=\"_blank\" rel=\"noopener\"><b>Twitter<\/b><\/a><strong>,<\/strong><span class=\"apple-converted-space\"><b>\u00a0<\/b><\/span><a href=\"https:\/\/www.facebook.com\/senoticias1\" target=\"_blank\" rel=\"noopener\"><b>Facebook<\/b><span class=\"apple-converted-space\"><b>\u00a0<\/b><\/span><\/a><strong>e no<\/strong><span class=\"apple-converted-space\"><b>\u00a0<\/b><\/span><a href=\"https:\/\/www.instagram.com\/senoticias\/\" target=\"_blank\" rel=\"noopener\"><b>Instagram<\/b><\/a><\/em><\/p>\n<p>&nbsp;<\/p>\n<p><em>Por Dicom\/TCE<\/em><\/p>\n","protected":false},"excerpt":{"rendered":"<p>Servidores de secretarias do Estado, Controladoria Geral (CGE), empresas p\u00fablicas, Funda\u00e7\u00f5es, entre outras entidades, acompanharam na manh\u00e3 desta ter\u00e7a-feira, 5, no audit\u00f3rio da Adema, uma explana\u00e7\u00e3o sobre a Resolu\u00e7\u00e3o n\u00ba 311\/2018, do Tribunal de Contas do Estado (TCE), que trata da disponibiliza\u00e7\u00e3o de dados e informa\u00e7\u00f5es nos portais da transpar\u00eancia das unidades jurisdicionadas, assim como [&hellip;]<\/p>\n","protected":false},"author":6552,"featured_media":113467,"comment_status":"closed","ping_status":"closed","sticky":false,"template":"","format":"standard","meta":{"footnotes":""},"categories":[6],"tags":[529,565,530],"class_list":{"0":"post-113465","1":"post","2":"type-post","3":"status-publish","4":"format-standard","5":"has-post-thumbnail","7":"category-politica","8":"tag-tce","9":"tag-tribunal-de-contas-do-estado","10":"tag-tribunal-de-contas-do-estado-de-sergipe"},"_links":{"self":[{"href":"https:\/\/senoticias.com.br\/se\/wp-json\/wp\/v2\/posts\/113465"}],"collection":[{"href":"https:\/\/senoticias.com.br\/se\/wp-json\/wp\/v2\/posts"}],"about":[{"href":"https:\/\/senoticias.com.br\/se\/wp-json\/wp\/v2\/types\/post"}],"author":[{"embeddable":true,"href":"https:\/\/senoticias.com.br\/se\/wp-json\/wp\/v2\/users\/6552"}],"replies":[{"embeddable":true,"href":"https:\/\/senoticias.com.br\/se\/wp-json\/wp\/v2\/comments?post=113465"}],"version-history":[{"count":0,"href":"https:\/\/senoticias.com.br\/se\/wp-json\/wp\/v2\/posts\/113465\/revisions"}],"wp:featuredmedia":[{"embeddable":true,"href":"https:\/\/senoticias.com.br\/se\/wp-json\/wp\/v2\/media\/113467"}],"wp:attachment":[{"href":"https:\/\/senoticias.com.br\/se\/wp-json\/wp\/v2\/media?parent=113465"}],"wp:term":[{"taxonomy":"category","embeddable":true,"href":"https:\/\/senoticias.com.br\/se\/wp-json\/wp\/v2\/categories?post=113465"},{"taxonomy":"post_tag","embeddable":true,"href":"https:\/\/senoticias.com.br\/se\/wp-json\/wp\/v2\/tags?post=113465"}],"curies":[{"name":"wp","href":"https:\/\/api.w.org\/{rel}","templated":true}]}}