{"id":113463,"date":"2018-06-05T16:18:01","date_gmt":"2018-06-05T19:18:01","guid":{"rendered":"https:\/\/senoticias.com.br\/se\/?p=113463"},"modified":"2018-06-05T17:48:55","modified_gmt":"2018-06-05T20:48:55","slug":"detran-se-realiza-48o-leilao-de-veiculos-nos-dias-6-e-7-de-junho","status":"publish","type":"post","link":"https:\/\/senoticias.com.br\/se\/detran-se-realiza-48o-leilao-de-veiculos-nos-dias-6-e-7-de-junho\/","title":{"rendered":"Detran\/SE realiza 48\u00ba leil\u00e3o de ve\u00edculos nos dias 6 e 7 de junho"},"content":{"rendered":"<p style=\"text-align: justify;\"><span style=\"color: #000000;\">A 48\u00aa edi\u00e7\u00e3o do Leil\u00e3o de Ve\u00edculos do Departamento Estadual de Tr\u00e2nsito (Detran\/SE) ser\u00e1 realizada nos dias 6 e 7 de junho, a partir das 8 horas, no p\u00e1tio da empresa Barradas e Queiroz, concession\u00e1ria da autarquia, localizado na BR-101, KM-94, munic\u00edpio de Nossa Senhora do Socorro. Est\u00e3o sendo disponibilizados 560 bens para leil\u00e3o, entre carros e motos, sendo 317 sucatas e 243 recuper\u00e1veis.<\/span><\/p>\n<div id=\"attachment_113464\" style=\"width: 609px\" class=\"wp-caption aligncenter\"><a href=\"https:\/\/senoticias.com.br\/se\/wp-content\/uploads\/2018\/06\/detran-SENOTICIAS-e1528226202288.png\"><img loading=\"lazy\" decoding=\"async\" aria-describedby=\"caption-attachment-113464\" class=\"wp-image-113464 size-full\" src=\"https:\/\/senoticias.com.br\/se\/wp-content\/uploads\/2018\/06\/detran-SENOTICIAS-e1528226202288.png\" alt=\"\" width=\"599\" height=\"433\" \/><\/a><p id=\"caption-attachment-113464\" class=\"wp-caption-text\"><span style=\"color: #000000;\">560 bens ser\u00e3o leiloados (f<\/span>oto arte: Ascom\/ Detran<\/p><\/div>\n<p style=\"text-align: justify;\"><span style=\"color: #000000;\">Os ve\u00edculos a serem leiloados poder\u00e3o ser visitados no P\u00e1tio da empresa Barradas e Queiroz nesta quarta-feira, dia 5, no hor\u00e1rio das 14 \u00e0s 16 horas. A visita\u00e7\u00e3o ser\u00e1 organizada em turmas de at\u00e9 20 pessoas por um per\u00edodo de no m\u00e1ximo 30 minutos de dura\u00e7\u00e3o, sob acompanhamento dos funcion\u00e1rios da Empresa Barradas &amp; Queiroz. Os interessados poder\u00e3o ainda visualizar fotos e descri\u00e7\u00f5es de cada lote pelo site:<a href=\"http:\/\/www.barradasequeiroz.com.br\/leiloes.asp?ref=1\"><strong> www.barradasequeiroz.com.br<\/strong><\/a>.<\/span><\/p>\n<p style=\"text-align: justify;\"><span style=\"color: #000000;\">Para as duas modalidades do leil\u00e3o \u2013 presencial e eletr\u00f4nica \u2013, \u00e9 necess\u00e1rio que a pessoa realize o cadastro no site da organizadora do evento. Depois de conclu\u00eddo o cadastramento, ser\u00e1 enviado um e-mail de confirma\u00e7\u00e3o, acompanhado de uma senha de acesso ao sistema on-line da empresa. A libera\u00e7\u00e3o definitiva do cadastro para participa\u00e7\u00e3o nos leil\u00f5es somente ser\u00e1 efetivada ap\u00f3s o envio dos seguintes documentos: para pessoa f\u00edsica \u2013 RG, CPF ou CNH e comprovante de resid\u00eancia atual; para pessoa jur\u00eddica \u2013 CNPJ, contrato social e \u00faltima altera\u00e7\u00e3o, RG, CPF ou CNH dos s\u00f3cios e comprovante de resid\u00eancia.<\/span><\/p>\n<p>&nbsp;<\/p>\n<p><a href=\"https:\/\/senoticias.com.br\/se\/wp-content\/uploads\/2018\/06\/Logomarca-fone-SE-4-2-1-1.jpg\"><img loading=\"lazy\" decoding=\"async\" class=\"aligncenter wp-image-113435 size-full\" src=\"https:\/\/senoticias.com.br\/se\/wp-content\/uploads\/2018\/06\/Logomarca-fone-SE-4-2-1-1.jpg\" alt=\"\" width=\"599\" height=\"78\" srcset=\"https:\/\/senoticias.com.br\/se\/wp-content\/uploads\/2018\/06\/Logomarca-fone-SE-4-2-1-1.jpg 599w, https:\/\/senoticias.com.br\/se\/wp-content\/uploads\/2018\/06\/Logomarca-fone-SE-4-2-1-1-300x39.jpg 300w\" sizes=\"(max-width: 599px) 100vw, 599px\" \/><\/a><\/p>\n<p><em><strong>Acompanhe tamb\u00e9m o SE Not\u00edcias no<\/strong><span class=\"apple-converted-space\"><b>\u00a0<\/b><\/span><a href=\"https:\/\/twitter.com\/Senoticias\" target=\"_blank\" rel=\"noopener\"><b>Twitter<\/b><\/a><strong>,<\/strong><span class=\"apple-converted-space\"><b>\u00a0<\/b><\/span><a href=\"https:\/\/www.facebook.com\/senoticias1\" target=\"_blank\" rel=\"noopener\"><b>Facebook<\/b><span class=\"apple-converted-space\"><b>\u00a0<\/b><\/span><\/a><strong>e no<\/strong><span class=\"apple-converted-space\"><b>\u00a0<\/b><\/span><a href=\"https:\/\/www.instagram.com\/senoticias\/\" target=\"_blank\" rel=\"noopener\"><b>Instagram<\/b><\/a><\/em><\/p>\n<p><em>Por Ag\u00eancia Sergipe de Not\u00edcias<\/em><\/p>\n","protected":false},"excerpt":{"rendered":"<p>A 48\u00aa edi\u00e7\u00e3o do Leil\u00e3o de Ve\u00edculos do Departamento Estadual de Tr\u00e2nsito (Detran\/SE) ser\u00e1 realizada nos dias 6 e 7 de junho, a partir das 8 horas, no p\u00e1tio da empresa Barradas e Queiroz, concession\u00e1ria da autarquia, localizado na BR-101, KM-94, munic\u00edpio de Nossa Senhora do Socorro. Est\u00e3o sendo disponibilizados 560 bens para leil\u00e3o, entre [&hellip;]<\/p>\n","protected":false},"author":6553,"featured_media":0,"comment_status":"closed","ping_status":"closed","sticky":false,"template":"","format":"standard","meta":{"footnotes":""},"categories":[15,6],"tags":[339,1828,2559,223,2940],"class_list":{"0":"post-113463","1":"post","2":"type-post","3":"status-publish","4":"format-standard","6":"category-destaques","7":"category-politica","8":"tag-aracaju","9":"tag-detran","10":"tag-leilao","11":"tag-sergipe","12":"tag-veiculos"},"_links":{"self":[{"href":"https:\/\/senoticias.com.br\/se\/wp-json\/wp\/v2\/posts\/113463"}],"collection":[{"href":"https:\/\/senoticias.com.br\/se\/wp-json\/wp\/v2\/posts"}],"about":[{"href":"https:\/\/senoticias.com.br\/se\/wp-json\/wp\/v2\/types\/post"}],"author":[{"embeddable":true,"href":"https:\/\/senoticias.com.br\/se\/wp-json\/wp\/v2\/users\/6553"}],"replies":[{"embeddable":true,"href":"https:\/\/senoticias.com.br\/se\/wp-json\/wp\/v2\/comments?post=113463"}],"version-history":[{"count":0,"href":"https:\/\/senoticias.com.br\/se\/wp-json\/wp\/v2\/posts\/113463\/revisions"}],"wp:attachment":[{"href":"https:\/\/senoticias.com.br\/se\/wp-json\/wp\/v2\/media?parent=113463"}],"wp:term":[{"taxonomy":"category","embeddable":true,"href":"https:\/\/senoticias.com.br\/se\/wp-json\/wp\/v2\/categories?post=113463"},{"taxonomy":"post_tag","embeddable":true,"href":"https:\/\/senoticias.com.br\/se\/wp-json\/wp\/v2\/tags?post=113463"}],"curies":[{"name":"wp","href":"https:\/\/api.w.org\/{rel}","templated":true}]}}