{"id":113401,"date":"2018-06-02T13:39:41","date_gmt":"2018-06-02T16:39:41","guid":{"rendered":"https:\/\/senoticias.com.br\/se\/?p=113401"},"modified":"2018-06-03T11:16:30","modified_gmt":"2018-06-03T14:16:30","slug":"abertura-do-forro-siri-ocorre-neste-sabado","status":"publish","type":"post","link":"https:\/\/senoticias.com.br\/se\/abertura-do-forro-siri-ocorre-neste-sabado\/","title":{"rendered":"Abertura do \u2018Forro Siri\u2019 ocorre neste s\u00e1bado; confira a programa\u00e7\u00e3o"},"content":{"rendered":"<p style=\"text-align: justify;\">Faltam poucas horas para darmos in\u00edcio ao maior S\u00e3o Pedro do Brasil e o p\u00fablico j\u00e1 come\u00e7a a se planejar para estar neste s\u00e1bado, 02, na abertura do Forr\u00f3 Siri 2018, na sede do munic\u00edpio. E o que mais atrai o p\u00fablico \u00e9 a diversidade das atra\u00e7\u00f5es que v\u00e3o abrilhantar o evento este ano, levando ao p\u00fablico estilos variados do forr\u00f3 e de outros estilos musicais. E foi pensando nessa diversidade cultural, que \u00e9 marca constante e intr\u00ednseca do povo socorrense, que a Prefeitura, por meio da Secretaria da Cultura, resolveu inovar e levar ao Forr\u00f3 Siri deste ano o Palco da Diversidade Cultural.<\/p>\n<div id=\"attachment_113402\" style=\"width: 609px\" class=\"wp-caption aligncenter\"><a href=\"https:\/\/senoticias.com.br\/se\/wp-content\/uploads\/2018\/06\/FORRO-SIRI-e1527957360458.jpg\"><img loading=\"lazy\" decoding=\"async\" aria-describedby=\"caption-attachment-113402\" class=\"size-full wp-image-113402\" src=\"https:\/\/senoticias.com.br\/se\/wp-content\/uploads\/2018\/06\/FORRO-SIRI-e1527957360458.jpg\" alt=\"\" width=\"599\" height=\"749\" \/><\/a><p id=\"caption-attachment-113402\" class=\"wp-caption-text\">Palco da Diversidade Cultural marca edi\u00e7\u00e3o 2018 do Forr\u00f3 Siri (foto arte: ASN)<\/p><\/div>\n<p style=\"text-align: justify;\">Pela primeira vez, em 25 edi\u00e7\u00f5es, mais de 30 artistas de Socorro estar\u00e3o cantando no palco da diversidade, com m\u00fasicas dos mais variados estilos, que v\u00e3o desde o pr\u00f3prio forr\u00f3 p\u00e9-de-serra, passando pelo samba, samba de coco, reggae, hip hop, at\u00e9 o eletr\u00f4nico. Essa grande novidade representa o cuidado da gest\u00e3o municipal com a diversidade cultural no munic\u00edpio, principalmente da juventude, e o reconhecimento dos artistas locais.<\/p>\n<p style=\"text-align: justify;\">Para a primeira noite, neste 02 de junho, 15 artistas est\u00e3o confirmados para se apresentar no palco da diversidade. O in\u00edcio est\u00e1 marcado para \u00e0s 17 horas com a apresenta\u00e7\u00e3o da quadrilha junina S\u00e3o Bento.<\/p>\n<p style=\"text-align: justify;\">De acordo com a Secret\u00e1ria Adjunta da Cultura, Ana Carolina, as outras atra\u00e7\u00f5es ir\u00e3o se apresentar nos dias de 29 e 30 e a expectativa \u00e9 de que o palco seja bem aproveitado, haja visto que o p\u00fablico que consome tamb\u00e9m produz a pr\u00f3pria cultura.<\/p>\n<p style=\"text-align: justify;\">O palco da diversidade traz ainda a vis\u00e3o de \u201cPalco de todas as tribos\u201d ao remeter aos v\u00e1rios aspectos que representam particularmente as diferentes culturas que habitam o territ\u00f3rio socorrense. A Prefeitura de Socorro \u00e9 pioneira ao proporcionar os cidad\u00e3os outras op\u00e7\u00f5es de atra\u00e7\u00f5es e estilos m\u00fasicas, ao reconhecer as mais variadas manifesta\u00e7\u00f5es culturais, al\u00e9m do tradicional festejo.<\/p>\n<p><a href=\"https:\/\/senoticias.com.br\/se\/wp-content\/uploads\/2018\/06\/56-e1527958227242.jpg\"><img loading=\"lazy\" decoding=\"async\" class=\"aligncenter size-full wp-image-113404\" src=\"https:\/\/senoticias.com.br\/se\/wp-content\/uploads\/2018\/06\/56-e1527958227242.jpg\" alt=\"\" width=\"599\" height=\"749\" \/><\/a><\/p>\n<p style=\"text-align: justify;\">Ficou curioso para conhecer o novo palco? Ent\u00e3o confira a nossa programa\u00e7\u00e3o completa abaixo e vem pra c\u00e1 forrozear com a gente!<\/p>\n<p><em>Da Assessoria de Imprensa<\/em><\/p>\n<p>&nbsp;<\/p>\n<p><a href=\"https:\/\/senoticias.com.br\/se\/wp-content\/uploads\/2018\/05\/Logomarca-fone-SE-4-2-1-1.jpg\"><img loading=\"lazy\" decoding=\"async\" class=\"aligncenter size-full wp-image-113061\" src=\"https:\/\/senoticias.com.br\/se\/wp-content\/uploads\/2018\/05\/Logomarca-fone-SE-4-2-1-1.jpg\" alt=\"\" width=\"599\" height=\"78\" srcset=\"https:\/\/senoticias.com.br\/se\/wp-content\/uploads\/2018\/05\/Logomarca-fone-SE-4-2-1-1.jpg 599w, https:\/\/senoticias.com.br\/se\/wp-content\/uploads\/2018\/05\/Logomarca-fone-SE-4-2-1-1-300x39.jpg 300w\" sizes=\"(max-width: 599px) 100vw, 599px\" \/><\/a><\/p>\n<p>&nbsp;<\/p>\n<p><em><strong>Acompanhe tamb\u00e9m o SE Not\u00edcias no<\/strong><span class=\"apple-converted-space\"><b>\u00a0<\/b><\/span><a href=\"https:\/\/twitter.com\/Senoticias\" target=\"_blank\" rel=\"noopener\"><b>Twitter<\/b><\/a><strong>,<\/strong><span class=\"apple-converted-space\"><b>\u00a0<\/b><\/span><a href=\"https:\/\/www.facebook.com\/senoticias1\" target=\"_blank\" rel=\"noopener\"><b>Facebook<\/b><span class=\"apple-converted-space\"><b>\u00a0<\/b><\/span><\/a><strong>e no<\/strong><span class=\"apple-converted-space\"><b>\u00a0<\/b><\/span><a href=\"https:\/\/www.instagram.com\/senoticias\/\" target=\"_blank\" rel=\"noopener\"><b>Instagram<\/b><\/a><\/em><\/p>\n","protected":false},"excerpt":{"rendered":"<p>Faltam poucas horas para darmos in\u00edcio ao maior S\u00e3o Pedro do Brasil e o p\u00fablico j\u00e1 come\u00e7a a se planejar para estar neste s\u00e1bado, 02, na abertura do Forr\u00f3 Siri 2018, na sede do munic\u00edpio. E o que mais atrai o p\u00fablico \u00e9 a diversidade das atra\u00e7\u00f5es que v\u00e3o abrilhantar o evento este ano, levando [&hellip;]<\/p>\n","protected":false},"author":6552,"featured_media":113402,"comment_status":"closed","ping_status":"closed","sticky":false,"template":"","format":"standard","meta":{"footnotes":""},"categories":[21],"tags":[10010,10009,1913,10011,10008],"class_list":{"0":"post-113401","1":"post","2":"type-post","3":"status-publish","4":"format-standard","5":"has-post-thumbnail","7":"category-entretenimento","8":"tag-abertura-do-forro-siri-2018","9":"tag-forro-siri-2018","10":"tag-padre-inaldo","11":"tag-prefeito-de-socorro","12":"tag-sao-pedro-de-nossa-senhora-do-socorro"},"_links":{"self":[{"href":"https:\/\/senoticias.com.br\/se\/wp-json\/wp\/v2\/posts\/113401"}],"collection":[{"href":"https:\/\/senoticias.com.br\/se\/wp-json\/wp\/v2\/posts"}],"about":[{"href":"https:\/\/senoticias.com.br\/se\/wp-json\/wp\/v2\/types\/post"}],"author":[{"embeddable":true,"href":"https:\/\/senoticias.com.br\/se\/wp-json\/wp\/v2\/users\/6552"}],"replies":[{"embeddable":true,"href":"https:\/\/senoticias.com.br\/se\/wp-json\/wp\/v2\/comments?post=113401"}],"version-history":[{"count":0,"href":"https:\/\/senoticias.com.br\/se\/wp-json\/wp\/v2\/posts\/113401\/revisions"}],"wp:featuredmedia":[{"embeddable":true,"href":"https:\/\/senoticias.com.br\/se\/wp-json\/wp\/v2\/media\/113402"}],"wp:attachment":[{"href":"https:\/\/senoticias.com.br\/se\/wp-json\/wp\/v2\/media?parent=113401"}],"wp:term":[{"taxonomy":"category","embeddable":true,"href":"https:\/\/senoticias.com.br\/se\/wp-json\/wp\/v2\/categories?post=113401"},{"taxonomy":"post_tag","embeddable":true,"href":"https:\/\/senoticias.com.br\/se\/wp-json\/wp\/v2\/tags?post=113401"}],"curies":[{"name":"wp","href":"https:\/\/api.w.org\/{rel}","templated":true}]}}