{"id":113333,"date":"2018-05-29T15:54:53","date_gmt":"2018-05-29T18:54:53","guid":{"rendered":"https:\/\/senoticias.com.br\/se\/?p=113333"},"modified":"2018-05-29T15:54:53","modified_gmt":"2018-05-29T18:54:53","slug":"nove-pessoas-sao-presas-e-165kg-de-drogas-apreendidas-na-operacao-xeque-mate","status":"publish","type":"post","link":"https:\/\/senoticias.com.br\/se\/nove-pessoas-sao-presas-e-165kg-de-drogas-apreendidas-na-operacao-xeque-mate\/","title":{"rendered":"Nove pessoas s\u00e3o presas e 165kg de drogas apreendidas na Opera\u00e7\u00e3o Xeque-Mate"},"content":{"rendered":"<p style=\"text-align: justify\"><span style=\"color: #000000\">Na manh\u00e3 desta ter\u00e7a-feira, 29, foi realizado no Departamento de Narc\u00f3ticos da Pol\u00edcia Civil (Denarc), uma coletiva de imprensa onde foram divulgados detalhes sobre o conjunto de opera\u00e7\u00f5es que resultou na localiza\u00e7\u00e3o do corpo de Luan Anderson da Silva e na desarticula\u00e7\u00e3o de associa\u00e7\u00e3o criminosa com envolvimento no tr\u00e1fico de drogas.<\/span><\/p>\n<p style=\"text-align: justify\"><span style=\"color: #000000\">No total, nove pessoas foram presos. S\u00e3o elas: Alessandro Magno da Silva; Celso Bernadino Rodriguez; Gabriel Henrique da Silva; Isaque Magno OLiveira Matos, vulgo &#8220;Obama&#8221;; Laio Herico Campos dos Santos, vulgo &#8220;Les\u00e3o da leste&#8221;; Leonel Bertoldo dos Santos, vulgo &#8220;Velho&#8221;; Luan Oliveira Rocha, popularmente conhecido como &#8220;Japa&#8221;; Rodrigo dos Anjos Guimar\u00e3es; e Vin\u00edcius Santos da Silva, vulgo &#8220;Overa&#8221;.<\/span><\/p>\n<div id=\"attachment_113334\" style=\"width: 609px\" class=\"wp-caption aligncenter\"><a href=\"https:\/\/senoticias.com.br\/se\/wp-content\/uploads\/2018\/05\/presos-ssp-SENOTICIAS-e1527619947598.png\"><img loading=\"lazy\" decoding=\"async\" aria-describedby=\"caption-attachment-113334\" class=\"wp-image-113334 size-full\" src=\"https:\/\/senoticias.com.br\/se\/wp-content\/uploads\/2018\/05\/presos-ssp-SENOTICIAS-e1527619947598.png\" alt=\"\" width=\"599\" height=\"386\" \/><\/a><p id=\"caption-attachment-113334\" class=\"wp-caption-text\">Foto: SSP<\/p><\/div>\n<p style=\"text-align: justify\"><span style=\"color: #000000\">De acordo com o delegado Andr\u00e9 Baronto, respons\u00e1vel pelo caso, a Opera\u00e7\u00e3o Xeque-Mate \u00e9 o resultado de diversas opera\u00e7\u00f5es realizadas no final de 2017. &#8220;Entre as a\u00e7\u00f5es, consta a apreens\u00e3o de 165 kg de drogas, al\u00e9m da identifica\u00e7\u00e3o de v\u00e1rias pr\u00e1ticas criminosas, como homic\u00eddios, roubos de ve\u00edculos, al\u00e9m de tr\u00e1fico de drogas&#8221;, disse.<\/span><\/p>\n<p style=\"text-align: justify\"><span style=\"color: #000000\">Entre as opera\u00e7\u00f5es deflagradas em 2017, est\u00e1 a Opera\u00e7\u00e3o Gamberi, que resultou na apreens\u00e3o de 100kg de maconha e na apreens\u00e3o de uma arma de fogo, no povoado Rua da Palha, em Santa Luzia do Itanhy. Na a\u00e7\u00e3o policial foram presos Celso Bernadino Rodrigues e Leonel Bertoldo dos Santos, o transportador e o distribuidor da droga, respectivamente.<\/span><\/p>\n<p style=\"text-align: justify\">\n<span style=\"color: #000000\">&#8220;Desde o ano passado trabalhamos nessa opera\u00e7\u00e3o fazendo opera\u00e7\u00f5es menores, prendendo alguns indiv\u00edduos, apreendendo material entorpecente, armas de fogo. S\u00e3o indiv\u00edduos extremamente perigosos, violentos, tanto \u00e9 que qualquer desaven\u00e7a que havia entre eles e outros criminosos, eles decidiam pela execu\u00e7\u00e3o, por isso n\u00f3s temos alguns homic\u00eddios elucidados durante a investiga\u00e7\u00e3o. Esse material de prova n\u00f3s vamos enviar para o Departamento de Homic\u00eddio e Prote\u00e7\u00e3o \u00e0 Pessoa (DHPP) para que eles continuem as investiga\u00e7\u00f5es&#8221;, destacou o delegado.<\/span><\/p>\n<p style=\"text-align: justify\">\n<span style=\"color: #000000\">No dia 19 de outubro do ano passado foi realizada a Opera\u00e7\u00e3o Quarteto. A a\u00e7\u00e3o policial envolveu equipes de quatro Estados, incluindo Sergipe. Aqui foram apreendidos 55kg de maconha e outra arma de fogo. &#8220;Desde o in\u00edcio a investiga\u00e7\u00e3o corria apenas pelo Denarc, mas tivemos a brilhante participa\u00e7\u00e3o da Divis\u00e3o de Intelig\u00eancia e durante a investiga\u00e7\u00e3o algumas pris\u00f5es foram realizadas pela Pol\u00edcia Militar. Ent\u00e3o o trabalho integrado entre Pol\u00edcia Civil e Pol\u00edcia Militar vem dando certo, trazendo resultados positivos para a elucida\u00e7\u00e3o dos crimes&#8221;, afirmou Andr\u00e9 Baronto. Durante a opera\u00e7\u00e3o, Fl\u00e1vio Nunes da Costa entrou em confronto com a pol\u00edcia, foi socorrido, mas veio a \u00f3bito logo em seguida.<\/span><\/p>\n<p>&nbsp;<\/p>\n<p>&nbsp;<\/p>\n<p><a href=\"https:\/\/senoticias.com.br\/se\/wp-content\/uploads\/2018\/05\/Logomarca-fone-SE-4-2-1-1.jpg\"><img loading=\"lazy\" decoding=\"async\" class=\"aligncenter wp-image-113061 size-full\" src=\"https:\/\/senoticias.com.br\/se\/wp-content\/uploads\/2018\/05\/Logomarca-fone-SE-4-2-1-1.jpg\" alt=\"\" width=\"599\" height=\"78\" srcset=\"https:\/\/senoticias.com.br\/se\/wp-content\/uploads\/2018\/05\/Logomarca-fone-SE-4-2-1-1.jpg 599w, https:\/\/senoticias.com.br\/se\/wp-content\/uploads\/2018\/05\/Logomarca-fone-SE-4-2-1-1-300x39.jpg 300w\" sizes=\"(max-width: 599px) 100vw, 599px\" \/><\/a><\/p>\n<p>Por SSP\/SE<\/p>\n<p><em><strong>Acompanhe tamb\u00e9m o SE Not\u00edcias no<\/strong><span class=\"apple-converted-space\"><b>\u00a0<\/b><\/span><a href=\"https:\/\/twitter.com\/Senoticias\" target=\"_blank\" rel=\"noopener\"><b>Twitter<\/b><\/a><strong>,<\/strong><span class=\"apple-converted-space\"><b>\u00a0<\/b><\/span><a href=\"https:\/\/www.facebook.com\/senoticias1\" target=\"_blank\" rel=\"noopener\"><b>Facebook<\/b><span class=\"apple-converted-space\"><b>\u00a0<\/b><\/span><\/a><strong>e no<\/strong><span class=\"apple-converted-space\"><b>\u00a0<\/b><\/span><a href=\"https:\/\/www.instagram.com\/senoticias\/\" target=\"_blank\" rel=\"noopener\"><b>Instagram<\/b><\/a><\/em><\/p>\n","protected":false},"excerpt":{"rendered":"<p>Na manh\u00e3 desta ter\u00e7a-feira, 29, foi realizado no Departamento de Narc\u00f3ticos da Pol\u00edcia Civil (Denarc), uma coletiva de imprensa onde foram divulgados detalhes sobre o conjunto de opera\u00e7\u00f5es que resultou na localiza\u00e7\u00e3o do corpo de Luan Anderson da Silva e na desarticula\u00e7\u00e3o de associa\u00e7\u00e3o criminosa com envolvimento no tr\u00e1fico de drogas. No total, nove pessoas [&hellip;]<\/p>\n","protected":false},"author":6553,"featured_media":0,"comment_status":"closed","ping_status":"closed","sticky":false,"template":"","format":"standard","meta":{"footnotes":""},"categories":[15,7],"tags":[2953,339,2497,9975,1303,223,9976],"class_list":{"0":"post-113333","1":"post","2":"type-post","3":"status-publish","4":"format-standard","6":"category-destaques","7":"category-policia","8":"tag-apreensao","9":"tag-aracaju","10":"tag-drogas","11":"tag-nove-pessoas","12":"tag-policia","13":"tag-sergipe","14":"tag-xeque-mate"},"_links":{"self":[{"href":"https:\/\/senoticias.com.br\/se\/wp-json\/wp\/v2\/posts\/113333"}],"collection":[{"href":"https:\/\/senoticias.com.br\/se\/wp-json\/wp\/v2\/posts"}],"about":[{"href":"https:\/\/senoticias.com.br\/se\/wp-json\/wp\/v2\/types\/post"}],"author":[{"embeddable":true,"href":"https:\/\/senoticias.com.br\/se\/wp-json\/wp\/v2\/users\/6553"}],"replies":[{"embeddable":true,"href":"https:\/\/senoticias.com.br\/se\/wp-json\/wp\/v2\/comments?post=113333"}],"version-history":[{"count":0,"href":"https:\/\/senoticias.com.br\/se\/wp-json\/wp\/v2\/posts\/113333\/revisions"}],"wp:attachment":[{"href":"https:\/\/senoticias.com.br\/se\/wp-json\/wp\/v2\/media?parent=113333"}],"wp:term":[{"taxonomy":"category","embeddable":true,"href":"https:\/\/senoticias.com.br\/se\/wp-json\/wp\/v2\/categories?post=113333"},{"taxonomy":"post_tag","embeddable":true,"href":"https:\/\/senoticias.com.br\/se\/wp-json\/wp\/v2\/tags?post=113333"}],"curies":[{"name":"wp","href":"https:\/\/api.w.org\/{rel}","templated":true}]}}