{"id":113327,"date":"2018-05-29T15:48:50","date_gmt":"2018-05-29T18:48:50","guid":{"rendered":"https:\/\/senoticias.com.br\/se\/?p=113327"},"modified":"2018-06-01T07:32:17","modified_gmt":"2018-06-01T10:32:17","slug":"morre-aos-82-anos-o-ex-prefeito-de-aracaju-jose-carlos-teixeira","status":"publish","type":"post","link":"https:\/\/senoticias.com.br\/se\/morre-aos-82-anos-o-ex-prefeito-de-aracaju-jose-carlos-teixeira\/","title":{"rendered":"Morre, aos 82 anos, o ex-prefeito de Aracaju Jos\u00e9 Carlos Teixeira"},"content":{"rendered":"<p style=\"text-align: justify;\">O pol\u00edtico e estudioso Jos\u00e9 Carlos Mesquita Teixeira, 82 anos, morreu nesta ter\u00e7a-feira, 29. Ele vinha enfrentando um grave problema de sa\u00fade e se encontrava assistido em casa num home care. Nos \u00faltimos dias ele piorou necessitando de bal\u00e3o de oxig\u00eanio.<\/p>\n<div id=\"attachment_113330\" style=\"width: 609px\" class=\"wp-caption aligncenter\"><a href=\"https:\/\/senoticias.com.br\/se\/wp-content\/uploads\/2018\/05\/10494748_563717170399351_8759146629597855661_n-e1527618690118.jpg\"><img loading=\"lazy\" decoding=\"async\" aria-describedby=\"caption-attachment-113330\" class=\"size-full wp-image-113330\" src=\"https:\/\/senoticias.com.br\/se\/wp-content\/uploads\/2018\/05\/10494748_563717170399351_8759146629597855661_n-e1527618690118.jpg\" alt=\"\" width=\"599\" height=\"478\" \/><\/a><p id=\"caption-attachment-113330\" class=\"wp-caption-text\">Jos\u00e9 Carlos Mesquita Teixeira, deixa esposa e cinco filhas (foto: C\u00e9sar de Oliveira\/arquivo)<\/p><\/div>\n<p><strong>Vel\u00f3rio<\/strong><\/p>\n<p>O corpo est\u00e1 sendo velado no museu pal\u00e1cio Olympio Campos e o sepultamento ser\u00e1 nesta quarta-feira (30), \u00e0s 10 horas, na Colina da Saudade.<\/p>\n<p style=\"text-align: justify;\"><strong>Sobre Jos\u00e9 Carlos Teixeira<\/strong><\/p>\n<p style=\"text-align: justify;\">Cinco anos ap\u00f3s sua formatura, Jos\u00e9 Carlos enveredou pela pol\u00edtica e em 1962 foi eleito deputado federal pelo PSD sendo um dos poucos membros da legenda a fazer oposi\u00e7\u00e3o ao Regime Militar de 1964 ingressando no MDB, partido do qual foi um dos fundadores e primeiro presidente da legenda em Sergipe (1966-1975). Reeleito em 1966, n\u00e3o logrou \u00eaxito na disputa por um novo mandato em 1970, mas atuou como membro do Conselho Nacional de Telecomunica\u00e7\u00f5es (CONTEL).<\/p>\n<p style=\"text-align: justify;\">Reeleito deputado federal em 1974, foi vice-presidente do Sindicato das Ind\u00fastrias Gr\u00e1ficas, vice-presidente (1974-1976) e diretor da Federa\u00e7\u00e3o das Ind\u00fastrias do Distrito Federal (1979-1982) e presidente do Instituto de Previd\u00eancia dos Congressistas (IPC) entre 1977 e 1978. Em 1978 foi candidato a senador sendo derrotado por Passos Porto, da ARENA.<\/p>\n<p style=\"text-align: justify;\">Com o retorno do pluripartidarismo foi um dos fundadores e primeiro presidente do PMDB em seu estado e conquistou seu quarto mandato de deputado federal em 1982. Encerrado o ciclo de governos militares, foi nomeado prefeito de Aracaju pelo governador Jo\u00e3o Alves Filho exercendo o mandato entre 30 de maio de 1985 e 1\u00ba de janeiro de 1986 quando transmitiu o cargo ao seu correligion\u00e1rio Jackson Barreto, o primeiro prefeito da cidade eleito pelo voto popular ap\u00f3s vinte anos.<\/p>\n<p>Nas elei\u00e7\u00f5es de 15 de novembro de 1986 foi o \u00fanico dos vinte e tr\u00eas candidatos a governador do PMDB a n\u00e3o vencer as elei\u00e7\u00f5es visto que os sergipanos elegeram o pefelista Ant\u00f4nio Carlos Valadares. Findo o seu mandato parlamentar foi nomeado Diretor de Capta\u00e7\u00e3o da Caixa Econ\u00f4mica Federal (1987-1989) pelo presidente Jos\u00e9 Sarney. Em 1990 foi eleito vice-governador de Sergipe na chapa que reconduziu Jo\u00e3o Alves Filho ao governo.<\/p>\n<p>Ele tamb\u00e9m foi secret\u00e1rio de Cultura em 2003 no governo de Jo\u00e3o Alves Filho e um dos fundadores da Sociedade de Cultura Art\u00edstica de Sergipe (SCAS).<\/p>\n<p><em>Com informa\u00e7\u00f5es do <a href=\"http:\/\/www.infonet.com.br\/noticias\/politica\/ler.asp?id=214370\">Portal<\/a> Infonet<\/em><\/p>\n<p>&nbsp;<\/p>\n<p><a href=\"https:\/\/senoticias.com.br\/se\/wp-content\/uploads\/2018\/05\/Logomarca-fone-SE-4-2-1-1.jpg\"><img loading=\"lazy\" decoding=\"async\" class=\"aligncenter size-full wp-image-113061\" src=\"https:\/\/senoticias.com.br\/se\/wp-content\/uploads\/2018\/05\/Logomarca-fone-SE-4-2-1-1.jpg\" alt=\"\" width=\"599\" height=\"78\" srcset=\"https:\/\/senoticias.com.br\/se\/wp-content\/uploads\/2018\/05\/Logomarca-fone-SE-4-2-1-1.jpg 599w, https:\/\/senoticias.com.br\/se\/wp-content\/uploads\/2018\/05\/Logomarca-fone-SE-4-2-1-1-300x39.jpg 300w\" sizes=\"(max-width: 599px) 100vw, 599px\" \/><\/a><\/p>\n<p>&nbsp;<\/p>\n<p><em><strong>Acompanhe tamb\u00e9m o SE Not\u00edcias no<\/strong><span class=\"apple-converted-space\"><b>\u00a0<\/b><\/span><a href=\"https:\/\/twitter.com\/Senoticias\" target=\"_blank\" rel=\"noopener\"><b>Twitter<\/b><\/a><strong>,<\/strong><span class=\"apple-converted-space\"><b>\u00a0<\/b><\/span><a href=\"https:\/\/www.facebook.com\/senoticias1\" target=\"_blank\" rel=\"noopener\"><b>Facebook<\/b><span class=\"apple-converted-space\"><b>\u00a0<\/b><\/span><\/a><strong>e no<\/strong><span class=\"apple-converted-space\"><b>\u00a0<\/b><\/span><a href=\"https:\/\/www.instagram.com\/senoticias\/\" target=\"_blank\" rel=\"noopener\"><b>Instagram<\/b><\/a><\/em><\/p>\n<p>&nbsp;<\/p>\n<p>&nbsp;<\/p>\n","protected":false},"excerpt":{"rendered":"<p>O pol\u00edtico e estudioso Jos\u00e9 Carlos Mesquita Teixeira, 82 anos, morreu nesta ter\u00e7a-feira, 29. Ele vinha enfrentando um grave problema de sa\u00fade e se encontrava assistido em casa num home care. Nos \u00faltimos dias ele piorou necessitando de bal\u00e3o de oxig\u00eanio. Vel\u00f3rio O corpo est\u00e1 sendo velado no museu pal\u00e1cio Olympio Campos e o sepultamento [&hellip;]<\/p>\n","protected":false},"author":6552,"featured_media":113330,"comment_status":"closed","ping_status":"closed","sticky":false,"template":"","format":"standard","meta":{"footnotes":""},"categories":[15,8],"tags":[9974,4210,9973],"class_list":{"0":"post-113327","1":"post","2":"type-post","3":"status-publish","4":"format-standard","5":"has-post-thumbnail","7":"category-destaques","8":"category-esporte-e-cultura","9":"tag-ex-deputado-federal","10":"tag-ex-prefeito","11":"tag-jose-carlos-teixeira"},"_links":{"self":[{"href":"https:\/\/senoticias.com.br\/se\/wp-json\/wp\/v2\/posts\/113327"}],"collection":[{"href":"https:\/\/senoticias.com.br\/se\/wp-json\/wp\/v2\/posts"}],"about":[{"href":"https:\/\/senoticias.com.br\/se\/wp-json\/wp\/v2\/types\/post"}],"author":[{"embeddable":true,"href":"https:\/\/senoticias.com.br\/se\/wp-json\/wp\/v2\/users\/6552"}],"replies":[{"embeddable":true,"href":"https:\/\/senoticias.com.br\/se\/wp-json\/wp\/v2\/comments?post=113327"}],"version-history":[{"count":0,"href":"https:\/\/senoticias.com.br\/se\/wp-json\/wp\/v2\/posts\/113327\/revisions"}],"wp:featuredmedia":[{"embeddable":true,"href":"https:\/\/senoticias.com.br\/se\/wp-json\/wp\/v2\/media\/113330"}],"wp:attachment":[{"href":"https:\/\/senoticias.com.br\/se\/wp-json\/wp\/v2\/media?parent=113327"}],"wp:term":[{"taxonomy":"category","embeddable":true,"href":"https:\/\/senoticias.com.br\/se\/wp-json\/wp\/v2\/categories?post=113327"},{"taxonomy":"post_tag","embeddable":true,"href":"https:\/\/senoticias.com.br\/se\/wp-json\/wp\/v2\/tags?post=113327"}],"curies":[{"name":"wp","href":"https:\/\/api.w.org\/{rel}","templated":true}]}}