{"id":113322,"date":"2018-05-29T14:45:34","date_gmt":"2018-05-29T17:45:34","guid":{"rendered":"https:\/\/senoticias.com.br\/se\/?p=113322"},"modified":"2018-05-29T14:48:14","modified_gmt":"2018-05-29T17:48:14","slug":"belivaldo-transfere-cargo-nesta-sexta-feira-1-de-junho","status":"publish","type":"post","link":"https:\/\/senoticias.com.br\/se\/belivaldo-transfere-cargo-nesta-sexta-feira-1-de-junho\/","title":{"rendered":"Belivaldo transfere cargo nesta sexta-feira, 1\u00b0 de junho"},"content":{"rendered":"<p style=\"text-align: justify\"><span style=\"color: #000000\">Por conta da continuidade da greve nacional dos caminhoneiros e a grave crise de desabastecimento de combusti\u0301veis que est\u00e1 afetando o Pa\u00eds, o governador Belivaldo Chagas adiou para sexta-feira, 1\u00b0 de junho, a viagem para S\u00e3o Paulo, onde far\u00e1 exames de revis\u00e3o de um procedimento cir\u00fargico realizado em abril de 2017. O governador reassume a fun\u00e7\u00e3o no dia 04 de junho.<\/span><\/p>\n<div id=\"attachment_61517\" style=\"width: 609px\" class=\"wp-caption aligncenter\"><a href=\"https:\/\/senoticias.com.br\/se\/wp-content\/uploads\/2014\/03\/n8225_1-e1471028335198.jpg\"><img loading=\"lazy\" decoding=\"async\" aria-describedby=\"caption-attachment-61517\" class=\"wp-image-61517 size-full\" src=\"https:\/\/senoticias.com.br\/se\/wp-content\/uploads\/2014\/03\/n8225_1-e1471028335198.jpg\" alt=\"\" width=\"599\" height=\"400\" \/><\/a><p id=\"caption-attachment-61517\" class=\"wp-caption-text\">(Foto: Jos\u00e9 Santana Filho)<\/p><\/div>\n<p style=\"text-align: justify\"><span style=\"color: #000000\">Em abril de 2017, Belivaldo retirou tr\u00eas sinais de carcinoma basocelulares benignos e deveria ter se submetido a exames revisionais de rotina ap\u00f3s seis meses, o que n\u00e3o ocorreu. Agora, passado pouco mais de um ano, ele ir\u00e1 realizar o exame denominado \u2018Dermatoscopia Digital do corpo total\u2019, em S\u00e3o Paulo, pois esse procedimento n\u00e3o \u00e9 realizado em Sergipe.<\/span><\/p>\n<p style=\"text-align: justify\"><span style=\"color: #000000\">Durante esse per\u00edodo, assume interinamente a administra\u00e7\u00e3o estadual o presidente do Tribunal de Justi\u00e7a de Sergipe, o desembargador Cez\u00e1rio Siqueira Neto, j\u00e1 que o presidente da Assembleia Legislativa, Luciano Bispo, n\u00e3o poder\u00e1 assumir o comando do Executivo Estadual por motivos eleitorais.<\/span><\/p>\n<p style=\"text-align: justify\"><span style=\"color: #000000\">A transfer\u00eancia de cargo acontecer\u00e1 as 15h, no Pal\u00e1cio dos Despachos.<\/span><\/p>\n<p>&nbsp;<\/p>\n<p><a href=\"https:\/\/senoticias.com.br\/se\/wp-content\/uploads\/2018\/05\/Logomarca-fone-SE-4-2-1-1.jpg\"><img loading=\"lazy\" decoding=\"async\" class=\"aligncenter wp-image-113061 size-full\" src=\"https:\/\/senoticias.com.br\/se\/wp-content\/uploads\/2018\/05\/Logomarca-fone-SE-4-2-1-1.jpg\" alt=\"\" width=\"599\" height=\"78\" srcset=\"https:\/\/senoticias.com.br\/se\/wp-content\/uploads\/2018\/05\/Logomarca-fone-SE-4-2-1-1.jpg 599w, https:\/\/senoticias.com.br\/se\/wp-content\/uploads\/2018\/05\/Logomarca-fone-SE-4-2-1-1-300x39.jpg 300w\" sizes=\"(max-width: 599px) 100vw, 599px\" \/><\/a><\/p>\n<p><em><strong>Acompanhe tamb\u00e9m o SE Not\u00edcias no<\/strong><span class=\"apple-converted-space\"><b>\u00a0<\/b><\/span><a href=\"https:\/\/twitter.com\/Senoticias\" target=\"_blank\" rel=\"noopener\"><b>Twitter<\/b><\/a><strong>,<\/strong><span class=\"apple-converted-space\"><b>\u00a0<\/b><\/span><a href=\"https:\/\/www.facebook.com\/senoticias1\" target=\"_blank\" rel=\"noopener\"><b>Facebook<\/b><span class=\"apple-converted-space\"><b>\u00a0<\/b><\/span><\/a><strong>e no<\/strong><span class=\"apple-converted-space\"><b>\u00a0<\/b><\/span><a href=\"https:\/\/www.instagram.com\/senoticias\/\" target=\"_blank\" rel=\"noopener\"><b>Instagram<\/b><\/a><\/em><\/p>\n<p>Por ASN<\/p>\n<p>&nbsp;<\/p>\n","protected":false},"excerpt":{"rendered":"<p>Por conta da continuidade da greve nacional dos caminhoneiros e a grave crise de desabastecimento de combusti\u0301veis que est\u00e1 afetando o Pa\u00eds, o governador Belivaldo Chagas adiou para sexta-feira, 1\u00b0 de junho, a viagem para S\u00e3o Paulo, onde far\u00e1 exames de revis\u00e3o de um procedimento cir\u00fargico realizado em abril de 2017. O governador reassume a [&hellip;]<\/p>\n","protected":false},"author":6553,"featured_media":0,"comment_status":"closed","ping_status":"closed","sticky":false,"template":"","format":"standard","meta":{"footnotes":""},"categories":[15,6],"tags":[3565,7704,2002,2168,1304,223],"class_list":{"0":"post-113322","1":"post","2":"type-post","3":"status-publish","4":"format-standard","6":"category-destaques","7":"category-politica","8":"tag-belivaldo","9":"tag-cargo","10":"tag-governo","11":"tag-politica","12":"tag-saude","13":"tag-sergipe"},"_links":{"self":[{"href":"https:\/\/senoticias.com.br\/se\/wp-json\/wp\/v2\/posts\/113322"}],"collection":[{"href":"https:\/\/senoticias.com.br\/se\/wp-json\/wp\/v2\/posts"}],"about":[{"href":"https:\/\/senoticias.com.br\/se\/wp-json\/wp\/v2\/types\/post"}],"author":[{"embeddable":true,"href":"https:\/\/senoticias.com.br\/se\/wp-json\/wp\/v2\/users\/6553"}],"replies":[{"embeddable":true,"href":"https:\/\/senoticias.com.br\/se\/wp-json\/wp\/v2\/comments?post=113322"}],"version-history":[{"count":0,"href":"https:\/\/senoticias.com.br\/se\/wp-json\/wp\/v2\/posts\/113322\/revisions"}],"wp:attachment":[{"href":"https:\/\/senoticias.com.br\/se\/wp-json\/wp\/v2\/media?parent=113322"}],"wp:term":[{"taxonomy":"category","embeddable":true,"href":"https:\/\/senoticias.com.br\/se\/wp-json\/wp\/v2\/categories?post=113322"},{"taxonomy":"post_tag","embeddable":true,"href":"https:\/\/senoticias.com.br\/se\/wp-json\/wp\/v2\/tags?post=113322"}],"curies":[{"name":"wp","href":"https:\/\/api.w.org\/{rel}","templated":true}]}}