{"id":113273,"date":"2018-05-27T20:14:50","date_gmt":"2018-05-27T23:14:50","guid":{"rendered":"https:\/\/senoticias.com.br\/se\/?p=113273"},"modified":"2018-05-27T20:33:52","modified_gmt":"2018-05-27T23:33:52","slug":"orgaos-da-prefeitura-de-sao-cristovao-e-escolas-municipais-funcionam-normalmente-nesta-segunda-feira","status":"publish","type":"post","link":"https:\/\/senoticias.com.br\/se\/orgaos-da-prefeitura-de-sao-cristovao-e-escolas-municipais-funcionam-normalmente-nesta-segunda-feira\/","title":{"rendered":"\u00d3rg\u00e3os da Prefeitura de S\u00e3o Crist\u00f3v\u00e3o funcionam normalmente nesta segunda-feira"},"content":{"rendered":"<p style=\"text-align: justify;\">As reparti\u00e7\u00f5es p\u00fablicas municipais do munic\u00edpio de S\u00e3o Crist\u00f3v\u00e3o devem funcionar normalmente nesta segunda-feira (28), mesmo com a paralisa\u00e7\u00e3o dos caminhoneiros ocorrendo em todo pa\u00eds. Segundo a Secret\u00e1ria Municipal de Governo e Rela\u00e7\u00f5es comunit\u00e1rias, Paola Santana, n\u00e3o haver\u00e1 interrup\u00e7\u00e3o de servi\u00e7os essenciais \u00e0 popula\u00e7\u00e3o.<\/p>\n<p style=\"text-align: justify;\"><strong>Educa\u00e7\u00e3o e Sa\u00fade<\/strong><\/p>\n<p style=\"text-align: justify;\">O esquema emergencial montado para assegurar o atendimento da Urg\u00eancia 24 horas em S\u00e3o Crist\u00f3v\u00e3o neste fim de semana est\u00e1 funcionando dentro da normalidade atendendo pacientes. As aulas nas 40 unidades municipais de ensino est\u00e3o mantidas.<\/p>\n<div id=\"attachment_113275\" style=\"width: 609px\" class=\"wp-caption aligncenter\"><a href=\"https:\/\/senoticias.com.br\/se\/wp-content\/uploads\/2018\/05\/b3e67e38-2147-49cc-8a28-f2db728f4d54-e1527463857715.jpg\"><img loading=\"lazy\" decoding=\"async\" aria-describedby=\"caption-attachment-113275\" class=\"size-full wp-image-113275\" src=\"https:\/\/senoticias.com.br\/se\/wp-content\/uploads\/2018\/05\/b3e67e38-2147-49cc-8a28-f2db728f4d54-e1527463857715.jpg\" alt=\"\" width=\"599\" height=\"449\" \/><\/a><p id=\"caption-attachment-113275\" class=\"wp-caption-text\">As aulas nas unidades municipais de ensino est\u00e3o mantidas normalmente (foto: SE Not\u00edcias)<\/p><\/div>\n<p style=\"text-align: justify;\">A Secretaria Municipal de Servi\u00e7os Urbanos tamb\u00e9m manter\u00e1 os servi\u00e7os de coleta de lixo e limpeza urbana.<\/p>\n<p><strong>Hor\u00e1rio de expediente<\/strong><\/p>\n<p>O expediente nas reparti\u00e7\u00f5es da Prefeitura de S\u00e3o Crist\u00f3v\u00e3o \u00e9 de 8 as 14h.<\/p>\n<p><strong>Escolas do Estado estar\u00e3o fechadas<\/strong><\/p>\n<p style=\"text-align: justify;\">O governador Belivaldo Chagas convocou, na tarde de sexta-feira (25), uma reuni\u00e3o de emerg\u00eancia com os secret\u00e1rios estaduais e decretou Situa\u00e7\u00e3o de Emerg\u00eancia no Estado de Sergipe. O objetivo da medida, realizada em reuni\u00e3o no Pal\u00e1cio de Despachos, foi a de deliberar as provid\u00eancias necess\u00e1rias que garantam o fornecimento de servi\u00e7os essenciais, como de Sa\u00fade e de Seguran\u00e7a P\u00fablica.<\/p>\n<p style=\"text-align: justify;\">A primeira medida anunciada pelo governador foi a suspendo das aulas na rede estadual na segunda-feira (28).<\/p>\n<p><em><strong>Reda\u00e7\u00e3o SE Not\u00edcias<\/strong><\/em><\/p>\n<p><a href=\"https:\/\/senoticias.com.br\/se\/wp-content\/uploads\/2018\/05\/Logomarca-fone-SE-4-2-1-1.jpg\"><img loading=\"lazy\" decoding=\"async\" class=\"aligncenter size-full wp-image-113061\" src=\"https:\/\/senoticias.com.br\/se\/wp-content\/uploads\/2018\/05\/Logomarca-fone-SE-4-2-1-1.jpg\" alt=\"\" width=\"599\" height=\"78\" srcset=\"https:\/\/senoticias.com.br\/se\/wp-content\/uploads\/2018\/05\/Logomarca-fone-SE-4-2-1-1.jpg 599w, https:\/\/senoticias.com.br\/se\/wp-content\/uploads\/2018\/05\/Logomarca-fone-SE-4-2-1-1-300x39.jpg 300w\" sizes=\"(max-width: 599px) 100vw, 599px\" \/><\/a><\/p>\n<p>&nbsp;<\/p>\n<p><em><strong>Acompanhe tamb\u00e9m o SE Not\u00edcias no<\/strong><span class=\"apple-converted-space\"><b>\u00a0<\/b><\/span><a href=\"https:\/\/twitter.com\/Senoticias\" target=\"_blank\" rel=\"noopener\"><b>Twitter<\/b><\/a><strong>,<\/strong><span class=\"apple-converted-space\"><b>\u00a0<\/b><\/span><a href=\"https:\/\/www.facebook.com\/senoticias1\" target=\"_blank\" rel=\"noopener\"><b>Facebook<\/b><span class=\"apple-converted-space\"><b>\u00a0<\/b><\/span><\/a><strong>e no<\/strong><span class=\"apple-converted-space\"><b>\u00a0<\/b><\/span><a href=\"https:\/\/www.instagram.com\/senoticias\/\" target=\"_blank\" rel=\"noopener\"><b>Instagram<\/b><\/a><\/em><\/p>\n","protected":false},"excerpt":{"rendered":"<p>As reparti\u00e7\u00f5es p\u00fablicas municipais do munic\u00edpio de S\u00e3o Crist\u00f3v\u00e3o devem funcionar normalmente nesta segunda-feira (28), mesmo com a paralisa\u00e7\u00e3o dos caminhoneiros ocorrendo em todo pa\u00eds. Segundo a Secret\u00e1ria Municipal de Governo e Rela\u00e7\u00f5es comunit\u00e1rias, Paola Santana, n\u00e3o haver\u00e1 interrup\u00e7\u00e3o de servi\u00e7os essenciais \u00e0 popula\u00e7\u00e3o. Educa\u00e7\u00e3o e Sa\u00fade O esquema emergencial montado para assegurar o atendimento [&hellip;]<\/p>\n","protected":false},"author":6552,"featured_media":113275,"comment_status":"closed","ping_status":"closed","sticky":false,"template":"","format":"standard","meta":{"footnotes":""},"categories":[15,38,1],"tags":[9952,9951,4589,81],"class_list":{"0":"post-113273","1":"post","2":"type-post","3":"status-publish","4":"format-standard","5":"has-post-thumbnail","7":"category-destaques","8":"category-municipios","9":"category-sem-categoria","10":"tag-horario-de-expediente","11":"tag-orgaos-da-prefeitura-funcionam","12":"tag-prefeito-marcos-santana","13":"tag-prefeitura-de-sao-cristovao"},"_links":{"self":[{"href":"https:\/\/senoticias.com.br\/se\/wp-json\/wp\/v2\/posts\/113273"}],"collection":[{"href":"https:\/\/senoticias.com.br\/se\/wp-json\/wp\/v2\/posts"}],"about":[{"href":"https:\/\/senoticias.com.br\/se\/wp-json\/wp\/v2\/types\/post"}],"author":[{"embeddable":true,"href":"https:\/\/senoticias.com.br\/se\/wp-json\/wp\/v2\/users\/6552"}],"replies":[{"embeddable":true,"href":"https:\/\/senoticias.com.br\/se\/wp-json\/wp\/v2\/comments?post=113273"}],"version-history":[{"count":0,"href":"https:\/\/senoticias.com.br\/se\/wp-json\/wp\/v2\/posts\/113273\/revisions"}],"wp:featuredmedia":[{"embeddable":true,"href":"https:\/\/senoticias.com.br\/se\/wp-json\/wp\/v2\/media\/113275"}],"wp:attachment":[{"href":"https:\/\/senoticias.com.br\/se\/wp-json\/wp\/v2\/media?parent=113273"}],"wp:term":[{"taxonomy":"category","embeddable":true,"href":"https:\/\/senoticias.com.br\/se\/wp-json\/wp\/v2\/categories?post=113273"},{"taxonomy":"post_tag","embeddable":true,"href":"https:\/\/senoticias.com.br\/se\/wp-json\/wp\/v2\/tags?post=113273"}],"curies":[{"name":"wp","href":"https:\/\/api.w.org\/{rel}","templated":true}]}}