{"id":113266,"date":"2018-05-27T15:15:19","date_gmt":"2018-05-27T18:15:19","guid":{"rendered":"https:\/\/senoticias.com.br\/se\/?p=113266"},"modified":"2018-05-27T15:15:19","modified_gmt":"2018-05-27T18:15:19","slug":"comandante-do-exercito-afirma-que-ordem-e-negociar-para-evitar-conflitos-na-paralisacao-dos-caminhoneiros","status":"publish","type":"post","link":"https:\/\/senoticias.com.br\/se\/comandante-do-exercito-afirma-que-ordem-e-negociar-para-evitar-conflitos-na-paralisacao-dos-caminhoneiros\/","title":{"rendered":"Comandante do Ex\u00e9rcito afirma que ordem \u00e9 negociar para &#8216;evitar conflitos&#8217; na paralisa\u00e7\u00e3o dos caminhoneiros"},"content":{"rendered":"<p style=\"text-align: justify;\">O comandante do Ex\u00e9rcito, general Eduardo Villas B\u00f4as, afirmou neste domingo (27) pelo Twitter que a \u201cdiretriz operacional\u201d para atua\u00e7\u00e3o de militares no desbloqueio de rodovias \u00e9 negociar para \u201cevitar conflitos\u201d.<\/p>\n<p style=\"text-align: justify;\">A paralisa\u00e7\u00e3o de caminhoneiros contra a alta do pre\u00e7o do diesel chegou ao s\u00e9timo dia neste domingo. O governo tenta fechar um novo acordo com a categoria para encerrar o bloqueio de rodovias.<\/p>\n<div id=\"attachment_113267\" style=\"width: 609px\" class=\"wp-caption aligncenter\"><a href=\"https:\/\/senoticias.com.br\/se\/wp-content\/uploads\/2018\/05\/villas-boas-e1527444654583.jpg\"><img loading=\"lazy\" decoding=\"async\" aria-describedby=\"caption-attachment-113267\" class=\"size-full wp-image-113267\" src=\"https:\/\/senoticias.com.br\/se\/wp-content\/uploads\/2018\/05\/villas-boas-e1527444654583.jpg\" alt=\"\" width=\"599\" height=\"398\" \/><\/a><p id=\"caption-attachment-113267\" class=\"wp-caption-text\">O comandante do Ex\u00e9rcito, general Eduardo Villas B\u00f4as, diz que atua\u00e7\u00e3o de militares no desbloqueio de rodovias \u00e9 negociar para \u201cevitar conflitos\u201d (foto: Geraldo Magela\/Ag\u00eancia Senado)<\/p><\/div>\n<p style=\"text-align: justify;\">\u201cDesejamos, o mais r\u00e1pido poss\u00edvel, a solu\u00e7\u00e3o desse desafio, a fim de mitigar as dificuldades crescentes da popula\u00e7\u00e3o. \u201cReafirmamos como diretriz operacional o foco no bem-estar social e na perene negocia\u00e7\u00e3o para evitar conflitos entre os atores diretamente envolvidos\u201d, escreveu o general.<\/p>\n<p style=\"text-align: justify;\">Villas B\u00f4as informou pela rede social que se reuniu na sala do alto comando do Ex\u00e9rcito com o ministro da Defesa, general Joaquim Silva e Luna, e outros militares para uma v\u00eddeo-confer\u00eancia com respons\u00e1veis por \u00e1reas de atua\u00e7\u00e3o na \u201csolu\u00e7\u00e3o da \u2018greve dos caminhoneiros\u2019.<\/p>\n<p style=\"text-align: justify;\">O presidente Michel Temer assinou na sexta (25) decreto de Garantia da Lei e da Ordem (GLO), que alcan\u00e7a todo o territ\u00f3rio nacional, com validade at\u00e9 4 de junho. O decreto permitiu que Ex\u00e9rcito, Marinha e Aeron\u00e1utica atuem para desobstruir rodovias pelo pa\u00eds.<\/p>\n<p style=\"text-align: justify;\">No s\u00e1bado (27), Temer assinou um outro decreto, que permite ao governo assumir o controle de caminh\u00f5es para liberar as rodovias. A medida \u00e9 chamada de requisi\u00e7\u00e3o de bens.<\/p>\n<p style=\"text-align: justify;\">O segundo decreto de Temer estabelece: &#8220;Fica autorizada a requisi\u00e7\u00e3o, pelas autoridades envolvidas nas a\u00e7\u00f5es de desobstru\u00e7\u00e3o de vias p\u00fablicas determinadas pelo Decreto n\u00ba 9.382, de 25 de maio de 2018, dos ve\u00edculos particulares necess\u00e1rios ao transporte rodovi\u00e1rio de cargas consideradas essenciais.&#8221;<\/p>\n<p style=\"text-align: justify;\">A requisi\u00e7\u00e3o de bens \u00e9 amparada no artigo 5\u00ba da Constitui\u00e7\u00e3o, inciso XXV, que prev\u00ea que &#8220;no caso de iminente perigo p\u00fablico, a autoridade competente poder\u00e1 usar de propriedade particular, assegurada ao propriet\u00e1rio indeniza\u00e7\u00e3o ulterior, se houver dano&#8221;.<\/p>\n<p style=\"text-align: justify;\">Mais cedo, o secret\u00e1rio nacional de Seguran\u00e7a P\u00fablica, general Carlos Alberto Santos Cruz, afirmou que \u201cn\u00e3o existe o m\u00ednimo risco\u201d de militares cometerem erros ao assumirem o controle de caminh\u00f5es para liberar as rodovias.<\/p>\n<p style=\"text-align: justify;\">\u201cN\u00e3o existe o m\u00ednimo risco de cometer qualquer erro, qualquer coisa fora da lei\u201d, disse o general.<\/p>\n<p style=\"text-align: justify;\">Santos Cruz participou de uma reuni\u00e3o no Planalto do gabinete criado por Temer para monitorar os efeitos da greve e buscar uma solu\u00e7\u00e3o para a crise de abastecimento.<\/p>\n<p style=\"text-align: justify;\"><strong>Tentativa de acordo<\/strong><\/p>\n<p>Neste domingo (27), Temer voltou a se reunir com ministros para avaliar a situa\u00e7\u00e3o. Ele esteve com 10 ministros e o secret\u00e1rio da Receita Federal, Jorge Rachid. De acordo com o blog do jornalista Gerson Camarotti, o governo espera que pode fechar um novo acordo com caminhoneiros.<\/p>\n<p style=\"text-align: justify;\">Um primeiro acordo com entidades que representam caminhoneiros chegou a ser anunciado na quinta, contudo, a paralisa\u00e7\u00e3o n\u00e3o teve fim.<\/p>\n<p style=\"text-align: justify;\">Temer criou um gabinete para monitorar a situa\u00e7\u00e3o e tra\u00e7ar estrat\u00e9gias para restabelecer o abastecimento de itens como combust\u00edvel, alimentos e medicamentos.<\/p>\n<p style=\"text-align: justify;\">De acordo com a Pol\u00edcia Rodovi\u00e1ria Federal (PRF), at\u00e9 as 22h deste s\u00e1bado (26), havia 554 pontos de bloqueio nas estradas do pa\u00eds. Segundo a PRF, contudo, a maior parte \u00e9 de bloqueios parciais, &#8220;sem preju\u00edzo \u00e0 livre circula\u00e7\u00e3o&#8221;.<\/p>\n<p>&nbsp;<\/p>\n<p><a href=\"https:\/\/senoticias.com.br\/se\/wp-content\/uploads\/2018\/05\/Logomarca-fone-SE-4-2-1-1.jpg\"><img loading=\"lazy\" decoding=\"async\" class=\"aligncenter size-full wp-image-113061\" src=\"https:\/\/senoticias.com.br\/se\/wp-content\/uploads\/2018\/05\/Logomarca-fone-SE-4-2-1-1.jpg\" alt=\"\" width=\"599\" height=\"78\" srcset=\"https:\/\/senoticias.com.br\/se\/wp-content\/uploads\/2018\/05\/Logomarca-fone-SE-4-2-1-1.jpg 599w, https:\/\/senoticias.com.br\/se\/wp-content\/uploads\/2018\/05\/Logomarca-fone-SE-4-2-1-1-300x39.jpg 300w\" sizes=\"(max-width: 599px) 100vw, 599px\" \/><\/a><\/p>\n<p>&nbsp;<\/p>\n<p><em><strong>Acompanhe tamb\u00e9m o SE Not\u00edcias no<\/strong><span class=\"apple-converted-space\"><b>\u00a0<\/b><\/span><a href=\"https:\/\/twitter.com\/Senoticias\" target=\"_blank\" rel=\"noopener\"><b>Twitter<\/b><\/a><strong>,<\/strong><span class=\"apple-converted-space\"><b>\u00a0<\/b><\/span><a href=\"https:\/\/www.facebook.com\/senoticias1\" target=\"_blank\" rel=\"noopener\"><b>Facebook<\/b><span class=\"apple-converted-space\"><b>\u00a0<\/b><\/span><\/a><strong>e no<\/strong><span class=\"apple-converted-space\"><b>\u00a0<\/b><\/span><a href=\"https:\/\/www.instagram.com\/senoticias\/\" target=\"_blank\" rel=\"noopener\"><b>Instagram<\/b><\/a><\/em><\/p>\n<p>&nbsp;<\/p>\n<p><em>Por Guilherme Mazui, <a href=\"https:\/\/g1.globo.com\/politica\/noticia\/pelo-twitter-comandante-do-exercito-afirma-que-ordem-e-negociar-para-evitar-conflitos-na-greve-dos-caminhoneiros.ghtml\"><strong>G1<\/strong><\/a>, Bras\u00edlia<\/em><\/p>\n","protected":false},"excerpt":{"rendered":"<p>O comandante do Ex\u00e9rcito, general Eduardo Villas B\u00f4as, afirmou neste domingo (27) pelo Twitter que a \u201cdiretriz operacional\u201d para atua\u00e7\u00e3o de militares no desbloqueio de rodovias \u00e9 negociar para \u201cevitar conflitos\u201d. A paralisa\u00e7\u00e3o de caminhoneiros contra a alta do pre\u00e7o do diesel chegou ao s\u00e9timo dia neste domingo. O governo tenta fechar um novo acordo [&hellip;]<\/p>\n","protected":false},"author":6552,"featured_media":113267,"comment_status":"closed","ping_status":"closed","sticky":false,"template":"","format":"standard","meta":{"footnotes":""},"categories":[15],"tags":[9945,9944,1951,3794,9943,377],"class_list":{"0":"post-113266","1":"post","2":"type-post","3":"status-publish","4":"format-standard","5":"has-post-thumbnail","7":"category-destaques","8":"tag-alta-do-preco-do-diesel","9":"tag-comandante-do-exercito","10":"tag-michel-temer","11":"tag-ministro-da-defesa","12":"tag-paralisacao-dos-caminhoneiros","13":"tag-villas-boas"},"_links":{"self":[{"href":"https:\/\/senoticias.com.br\/se\/wp-json\/wp\/v2\/posts\/113266"}],"collection":[{"href":"https:\/\/senoticias.com.br\/se\/wp-json\/wp\/v2\/posts"}],"about":[{"href":"https:\/\/senoticias.com.br\/se\/wp-json\/wp\/v2\/types\/post"}],"author":[{"embeddable":true,"href":"https:\/\/senoticias.com.br\/se\/wp-json\/wp\/v2\/users\/6552"}],"replies":[{"embeddable":true,"href":"https:\/\/senoticias.com.br\/se\/wp-json\/wp\/v2\/comments?post=113266"}],"version-history":[{"count":0,"href":"https:\/\/senoticias.com.br\/se\/wp-json\/wp\/v2\/posts\/113266\/revisions"}],"wp:featuredmedia":[{"embeddable":true,"href":"https:\/\/senoticias.com.br\/se\/wp-json\/wp\/v2\/media\/113267"}],"wp:attachment":[{"href":"https:\/\/senoticias.com.br\/se\/wp-json\/wp\/v2\/media?parent=113266"}],"wp:term":[{"taxonomy":"category","embeddable":true,"href":"https:\/\/senoticias.com.br\/se\/wp-json\/wp\/v2\/categories?post=113266"},{"taxonomy":"post_tag","embeddable":true,"href":"https:\/\/senoticias.com.br\/se\/wp-json\/wp\/v2\/tags?post=113266"}],"curies":[{"name":"wp","href":"https:\/\/api.w.org\/{rel}","templated":true}]}}