{"id":113205,"date":"2018-05-24T15:33:37","date_gmt":"2018-05-24T18:33:37","guid":{"rendered":"https:\/\/senoticias.com.br\/se\/?p=113205"},"modified":"2018-05-24T15:33:37","modified_gmt":"2018-05-24T18:33:37","slug":"petrobras-reduz-preco-da-gasolina-pelo-terceiro-dia-consecutivo-valor-do-diesel-e-mantido","status":"publish","type":"post","link":"https:\/\/senoticias.com.br\/se\/petrobras-reduz-preco-da-gasolina-pelo-terceiro-dia-consecutivo-valor-do-diesel-e-mantido\/","title":{"rendered":"Petrobras reduz pre\u00e7o da gasolina pelo terceiro dia consecutivo; valor do diesel \u00e9 mantido"},"content":{"rendered":"<p style=\"text-align: justify\"><span style=\"color: #000000\">A Petrobras anunciou hoje (24) a terceira redu\u00e7\u00e3o consecutiva do pre\u00e7o da gasolina. A partir de amanh\u00e3, o litro do combust\u00edvel passar\u00e1 a custar R$ 2,016 nas refinarias da estatal, uma queda de 0,72% em rela\u00e7\u00e3o ao pre\u00e7o atual (R$ 2,0306).<\/span><\/p>\n<div id=\"attachment_43706\" style=\"width: 600px\" class=\"wp-caption aligncenter\"><a href=\"https:\/\/senoticias.com.br\/se\/wp-content\/uploads\/2013\/01\/size_590_gasolina.jpg\"><img loading=\"lazy\" decoding=\"async\" aria-describedby=\"caption-attachment-43706\" class=\"wp-image-43706 size-full\" src=\"https:\/\/senoticias.com.br\/se\/wp-content\/uploads\/2013\/01\/size_590_gasolina.jpg\" alt=\"\" width=\"590\" height=\"443\" srcset=\"https:\/\/senoticias.com.br\/se\/wp-content\/uploads\/2013\/01\/size_590_gasolina.jpg 590w, https:\/\/senoticias.com.br\/se\/wp-content\/uploads\/2013\/01\/size_590_gasolina-300x225.jpg 300w, https:\/\/senoticias.com.br\/se\/wp-content\/uploads\/2013\/01\/size_590_gasolina-342x256.jpg 342w, https:\/\/senoticias.com.br\/se\/wp-content\/uploads\/2013\/01\/size_590_gasolina-60x45.jpg 60w, https:\/\/senoticias.com.br\/se\/wp-content\/uploads\/2013\/01\/size_590_gasolina-150x113.jpg 150w, https:\/\/senoticias.com.br\/se\/wp-content\/uploads\/2013\/01\/size_590_gasolina-269x201.jpg 269w\" sizes=\"(max-width: 590px) 100vw, 590px\" \/><\/a><p id=\"caption-attachment-43706\" class=\"wp-caption-text\">(Foto: Marcos Santos\/USP Imagens)<\/p><\/div>\n<p style=\"text-align: justify\"><span style=\"color: #000000\">Em tr\u00eas dias, o pre\u00e7o da gasolina acumula queda de 3,39%. Apesar disso, o combust\u00edvel acumula alta de 12,14% em maio.<\/span><\/p>\n<p style=\"text-align: justify\"><span style=\"color: #000000\">O diesel manteve o pre\u00e7o de R$ 2,1016 por litro. Ontem (23), a Petrobras reduziu o valor do combust\u00edvel em 10% nos pr\u00f3ximos 15 dias, devido \u00e0 greve dos caminhoneiros. Motoristas de caminh\u00e3o fazem manifesta\u00e7\u00f5es em todo o pa\u00eds pelo quarto dia devido ao alto custo do diesel.<\/span><\/p>\n<p>&nbsp;<\/p>\n<p><a href=\"https:\/\/senoticias.com.br\/se\/wp-content\/uploads\/2018\/05\/Logomarca-fone-SE-4-2-1-1.jpg\"><img loading=\"lazy\" decoding=\"async\" class=\"aligncenter wp-image-113061 size-full\" src=\"https:\/\/senoticias.com.br\/se\/wp-content\/uploads\/2018\/05\/Logomarca-fone-SE-4-2-1-1.jpg\" alt=\"\" width=\"599\" height=\"78\" srcset=\"https:\/\/senoticias.com.br\/se\/wp-content\/uploads\/2018\/05\/Logomarca-fone-SE-4-2-1-1.jpg 599w, https:\/\/senoticias.com.br\/se\/wp-content\/uploads\/2018\/05\/Logomarca-fone-SE-4-2-1-1-300x39.jpg 300w\" sizes=\"(max-width: 599px) 100vw, 599px\" \/><\/a><\/p>\n<p>Por Ag\u00eancia Brasil<\/p>\n","protected":false},"excerpt":{"rendered":"<p>A Petrobras anunciou hoje (24) a terceira redu\u00e7\u00e3o consecutiva do pre\u00e7o da gasolina. A partir de amanh\u00e3, o litro do combust\u00edvel passar\u00e1 a custar R$ 2,016 nas refinarias da estatal, uma queda de 0,72% em rela\u00e7\u00e3o ao pre\u00e7o atual (R$ 2,0306). Em tr\u00eas dias, o pre\u00e7o da gasolina acumula queda de 3,39%. Apesar disso, o [&hellip;]<\/p>\n","protected":false},"author":6553,"featured_media":0,"comment_status":"closed","ping_status":"closed","sticky":false,"template":"","format":"standard","meta":{"footnotes":""},"categories":[15,2961],"tags":[339,3051,629,223],"class_list":{"0":"post-113205","1":"post","2":"type-post","3":"status-publish","4":"format-standard","6":"category-destaques","7":"category-nacional","8":"tag-aracaju","9":"tag-gasolina","10":"tag-petrobras","11":"tag-sergipe"},"_links":{"self":[{"href":"https:\/\/senoticias.com.br\/se\/wp-json\/wp\/v2\/posts\/113205"}],"collection":[{"href":"https:\/\/senoticias.com.br\/se\/wp-json\/wp\/v2\/posts"}],"about":[{"href":"https:\/\/senoticias.com.br\/se\/wp-json\/wp\/v2\/types\/post"}],"author":[{"embeddable":true,"href":"https:\/\/senoticias.com.br\/se\/wp-json\/wp\/v2\/users\/6553"}],"replies":[{"embeddable":true,"href":"https:\/\/senoticias.com.br\/se\/wp-json\/wp\/v2\/comments?post=113205"}],"version-history":[{"count":0,"href":"https:\/\/senoticias.com.br\/se\/wp-json\/wp\/v2\/posts\/113205\/revisions"}],"wp:attachment":[{"href":"https:\/\/senoticias.com.br\/se\/wp-json\/wp\/v2\/media?parent=113205"}],"wp:term":[{"taxonomy":"category","embeddable":true,"href":"https:\/\/senoticias.com.br\/se\/wp-json\/wp\/v2\/categories?post=113205"},{"taxonomy":"post_tag","embeddable":true,"href":"https:\/\/senoticias.com.br\/se\/wp-json\/wp\/v2\/tags?post=113205"}],"curies":[{"name":"wp","href":"https:\/\/api.w.org\/{rel}","templated":true}]}}