{"id":113197,"date":"2018-05-24T14:22:02","date_gmt":"2018-05-24T17:22:02","guid":{"rendered":"https:\/\/senoticias.com.br\/se\/?p=113197"},"modified":"2018-05-24T14:23:58","modified_gmt":"2018-05-24T17:23:58","slug":"diego-da-costa-e-empossado-diretor-tecnico-do-sergipetec","status":"publish","type":"post","link":"https:\/\/senoticias.com.br\/se\/diego-da-costa-e-empossado-diretor-tecnico-do-sergipetec\/","title":{"rendered":"Diego da Costa \u00e9 empossado diretor t\u00e9cnico do SergipeTec"},"content":{"rendered":"<div class=\"gmail_quote\">\n<div dir=\"ltr\">\n<div>\n<div>\n<div>\n<div class=\"m_5679263306661238205m_-5147796121768538155m_2968703944937114799m_-7318929376178678502m_3798301826515164448gmail_signature\">\n<div dir=\"ltr\">\n<div dir=\"ltr\">\n<div dir=\"ltr\">\n<div dir=\"ltr\">\n<div dir=\"ltr\">\n<p style=\"text-align: justify;\"><span style=\"color: #000000;\">Na presen\u00e7a do secret\u00e1rio de Estado do Desenvolvimento Econ\u00f4mico, da Ci\u00eancia e Tecnologia (Sedetec), Jos\u00e9 Augusto Carvalho, e do presidente do Sergipe Parque Tecnol\u00f3gico (SergipeTec), Manoel Hora, nesta ter\u00e7a-feira, 22, o administrador Diego da Costa foi empossado diretor t\u00e9cnico do Parque Tecnol\u00f3gico. Indicado pelo Conselho Administrativo e eleito pela Assembleia Geral do SergipeTec, Diego \u00e9 vice-presidente do Conselho Regional de Administra\u00e7\u00e3o de Sergipe (CRA\/SE) e j\u00e1 integrou a equipe diretiva da Confedera\u00e7\u00e3o Nacional de Jovens Empres\u00e1rios (Conaje), e fundou e presidiu (2006\/2007) o Conselho de Jovens Empreendedores de Sergipe (CJE\/SE).<\/span><\/p>\n<div id=\"attachment_113198\" style=\"width: 449px\" class=\"wp-caption aligncenter\"><a href=\"https:\/\/senoticias.com.br\/se\/wp-content\/uploads\/2018\/05\/Manoel-e-Diego_AscomSergipeTec.jpg\"><img loading=\"lazy\" decoding=\"async\" aria-describedby=\"caption-attachment-113198\" class=\"size-full wp-image-113198\" src=\"https:\/\/senoticias.com.br\/se\/wp-content\/uploads\/2018\/05\/Manoel-e-Diego_AscomSergipeTec.jpg\" alt=\"\" width=\"439\" height=\"517\" srcset=\"https:\/\/senoticias.com.br\/se\/wp-content\/uploads\/2018\/05\/Manoel-e-Diego_AscomSergipeTec.jpg 439w, https:\/\/senoticias.com.br\/se\/wp-content\/uploads\/2018\/05\/Manoel-e-Diego_AscomSergipeTec-255x300.jpg 255w\" sizes=\"(max-width: 439px) 100vw, 439px\" \/><\/a><p id=\"caption-attachment-113198\" class=\"wp-caption-text\">Administrador, Diego da Costa \u00e9 empossado diretor t\u00e9cnico do SergipeTec (foto: ascom\/Sergipe Tec)<\/p><\/div>\n<p style=\"text-align: justify;\">\u201cEstou muito feliz e satisfeito de estar aqui, para contribuir com voc\u00eas. Sei que os desafios s\u00e3o grandes e, para isso, me coloco \u00e0 disposi\u00e7\u00e3o de toda a equipe. Vamos construir e desenvolver, juntos, esse trabalho que j\u00e1 vem sendo realizado \u2013 com \u00eaxito \u2013 por todos os diretores e demais colaboradores. Com o tempo, vamos dialogando e vendo o que \u00e9 poss\u00edvel ser feito em cada a\u00e7\u00e3o, desafio e oportunidade. Muito obrigado pela aten\u00e7\u00e3o e acolhida. Estamos juntos!\u201d, afirmou Diego.<\/p>\n<p style=\"text-align: justify;\">\u201cNosso ambiente de trabalho \u00e9 bem harm\u00f4nico, nossa equipe \u00e9 muito dedicada, qualificada e comprometida com o que faz. A casa tem grandes e magn\u00edf\u00edcos objetivos, e, agora, vamos, juntos, \u2018tocar o barco\u2019, em busca, especialmente, da atra\u00e7\u00e3o de empresas de base tecnol\u00f3gica e de parceiros, que possam nos auxiliar nesse processo. Seja muito bem-vindo e vamos trabalhar!\u201d, pontuou Manoel Hora.<\/p>\n<\/div>\n<\/div>\n<\/div>\n<\/div>\n<\/div>\n<\/div>\n<\/div>\n<div class=\"yj6qo\"><\/div>\n<div class=\"adL\"><a href=\"https:\/\/senoticias.com.br\/se\/wp-content\/uploads\/2018\/05\/Logomarca-fone-SE-4-2-1-1.jpg\"><img loading=\"lazy\" decoding=\"async\" class=\"aligncenter size-full wp-image-113061\" src=\"https:\/\/senoticias.com.br\/se\/wp-content\/uploads\/2018\/05\/Logomarca-fone-SE-4-2-1-1.jpg\" alt=\"\" width=\"599\" height=\"78\" srcset=\"https:\/\/senoticias.com.br\/se\/wp-content\/uploads\/2018\/05\/Logomarca-fone-SE-4-2-1-1.jpg 599w, https:\/\/senoticias.com.br\/se\/wp-content\/uploads\/2018\/05\/Logomarca-fone-SE-4-2-1-1-300x39.jpg 300w\" sizes=\"(max-width: 599px) 100vw, 599px\" \/><\/a><\/div>\n<\/div>\n<\/div>\n<\/div>\n<\/div>\n<div><\/div>\n<div><\/div>\n<div><em><strong>Acompanhe tamb\u00e9m o SE Not\u00edcias no<\/strong><span class=\"apple-converted-space\"><b>\u00a0<\/b><\/span><a href=\"https:\/\/twitter.com\/Senoticias\" target=\"_blank\" rel=\"noopener\"><b>Twitter<\/b><\/a><strong>,<\/strong><span class=\"apple-converted-space\"><b>\u00a0<\/b><\/span><a href=\"https:\/\/www.facebook.com\/senoticias1\" target=\"_blank\" rel=\"noopener\"><b>Facebook<\/b><span class=\"apple-converted-space\"><b>\u00a0<\/b><\/span><\/a><strong>e no<\/strong><span class=\"apple-converted-space\"><b>\u00a0<\/b><\/span><a href=\"https:\/\/www.instagram.com\/senoticias\/\" target=\"_blank\" rel=\"noopener\"><b>Instagram<\/b><\/a><\/em><\/div>\n<div><\/div>\n<div><em>Assessoria de Comunica\u00e7\u00e3o<\/em><br \/>\n<em>Sergipe Parque Tecnol\u00f3gico (SergipeTec)<\/em><\/div>\n<div class=\"gmail_quote\">\n<div class=\"adL\"><\/div>\n<\/div>\n","protected":false},"excerpt":{"rendered":"<p>Na presen\u00e7a do secret\u00e1rio de Estado do Desenvolvimento Econ\u00f4mico, da Ci\u00eancia e Tecnologia (Sedetec), Jos\u00e9 Augusto Carvalho, e do presidente do Sergipe Parque Tecnol\u00f3gico (SergipeTec), Manoel Hora, nesta ter\u00e7a-feira, 22, o administrador Diego da Costa foi empossado diretor t\u00e9cnico do Parque Tecnol\u00f3gico. Indicado pelo Conselho Administrativo e eleito pela Assembleia Geral do SergipeTec, Diego \u00e9 [&hellip;]<\/p>\n","protected":false},"author":6552,"featured_media":113198,"comment_status":"closed","ping_status":"closed","sticky":false,"template":"","format":"standard","meta":{"footnotes":""},"categories":[6],"tags":[9916,1818],"class_list":{"0":"post-113197","1":"post","2":"type-post","3":"status-publish","4":"format-standard","5":"has-post-thumbnail","7":"category-politica","8":"tag-diego-da-costa","9":"tag-sergipetec"},"_links":{"self":[{"href":"https:\/\/senoticias.com.br\/se\/wp-json\/wp\/v2\/posts\/113197"}],"collection":[{"href":"https:\/\/senoticias.com.br\/se\/wp-json\/wp\/v2\/posts"}],"about":[{"href":"https:\/\/senoticias.com.br\/se\/wp-json\/wp\/v2\/types\/post"}],"author":[{"embeddable":true,"href":"https:\/\/senoticias.com.br\/se\/wp-json\/wp\/v2\/users\/6552"}],"replies":[{"embeddable":true,"href":"https:\/\/senoticias.com.br\/se\/wp-json\/wp\/v2\/comments?post=113197"}],"version-history":[{"count":0,"href":"https:\/\/senoticias.com.br\/se\/wp-json\/wp\/v2\/posts\/113197\/revisions"}],"wp:featuredmedia":[{"embeddable":true,"href":"https:\/\/senoticias.com.br\/se\/wp-json\/wp\/v2\/media\/113198"}],"wp:attachment":[{"href":"https:\/\/senoticias.com.br\/se\/wp-json\/wp\/v2\/media?parent=113197"}],"wp:term":[{"taxonomy":"category","embeddable":true,"href":"https:\/\/senoticias.com.br\/se\/wp-json\/wp\/v2\/categories?post=113197"},{"taxonomy":"post_tag","embeddable":true,"href":"https:\/\/senoticias.com.br\/se\/wp-json\/wp\/v2\/tags?post=113197"}],"curies":[{"name":"wp","href":"https:\/\/api.w.org\/{rel}","templated":true}]}}