{"id":113178,"date":"2018-05-23T15:12:11","date_gmt":"2018-05-23T18:12:11","guid":{"rendered":"https:\/\/senoticias.com.br\/se\/?p=113178"},"modified":"2018-05-23T15:12:11","modified_gmt":"2018-05-23T18:12:11","slug":"ssp-detalha-operacao-que-investigou-o-homicidio-do-capitao-pm-oliveira","status":"publish","type":"post","link":"https:\/\/senoticias.com.br\/se\/ssp-detalha-operacao-que-investigou-o-homicidio-do-capitao-pm-oliveira\/","title":{"rendered":"SSP detalha opera\u00e7\u00e3o que investigou o homic\u00eddio do capit\u00e3o PM Oliveira"},"content":{"rendered":"<p style=\"text-align: justify\"><span style=\"color: #000000\">A Pol\u00edcia Civil do Estado de Sergipe, por meio do Complexo de Opera\u00e7\u00f5es Policiais Especiais (Cope), realizou na manh\u00e3 desta quarta-feira, 23, uma entrevista coletiva na sede da Academia de Pol\u00edcia Civil (Acadepol), para dar detalhes sobre a Opera\u00e7\u00e3o Rubic\u00e3o, deflagrada na \u00faltima sexta-feira, dia 19, para cumprir dez mandados de pris\u00e3o relacionados ao crime que vitimou o comandante da Companhia Independente de Opera\u00e7\u00f5es Policiais em \u00c1rea de Caatinga (Ciopac), capit\u00e3o Manoel Alves de Oliveira Santos, 42 anos, no dia 04 de abril de 2018. Na oportunidade, o governador Belivaldo Chagas assinou o decreto para a nomea\u00e7\u00e3o de 15 agentes de Pol\u00edcia Civil.<\/span><\/p>\n<p style=\"text-align: justify\"><span style=\"color: #000000\">Al\u00e9m de contar com a presen\u00e7a do governador do Estado, Belivaldo Chagas, participaram da coletiva o secret\u00e1rio da Seguran\u00e7a P\u00fablica de Sergipe, delegado Jo\u00e3o Eloy de Menezes; o secret\u00e1rio de Justi\u00e7a de Sergipe, Cristiano Barreto; a delegada-geral da Pol\u00edcia Civil, Katarina Feitoza; o diretor do Centro de Opera\u00e7\u00f5es Policiais Especiais (COPE), delegado Dernival Eloi; o comandante da Pol\u00edcia Militar, coronel Marcone Cabral; e os peritos do Instituto de Criminal\u00edstica Fabr\u00edcio Rodrigues e H\u00e9rico Santos.<\/span><\/p>\n<div id=\"attachment_113179\" style=\"width: 609px\" class=\"wp-caption aligncenter\"><a href=\"https:\/\/senoticias.com.br\/se\/wp-content\/uploads\/2018\/05\/ssp-opera\u00e7\u00e3o-SENOTICIAS-e1527099044590.png\"><img loading=\"lazy\" decoding=\"async\" aria-describedby=\"caption-attachment-113179\" class=\"wp-image-113179 size-full\" src=\"https:\/\/senoticias.com.br\/se\/wp-content\/uploads\/2018\/05\/ssp-opera\u00e7\u00e3o-SENOTICIAS-e1527099044590.png\" alt=\"\" width=\"599\" height=\"330\" \/><\/a><p id=\"caption-attachment-113179\" class=\"wp-caption-text\">Foto: SSP<\/p><\/div>\n<p style=\"text-align: justify\"><span style=\"color: #000000\"><strong>Per\u00edcia<\/strong><\/span><\/p>\n<p style=\"text-align: justify\"><span style=\"color: #000000\">A coletiva foi iniciada com a apresenta\u00e7\u00e3o dos trabalhos dos peritos do Instituto de Criminal\u00edstica na an\u00e1lise do material colhido na cena do crime, a exemplo dos estojos das muni\u00e7\u00f5es deflagradas contra o oficial da PM, como tamb\u00e9m da per\u00edcia do ve\u00edculo.<\/span><\/p>\n<p style=\"text-align: justify\"><span style=\"color: #000000\">&#8220;Atrav\u00e9s dos materias que foram coletados, foi poss\u00edvel reconstituir a din\u00e2mica da a\u00e7\u00e3o criminosa at\u00e9 o momento em que o carro foi incendiado. As an\u00e1lises foram embasadas nas medi\u00e7\u00f5es feitas no local, coletas de c\u00e1psulas e proj\u00e9teis, e nos exames papilosc\u00f3picos realizados nos ve\u00edculos e no corpo da v\u00edtima. Os materiais recolhidos foram coletados e encaminhados ao IC para a realiza\u00e7\u00e3o dos procedimentos investigativos. A partir de exames descritivos nos proj\u00e9teis e da nanocompara\u00e7\u00e3o bal\u00edstica, feita pela Criminal\u00edstica, foram identificados ao menos tr\u00eas tipos de armas utilizadas na a\u00e7\u00e3o criminosa &#8211; calibres 12, 18 e ponto 40&#8221;, explicou o perito H\u00e9rico Santos.<\/span><\/p>\n<p style=\"text-align: justify\"><span style=\"color: #000000\">A per\u00edcia tamb\u00e9m identificou a dist\u00e2ncia da qual teve in\u00edcio a a\u00e7\u00e3o criminosa &#8211; cerca de 43 metros do ve\u00edculo da v\u00edtima &#8211; e tamb\u00e9m dire\u00e7\u00f5es de onde partiram os disparos. &#8220;Os carros queimado e o do capit\u00e3o Oliveira foram periciados e tiveram seus sinais identificadores analisados&#8221;, salientou o perito Fabr\u00edcio Rodrigues.<\/span><\/p>\n<p style=\"text-align: justify\"><span style=\"color: #000000\">Logo em seguida, foi a vez do secret\u00e1rio da SSP, Jo\u00e3o Eloy de Menezes, iniciar a fala agradecendo a presen\u00e7a de Belivaldo Chagas, principalmente pelo apoio que o governador deu, para se chegar a elucida\u00e7\u00e3o do crime. Logo em seguida, ele falou sobre o crime brutal cometido contra o capit\u00e3o e como as for\u00e7as de seguran\u00e7a p\u00fablica reagiram para desvendar o crime. &#8220;Foi um crime b\u00e1rbaro, que chocou toda a sociedade pela forma covarde como o capit\u00e3o Oliveira foi assassinado, onde esses cinco, seis indiv\u00edduos encurralaram o oficial que estava saindo do seu trabalho e teve sua vida ceifada, mas gra\u00e7as ao trabalho desempenhado por todos que participaram da opera\u00e7\u00e3o, conseguimos \u00eaxito na captura dos envolvidos&#8221;, destacou.<\/span><\/p>\n<p style=\"text-align: justify\"><span style=\"color: #000000\">O secret\u00e1rio Jo\u00e3o Eloy finalizou seu discurso deixando um recado para os criminosos: &#8220;enquanto eu estiver na Secretaria, enquanto eu for delegado de pol\u00edcia, quem ousar afrontar os profissionais que atuam na Seguran\u00e7a P\u00fablica, tenha a certeza que a pol\u00edcia n\u00e3o vai descansar at\u00e9 fazer a pris\u00e3o dos criminosos. Iremos at\u00e9 o fim para efetuar a pris\u00e3o desses indiv\u00edduos. Eles podem correr para onde forem, mas a popula\u00e7\u00e3o tenha a certeza de que a pol\u00edcia atr\u00e1s de forma incessante&#8221;.<\/span><\/p>\n<p style=\"text-align: justify\"><span style=\"color: #000000\">Em seguida, foi a vez da delegada-geral, Katarina feitoza, enaltecer o trabalho em conjunto e tamb\u00e9m explicar o andamento da investiga\u00e7\u00e3o, inclusive, relatando os envolvidos no crime que vieram a \u00f3bito em confronto com a pol\u00edcia, sendo os primeiros os irm\u00e3os Osmar de Lima Nunes, vulgo &#8220;Nen\u00ea filho do finado Lima&#8221;, 23 anos; e Lucas de Lima Nunes, 22 anos, fato ocorrido no \u00faltimo dia 09, no munic\u00edpio de Po\u00e7o Redondo. &#8220;Os irm\u00e3os eram acusados de dar suporte a quatro homens que executaram o capit\u00e3o Manoel Oliveira. Na \u00e9poca, os investigadores decidiram n\u00e3o confirmar as informa\u00e7\u00f5es por conta do avan\u00e7o dos trabalhos no inqu\u00e9rito policial. Lucas e Osmar s\u00e3o acusados tamb\u00e9m de darem suporte log\u00edstico depois da execu\u00e7\u00e3o do oficial da PM, incendiando o ve\u00edculo modelo Corolla a fim de despistar a pol\u00edcia e facilitar a fuga dos executores&#8221;, ressaltou.<\/span><\/p>\n<p style=\"text-align: justify\">\n<span style=\"color: #000000\">Presente na coletiva, o diretor do Cope, delegado Dernival Eloi, continuou explicando sobre a deflagra\u00e7\u00e3o da Opera\u00e7\u00e3o Rubic\u00e3o, ocorrida em Sergipe e munic\u00edpios do sert\u00e3o baiano, al\u00e9m da participa\u00e7\u00e3o dos envolvidos e motiva\u00e7\u00e3o do crime. &#8220;No dia 18, deflagramos a opera\u00e7\u00e3o Rubic\u00e3o, quando Jos\u00e9 Cl\u00e1udio Teles Ferreira, conhecido como &#8220;Cl\u00e1udio de Tonho de Herc\u00edlio&#8221;, 31 anos; e Aldair Santos Hora, 20 anos, naturais de Pedro Alexandre\/BA morreram em confronto em Po\u00e7o Redondo. No mesmo dia, em Aracaju, reagiram \u00e0 a\u00e7\u00e3o policial Edu dos Santos Oliveira, 28 anos; e Ant\u00f4nio Braz dos Santos Neto, 46 anos, ex-policial militar expulso da corpora\u00e7\u00e3o no ano de 2003 e acusado de envolvimento no assassinato do ent\u00e3o deputado estadual Joaldo Barbosa&#8221;, destacou.<\/span><\/p>\n<p style=\"text-align: justify\"><span style=\"color: #000000\">No estado vizinho, toda a\u00e7\u00e3o foi realizada simultaneamente no dia 18 de maio, onde na oportunidade o l\u00edder da organiza\u00e7\u00e3o criminosa, identificado como Jackson dos Santos, 29 anos, natural da cidade de Pedro Alexandre\/BA, foi morto na cidade de Barreiras\/BA. O pai dele, identificado como Jos\u00e9 da Silva, vulgo &#8220;Z\u00e9 de Man\u00e9 Doid\u00e3o&#8221;, tamb\u00e9m foi morto em confronto com a Pol\u00edcia.<\/span><\/p>\n<p style=\"text-align: justify\"><span style=\"color: #000000\">&#8220;Nas cidades de Crist\u00f3polis e Paulo Afonso, respectivamente, reagiram \u00e0 a\u00e7\u00e3o da pol\u00edcia Ernane da Mota Pereira, vulgo &#8220;Alem\u00e3o&#8221;, 29 anos, residente de Crist\u00f3polis\/BA e Renan Oliveira Santos, vulgo &#8220;Cavalo do C\u00e3o&#8221;, 26 anos, natural de Pedro Alexandre\/BA&#8221;, disse Dernival Eloi.<\/span><\/p>\n<p style=\"text-align: justify\"><span style=\"color: #000000\"><strong>Presos<\/strong><\/span><\/p>\n<p style=\"text-align: justify\"><span style=\"color: #000000\">O diretor do Cope tamb\u00e9m falou sobre a pris\u00e3o de tr\u00eas suspeitos durante a opera\u00e7\u00e3o, identificados como Izaiane Maiara Menezes Neto, 32 anos, esposa de Jackson; o empres\u00e1rio Marcones Silva Lima, 33 anos, acusado dar suporte para fuga de Jackson e o pai, &#8220;Z\u00e9 de Man\u00e9 Doid\u00e3o&#8221;; outro suspeito preso durante as investiga\u00e7\u00f5es foi Jasson Souza de Jesus, vulgo &#8220;Vaqueiro de Jo\u00e3o Alves&#8221;, 23 anos.<\/span><\/p>\n<p style=\"text-align: justify\"><span style=\"color: #000000\">&#8220;Em depoimento, Marcones afirmou que ap\u00f3s o crime, Jackson e o pai fugiram para a regi\u00e3o oeste da Bahia assustados com a repercuss\u00e3o da a\u00e7\u00e3o criminosa. Ainda segundo o depoimento, Marcones detalha que &#8220;Z\u00e9 de Man\u00e9 Doid\u00e3o&#8221;, cujo hist\u00f3rico de pistolagem \u00e9 longo na regi\u00e3o de Pedro Alexandre, estaria preocupado com as propor\u00e7\u00f5es que o crime cometido pelo filho poderia tomar, afirmando que foi &#8220;uma besteira um milh\u00e3o de vezes maior do que eu j\u00e1 fiz a vida inteira&#8221;&#8221;, frisou.<\/span><\/p>\n<p style=\"text-align: justify\"><span style=\"color: #000000\"><strong>Motiva\u00e7\u00e3o<\/strong><\/span><\/p>\n<p style=\"text-align: justify\"><span style=\"color: #000000\">As investiga\u00e7\u00f5es esclarecem que a motiva\u00e7\u00e3o para o crime ocorreu devido ao trabalho de repress\u00e3o que vinha sendo realizado pelo Capit\u00e3o Oliveira, que no ano de 2017, durante a\u00e7\u00f5es da Caatinga, alvejou dois homens acusados de crime de pistolagem. Dentre esses suspeitos est\u00e1 o homem identificado como Wilson, ex-companheiro de Izaiane Maiara presa durante a opera\u00e7\u00e3o.<\/span><\/p>\n<p style=\"text-align: justify\"><span style=\"color: #000000\">Nomea\u00e7\u00e3o de 15 novos agentes da Pol\u00edcia Civil<\/span><\/p>\n<p style=\"text-align: justify\"><span style=\"color: #000000\">No final da coletiva, o governador de Sergipe, Belivaldo Chagas, falou sobre a import\u00e2ncia do trabalho realizado pelas for\u00e7a da seguran\u00e7a p\u00fablica na elucida\u00e7\u00e3o do crime e destacou o comprometimento do atual governo no intuito de resgatar a sensa\u00e7\u00e3o de seguran\u00e7a da popula\u00e7\u00e3o sergipana. Para isso, o governador a opotunidade para assinar o decreto para a nomea\u00e7\u00e3o de 15 novos agentes da Pol\u00edcia Civil, que refor\u00e7ar\u00e3o os trabalhos tanto na \u00e1rea de intelig\u00eancia e alguns departamentos da capital sergipana.<\/span><\/p>\n<p style=\"text-align: justify\"><span style=\"color: #000000\">&#8220;Vamos fazer o esfor\u00e7o poss\u00edvel e que a gente d\u00ea melhores condi\u00e7\u00f5es de trabalho, n\u00e3o apenas com pessoal, mas com equipamentos que est\u00e3o sendo adquiridos, para oferecer \u00e0 popula\u00e7\u00e3o uma melhor seguran\u00e7a. Inclusive, estamos encaminhando agora para o Governo Federal, um projeto para aquisi\u00e7\u00e3o de armamentos, equipamentos de prote\u00e7\u00e3o, mais viaturas, equipamentos da \u00e1rea de inteligencia, para que a gente possa fazer um trabalho mais forte com o objetivo de deixar a popula\u00e7\u00e3o cada vez mais tranquila, no que diz respeito \u00e0 Secretaria de Seguran\u00e7a P\u00fablica de Sergipe&#8221;, finalizou.<\/span><\/p>\n<p style=\"text-align: justify\"><span style=\"color: #000000\"><strong>Opera\u00e7\u00e3o Rubic\u00e3o<\/strong><\/span><\/p>\n<p style=\"text-align: justify\"><span style=\"color: #000000\">A Opera\u00e7\u00e3o Rubic\u00e3o contou com a participa\u00e7\u00e3o de equipes da Pol\u00edcia Civil, entre elas, agentes e delegados do Centro de Opera\u00e7\u00f5es Policiais Especiais (Cope), como tamb\u00e9m da Divis\u00e3o de Intelig\u00eancia (Dipol) e da Coordenadoria de Pol\u00edcia Civil do Interior (Copci). Em rela\u00e7\u00e3o ao efetivo da Pol\u00edcia Militar, participaram dos trabalhos integrantes da Companhia Independente de Opera\u00e7\u00f5es Policiais em \u00c1rea de Caatinga (Ciopac), Comando de Opera\u00e7\u00f5es Especiais (COE) e 11\u00ba Batalh\u00e3o de Pol\u00edcia Militar (11\u00ba BPM).<\/span><\/p>\n<p style=\"text-align: justify\"><span style=\"color: #000000\">Tamb\u00e9m participaram Companhia Independente de Policiamento Especializado &#8211; Cerrado (Cipe\/Cerrado) e a Companhia Independente de Policiamento Especializado &#8211; Caatinga (Cipe\/Caatinga), unidades da Pol\u00edcia Militar da Bahia.<\/span><\/p>\n<p style=\"text-align: justify\"><strong><span style=\"color: #000000\">Por que Rubic\u00e3o?<\/span><\/strong><\/p>\n<p style=\"text-align: justify\"><span style=\"color: #000000\">O nome da opera\u00e7\u00e3o faz refer\u00eancia a um rio italiano que n\u00e3o poderia ser atravessado pelas tropas romanas por conta de uma lei, mas, ao ser afrontado, J\u00falio C\u00e9sar decide faz\u00ea-lo e sua a\u00e7\u00e3o culmina numa guerra civil. A express\u00e3o &#8220;atravessar o Rubic\u00e3o&#8221; significa a tomada de uma decis\u00e3o perigosa, pensar grande, ou ainda, ultrapassar fronteiras, defrontando-se com um caminho duvidoso e potencialmente perigoso.<\/span><\/p>\n<p>&nbsp;<\/p>\n<p><a href=\"https:\/\/senoticias.com.br\/se\/wp-content\/uploads\/2018\/05\/Logomarca-fone-SE-4-2-1-1.jpg\"><img loading=\"lazy\" decoding=\"async\" class=\"aligncenter wp-image-113061 size-full\" src=\"https:\/\/senoticias.com.br\/se\/wp-content\/uploads\/2018\/05\/Logomarca-fone-SE-4-2-1-1.jpg\" alt=\"\" width=\"599\" height=\"78\" srcset=\"https:\/\/senoticias.com.br\/se\/wp-content\/uploads\/2018\/05\/Logomarca-fone-SE-4-2-1-1.jpg 599w, https:\/\/senoticias.com.br\/se\/wp-content\/uploads\/2018\/05\/Logomarca-fone-SE-4-2-1-1-300x39.jpg 300w\" sizes=\"(max-width: 599px) 100vw, 599px\" \/><\/a><\/p>\n<p>Por SSP\/SE<\/p>\n","protected":false},"excerpt":{"rendered":"<p>A Pol\u00edcia Civil do Estado de Sergipe, por meio do Complexo de Opera\u00e7\u00f5es Policiais Especiais (Cope), realizou na manh\u00e3 desta quarta-feira, 23, uma entrevista coletiva na sede da Academia de Pol\u00edcia Civil (Acadepol), para dar detalhes sobre a Opera\u00e7\u00e3o Rubic\u00e3o, deflagrada na \u00faltima sexta-feira, dia 19, para cumprir dez mandados de pris\u00e3o relacionados ao crime [&hellip;]<\/p>\n","protected":false},"author":6553,"featured_media":0,"comment_status":"closed","ping_status":"closed","sticky":false,"template":"","format":"standard","meta":{"footnotes":""},"categories":[15,7],"tags":[339,9319,9313,373,3135,1303,223,5710,3901],"class_list":{"0":"post-113178","1":"post","2":"type-post","3":"status-publish","4":"format-standard","6":"category-destaques","7":"category-policia","8":"tag-aracaju","9":"tag-caatinga","10":"tag-capitao-oliveira","11":"tag-morte","12":"tag-operacao","13":"tag-policia","14":"tag-sergipe","15":"tag-sertao","16":"tag-ssp"},"_links":{"self":[{"href":"https:\/\/senoticias.com.br\/se\/wp-json\/wp\/v2\/posts\/113178"}],"collection":[{"href":"https:\/\/senoticias.com.br\/se\/wp-json\/wp\/v2\/posts"}],"about":[{"href":"https:\/\/senoticias.com.br\/se\/wp-json\/wp\/v2\/types\/post"}],"author":[{"embeddable":true,"href":"https:\/\/senoticias.com.br\/se\/wp-json\/wp\/v2\/users\/6553"}],"replies":[{"embeddable":true,"href":"https:\/\/senoticias.com.br\/se\/wp-json\/wp\/v2\/comments?post=113178"}],"version-history":[{"count":0,"href":"https:\/\/senoticias.com.br\/se\/wp-json\/wp\/v2\/posts\/113178\/revisions"}],"wp:attachment":[{"href":"https:\/\/senoticias.com.br\/se\/wp-json\/wp\/v2\/media?parent=113178"}],"wp:term":[{"taxonomy":"category","embeddable":true,"href":"https:\/\/senoticias.com.br\/se\/wp-json\/wp\/v2\/categories?post=113178"},{"taxonomy":"post_tag","embeddable":true,"href":"https:\/\/senoticias.com.br\/se\/wp-json\/wp\/v2\/tags?post=113178"}],"curies":[{"name":"wp","href":"https:\/\/api.w.org\/{rel}","templated":true}]}}