{"id":113175,"date":"2018-05-23T14:32:31","date_gmt":"2018-05-23T17:32:31","guid":{"rendered":"https:\/\/senoticias.com.br\/se\/?p=113175"},"modified":"2018-05-23T14:32:31","modified_gmt":"2018-05-23T17:32:31","slug":"petrobras-reduz-preco-da-gasolina-em-062-e-do-diesel-em-115","status":"publish","type":"post","link":"https:\/\/senoticias.com.br\/se\/petrobras-reduz-preco-da-gasolina-em-062-e-do-diesel-em-115\/","title":{"rendered":"Petrobras reduz pre\u00e7o da gasolina em 0,62% e do diesel em 1,15%"},"content":{"rendered":"<p style=\"text-align: justify\"><span style=\"color: #000000\">A Petrobras anunciou nesta quarta-feira (23), pelo segundo dia consecutivo, redu\u00e7\u00e3o nos pre\u00e7os da gasolina e do diesel em suas refinarias. A partir desta quinta (24), o pre\u00e7o da gasolina cair\u00e1 0,62% e custar\u00e1 R$ 2,0306 o litro. O pre\u00e7o do diesel ter\u00e1 redu\u00e7\u00e3o de 1,15% e passar\u00e1 a custar R$ 2,3083, de acordo com a estatal.<\/span><\/p>\n<div id=\"attachment_55665\" style=\"width: 600px\" class=\"wp-caption aligncenter\"><a href=\"https:\/\/senoticias.com.br\/se\/wp-content\/uploads\/2013\/11\/Gasolina.jpg\"><img loading=\"lazy\" decoding=\"async\" aria-describedby=\"caption-attachment-55665\" class=\"wp-image-55665 size-full\" src=\"https:\/\/senoticias.com.br\/se\/wp-content\/uploads\/2013\/11\/Gasolina.jpg\" alt=\"\" width=\"590\" height=\"443\" srcset=\"https:\/\/senoticias.com.br\/se\/wp-content\/uploads\/2013\/11\/Gasolina.jpg 590w, https:\/\/senoticias.com.br\/se\/wp-content\/uploads\/2013\/11\/Gasolina-300x225.jpg 300w, https:\/\/senoticias.com.br\/se\/wp-content\/uploads\/2013\/11\/Gasolina-342x256.jpg 342w, https:\/\/senoticias.com.br\/se\/wp-content\/uploads\/2013\/11\/Gasolina-60x45.jpg 60w, https:\/\/senoticias.com.br\/se\/wp-content\/uploads\/2013\/11\/Gasolina-150x113.jpg 150w, https:\/\/senoticias.com.br\/se\/wp-content\/uploads\/2013\/11\/Gasolina-269x201.jpg 269w\" sizes=\"(max-width: 590px) 100vw, 590px\" \/><\/a><p id=\"caption-attachment-55665\" class=\"wp-caption-text\">Foto: Ag\u00eancia Brasil<\/p><\/div>\n<p style=\"text-align: justify\"><span style=\"color: #000000\">Em dois dias, as quedas acumuladas chegam a 2,69% para a gasolina e a 2,67% para o diesel. Apesar disso, a gasolina acumula altas de 12,95%, em maio, e de 16,76% em um m\u00eas. O diesel soma aumentos de 9,34%, em maio, e de 15,16% em um m\u00eas.<\/span><\/p>\n<p style=\"text-align: justify\"><span style=\"color: #000000\">O alto valor do pre\u00e7o do combust\u00edvel \u00e9 o principal motivo para a manifesta\u00e7\u00e3o nacional dos caminhoneiros, que come\u00e7ou no final da noite de domingo (20).<\/span><\/p>\n<p>&nbsp;<\/p>\n<p><a href=\"https:\/\/senoticias.com.br\/se\/wp-content\/uploads\/2018\/05\/Logomarca-fone-SE-4-2-1-1.jpg\"><img loading=\"lazy\" decoding=\"async\" class=\"aligncenter wp-image-113061 size-full\" src=\"https:\/\/senoticias.com.br\/se\/wp-content\/uploads\/2018\/05\/Logomarca-fone-SE-4-2-1-1.jpg\" alt=\"\" width=\"599\" height=\"78\" srcset=\"https:\/\/senoticias.com.br\/se\/wp-content\/uploads\/2018\/05\/Logomarca-fone-SE-4-2-1-1.jpg 599w, https:\/\/senoticias.com.br\/se\/wp-content\/uploads\/2018\/05\/Logomarca-fone-SE-4-2-1-1-300x39.jpg 300w\" sizes=\"(max-width: 599px) 100vw, 599px\" \/><\/a><\/p>\n<p>Por Ag\u00eancia Brasil<\/p>\n","protected":false},"excerpt":{"rendered":"<p>A Petrobras anunciou nesta quarta-feira (23), pelo segundo dia consecutivo, redu\u00e7\u00e3o nos pre\u00e7os da gasolina e do diesel em suas refinarias. A partir desta quinta (24), o pre\u00e7o da gasolina cair\u00e1 0,62% e custar\u00e1 R$ 2,0306 o litro. O pre\u00e7o do diesel ter\u00e1 redu\u00e7\u00e3o de 1,15% e passar\u00e1 a custar R$ 2,3083, de acordo com [&hellip;]<\/p>\n","protected":false},"author":6553,"featured_media":0,"comment_status":"closed","ping_status":"closed","sticky":false,"template":"","format":"standard","meta":{"footnotes":""},"categories":[15,2961],"tags":[339,370,3052,3051,629,4832,5701,223],"class_list":{"0":"post-113175","1":"post","2":"type-post","3":"status-publish","4":"format-standard","6":"category-destaques","7":"category-nacional","8":"tag-aracaju","9":"tag-brasil","10":"tag-diesel","11":"tag-gasolina","12":"tag-petrobras","13":"tag-postos","14":"tag-precos","15":"tag-sergipe"},"_links":{"self":[{"href":"https:\/\/senoticias.com.br\/se\/wp-json\/wp\/v2\/posts\/113175"}],"collection":[{"href":"https:\/\/senoticias.com.br\/se\/wp-json\/wp\/v2\/posts"}],"about":[{"href":"https:\/\/senoticias.com.br\/se\/wp-json\/wp\/v2\/types\/post"}],"author":[{"embeddable":true,"href":"https:\/\/senoticias.com.br\/se\/wp-json\/wp\/v2\/users\/6553"}],"replies":[{"embeddable":true,"href":"https:\/\/senoticias.com.br\/se\/wp-json\/wp\/v2\/comments?post=113175"}],"version-history":[{"count":0,"href":"https:\/\/senoticias.com.br\/se\/wp-json\/wp\/v2\/posts\/113175\/revisions"}],"wp:attachment":[{"href":"https:\/\/senoticias.com.br\/se\/wp-json\/wp\/v2\/media?parent=113175"}],"wp:term":[{"taxonomy":"category","embeddable":true,"href":"https:\/\/senoticias.com.br\/se\/wp-json\/wp\/v2\/categories?post=113175"},{"taxonomy":"post_tag","embeddable":true,"href":"https:\/\/senoticias.com.br\/se\/wp-json\/wp\/v2\/tags?post=113175"}],"curies":[{"name":"wp","href":"https:\/\/api.w.org\/{rel}","templated":true}]}}